{"id":252150,"date":"2025-11-23T22:40:09","date_gmt":"2025-11-23T22:40:09","guid":{"rendered":"https:\/\/www.europesays.com\/es\/252150\/"},"modified":"2025-11-23T22:40:09","modified_gmt":"2025-11-23T22:40:09","slug":"el-primer-dato-de-ventas-de-kirby-air-riders-no-es-demasiado-positivo","status":"publish","type":"post","link":"https:\/\/www.europesays.com\/es\/252150\/","title":{"rendered":"El primer dato de ventas de Kirby Air Riders no es demasiado positivo"},"content":{"rendered":"<p>Parece que tenemos el primer dato de ventas de <a href=\"https:\/\/www.nintenderos.com\/nintendo-switch-2\/kirby-air-riders-de-masahiro-sakurai-llega-este-ano-a-nintendo-switch-2\/\" rel=\"nofollow noopener\" target=\"_blank\">Kirby Air Riders<\/a>. Son noticias para los fans de <strong>este nuevo juego<\/strong> dirigido por <a href=\"https:\/\/www.nintenderos.com\/2024\/01\/sakurai-detalla-como-es-una-personalizacion-de-videojuego-divertida\/\" rel=\"nofollow noopener\" target=\"_blank\">Masahiro Sakurai<\/a>.<\/p>\n<p>Despu\u00e9s de conocer todo lo compartido en\u00a0<a href=\"https:\/\/www.nintenderos.com\/nintendo-switch-2\/boxart-resumen-completo-y-diferido-en-espanol-del-nintendo-direct-de-kirby-air-riders-19-8-25\" rel=\"nofollow noopener\" target=\"_blank\">su primer Nintendo Direct<\/a>\u00a0y\u00a0<a href=\"https:\/\/www.nintenderos.com\/nintendo-switch-2\/kirby-air-riders-confirma-toneladas-de-detalles-en-su-segundo-nintendo-direct-nuevos-personajes-demo-online-no-dlc-y-mucho-mas\/\" rel=\"nofollow noopener\" target=\"_blank\">segundo Nintendo Direct<\/a>, as\u00ed como\u00a0<a href=\"https:\/\/www.nintenderos.com\/nintendo-switch-2\/ya-ha-arrancado-el-global-test-ride-de-kirby-air-riders-detalles-y-gameplay\/\" rel=\"nofollow noopener\" target=\"_blank\">la demo online<\/a> del juego, ahora nos llega el primer dato de ventas procedente de Reino Unido:<\/p>\n<ul>\n<li data-start=\"118\" data-end=\"203\">\n<p data-start=\"120\" data-end=\"203\">El juego debut\u00f3 en las listas de juegos m\u00e1s vendidos en f\u00edsico del Reino Unido en el <strong data-start=\"180\" data-end=\"200\">puesto n\u00famero 12<\/strong>.<\/p>\n<p>Otros contenidos en esta categor\u00eda:\n<\/li>\n<li data-start=\"204\" data-end=\"268\">\n<p data-start=\"206\" data-end=\"268\">El Reino Unido es el mayor mercado de videojuegos de Europa.<\/p>\n<\/li>\n<li data-start=\"269\" data-end=\"371\">\n<p data-start=\"271\" data-end=\"371\">El software de <strong data-start=\"286\" data-end=\"305\">Nintendo Switch<\/strong> y <strong data-start=\"308\" data-end=\"329\">Nintendo Switch 2<\/strong> tiene un fuerte impacto en ese mercado.<\/p>\n<\/li>\n<li data-start=\"372\" data-end=\"426\">\n<p data-start=\"374\" data-end=\"426\">No se han publicado todos los datos de las listas, se espera que se compartan ma\u00f1ana.<\/p>\n<\/li>\n<\/ul>\n<p data-start=\"429\" data-end=\"523\" data-is-last-node=\"\">Normalmente, los juegos de Nintendo Switch y Switch 2 aparecen entre los <strong data-start=\"505\" data-end=\"522\">diez primeros en sus debuts<\/strong>, por lo que los analistas se\u00f1alan que este dato es algo decepcionante. No obstante, habr\u00e1 que estar atentos a m\u00e1s detalles.<\/p>\n<p>Os recordamos tambi\u00e9n que nosotros hemos publicado nuestro an\u00e1lisis\u00a0<a href=\"https:\/\/www.nintenderos.com\/nintendo-switch-2\/analisis-kirby-air-riders-para-nintendo-switch-2\/\" rel=\"nofollow noopener\" target=\"_blank\">aqu\u00ed<\/a>.<\/p>\n<p>Tras conocer que\u00a0<a href=\"https:\/\/www.nintenderos.com\/nintendo-switch-2\/masahiro-sakurai-confirma-que-kirby-air-riders-es-el-proyecto-secreto-en-el-que-llevaba-trabajando-2-anos\/\" rel=\"nofollow noopener\" target=\"_blank\">este era el proyecto secreto de Sakurai<\/a>\u00a0y\u00a0<a href=\"https:\/\/www.nintenderos.com\/nintendo-switch-2\/kirby-air-riders-desvela-su-desarrolladora-bandai-namco\/\" rel=\"nofollow noopener\" target=\"_blank\">su desarrolladora<\/a>, hemos sabido todo esto. Recordad que el juego se lanza\u00a0<strong>hoy\u00a020 de noviembre de 2025 en Nintendo Switch 2<\/strong>. Tambi\u00e9n se confirm\u00f3 en el pasado su enorme\u00a0<a href=\"https:\/\/www.nintenderos.com\/nintendo-switch-2\/nintendo-sorprende-con-el-enorme-tamano-de-la-descarga-estimado-de-kirby-air-riders\/\" rel=\"nofollow noopener\" target=\"_blank\">tama\u00f1o de descarga<\/a>\u00a0y sus\u00a0<a href=\"https:\/\/www.nintenderos.com\/2025\/08\/kirby-air-riders-es-mas-caro-en-formato-fisico-precios-actualizados\/\" rel=\"nofollow noopener\" target=\"_blank\">precios actualizados<\/a>, as\u00ed como los\u00a0<a href=\"https:\/\/www.nintenderos.com\/2025\/09\/kirby-air-riders-confirma-nuevos-amiibo-y-un-nuevo-nintendo-direct\/\" rel=\"nofollow noopener\" target=\"_blank\">amiibo<\/a>\u00a0para este juego que se lanzan en la misma fecha que el juego y son intercambiables.<\/p>\n<p>\u00bfQu\u00e9 os parece, fans de Masahiro Sakurai y\u00a0<strong>Kirby Air Riders<\/strong>? Os leemos en los comentarios.<\/p>\n<p><a class=\"external\" href=\"https:\/\/mynintendonews.com\/2025\/11\/23\/uk-charts-kirby-air-riders-debuts-at-no-12\/\" rel=\"nofollow noopener\" target=\"_blank\">Fuente<\/a>.<\/p>\n","protected":false},"excerpt":{"rendered":"Parece que tenemos el primer dato de ventas de Kirby Air Riders. Son noticias para los fans de&hellip;\n","protected":false},"author":2,"featured_media":252151,"comment_status":"","ping_status":"","sticky":false,"template":"","format":"standard","meta":{"footnotes":""},"categories":[81],"tags":[119,123,124,25,24,31819,117,121,122,23,118,120],"class_list":{"0":"post-252150","1":"post","2":"type-post","3":"status-publish","4":"format-standard","5":"has-post-thumbnail","7":"category-ciencia-y-tecnologia","8":"tag-ciencia","9":"tag-ciencia-y-tecnologia","10":"tag-cienciaytecnologia","11":"tag-es","12":"tag-espana","13":"tag-kirby-air-riders","14":"tag-science","15":"tag-science-and-technology","16":"tag-scienceandtechnology","17":"tag-spain","18":"tag-technology","19":"tag-tecnologia"},"share_on_mastodon":{"url":"https:\/\/pubeurope.com\/@es\/115601422804849433","error":""},"_links":{"self":[{"href":"https:\/\/www.europesays.com\/es\/wp-json\/wp\/v2\/posts\/252150","targetHints":{"allow":["GET"]}}],"collection":[{"href":"https:\/\/www.europesays.com\/es\/wp-json\/wp\/v2\/posts"}],"about":[{"href":"https:\/\/www.europesays.com\/es\/wp-json\/wp\/v2\/types\/post"}],"author":[{"embeddable":true,"href":"https:\/\/www.europesays.com\/es\/wp-json\/wp\/v2\/users\/2"}],"replies":[{"embeddable":true,"href":"https:\/\/www.europesays.com\/es\/wp-json\/wp\/v2\/comments?post=252150"}],"version-history":[{"count":0,"href":"https:\/\/www.europesays.com\/es\/wp-json\/wp\/v2\/posts\/252150\/revisions"}],"wp:featuredmedia":[{"embeddable":true,"href":"https:\/\/www.europesays.com\/es\/wp-json\/wp\/v2\/media\/252151"}],"wp:attachment":[{"href":"https:\/\/www.europesays.com\/es\/wp-json\/wp\/v2\/media?parent=252150"}],"wp:term":[{"taxonomy":"category","embeddable":true,"href":"https:\/\/www.europesays.com\/es\/wp-json\/wp\/v2\/categories?post=252150"},{"taxonomy":"post_tag","embeddable":true,"href":"https:\/\/www.europesays.com\/es\/wp-json\/wp\/v2\/tags?post=252150"}],"curies":[{"name":"wp","href":"https:\/\/api.w.org\/{rel}","templated":true}]}}