{"id":252156,"date":"2025-11-23T22:43:13","date_gmt":"2025-11-23T22:43:13","guid":{"rendered":"https:\/\/www.europesays.com\/es\/252156\/"},"modified":"2025-11-23T22:43:13","modified_gmt":"2025-11-23T22:43:13","slug":"gabriel-rufian-rotundo-en-la-sexta-sobre-su-dura-intervencion-contra-carlos-mazon","status":"publish","type":"post","link":"https:\/\/www.europesays.com\/es\/252156\/","title":{"rendered":"Gabriel Rufi\u00e1n, rotundo en La Sexta sobre su dura intervenci\u00f3n contra Carlos Maz\u00f3n"},"content":{"rendered":"\n<p> La semana pol\u00edtica arranc\u00f3 este pasado lunes, 17 de noviembre,<strong> con la comisi\u00f3n de investigaci\u00f3n realizada a Carlos Maz\u00f3n en el Congreso de los Diputados, <\/strong>por la gesti\u00f3n de su gobierno en el d\u00eda de la dana. Una esperada comparecencia en las cortes en la que el president en funciones de la Generalitat Valenciana<strong> <\/strong>respondi\u00f3 a las preguntas de los representantes pol\u00edticos. <\/p>\n<p> <strong>Fue Gabriel Rufi\u00e1n, de Esquerra Republicana de Catalunya,<\/strong> quien se mostr\u00f3 de forma m\u00e1s vehemente en su discurso contra el pol\u00edtico valenciano popular. \u00abIn\u00fatil, mentiroso, incapaz, miserable, homicida y psic\u00f3pata. Ojal\u00e1 pague con c\u00e1rcel lo que ha hecho\u00bb, fueron algunos de los duros t\u00e9rminos que pronunci\u00f3 en su comentada intervenci\u00f3n. <\/p>\n<p> Para hacer balance de la comisi\u00f3n, Rufi\u00e1n fue el protagonista de la \u00faltima entrega de <a href=\"https:\/\/www.elconfidencial.com\/television\/programas-tv\/2025-11-02\/la-sexta-xplica-jose-yelamo-delincuente-moreno-bonilla-corta_4240079\/\" target=\"_self\" rel=\"nofollow noopener\">La Sexta Xplica<\/a> de este s\u00e1bado, 22 de noviembre. En una entrevista con Jos\u00e9 Y\u00e9lamo, el presentador del formato de an\u00e1lisis de <a href=\"https:\/\/www.elconfidencial.com\/television\/programas-tv\/2025-11-22\/juan-del-val-millon-euros-premio-planeta-2025-no-lo-he-cobrado_4252713\/\" target=\"_self\" rel=\"nofollow noopener\">La Sexta<\/a>, <strong>el catal\u00e1n reconoc\u00eda que se \u00abqued\u00f3 corto\u00bb e \u00abinsatisfecho\u00bb <\/strong>el pasado lunes en el Congreso. <\/p>\n<p> \u00abMe cargu\u00e9 de una responsabilidad que quiz\u00e1s emocionalmente no es sana, pero creo que deb\u00eda, y no quiero parecer aqu\u00ed ning\u00fan iluminado. Yo quer\u00eda aprovechar la incidencia que tengo <strong>para que este tipo saliera con la cara roja, figuradamente. <\/strong>Llevo semanas pensando en ello, pero los \u00faltimos tres d\u00edas fueron especialmente duros\u00bb, expres\u00f3 sobre su implicaci\u00f3n personal con las v\u00edctimas de la tragedia. <\/p>\n<p> \u00abNo sal\u00ed satisfecho porque no acab\u00e9 con todas las v\u00edctimas de las que quer\u00eda hablar. <strong>Me falt\u00f3 tiempo, pero me qued\u00e9 corto.<\/strong> Lo que tengo claro es que me qued\u00e9 corto\u00bb, asegur\u00f3 Rufi\u00e1n en su conversaci\u00f3n con La Sexta, revelando que \u00abno quer\u00eda\u00bb escuchar las respuestas de Maz\u00f3n: \u00abMe interesaba poco lo que dijera. \u00bfPara que me mintiera?\u00bb. <\/p>\n<p> <strong>\u00abNadie se cree que un presidente de la Generalitat,<\/strong> ese d\u00eda, le dice a sus escoltas que se vayan y \u00e9l camina durante 37 minutos desde el parking hasta el Palau y nadie lo ve.<strong> <\/strong>Eso es mentira\u00bb, denunci\u00f3 el catal\u00e1n, cargando nuevamente contra la gesti\u00f3n de Maz\u00f3n: \u00abPor culpa de la desidia, de la irresponsabilidad y de la miseria pol\u00edtica de este t\u00edo, es que muri\u00f3 gente por la cara. Familias enteras que fueron a buscar a sus hijos al colegio y murieron por el camino\u00bb. <\/p>\n<p> La semana pol\u00edtica arranc\u00f3 este pasado lunes, 17 de noviembre,<strong> con la comisi\u00f3n de investigaci\u00f3n realizada a Carlos Maz\u00f3n en el Congreso de los Diputados, <\/strong>por la gesti\u00f3n de su gobierno en el d\u00eda de la dana. Una esperada comparecencia en las cortes en la que el president en funciones de la Generalitat Valenciana<strong> <\/strong>respondi\u00f3 a las preguntas de los representantes pol\u00edticos. <\/p>\n","protected":false},"excerpt":{"rendered":"La semana pol\u00edtica arranc\u00f3 este pasado lunes, 17 de noviembre, con la comisi\u00f3n de investigaci\u00f3n realizada a Carlos&hellip;\n","protected":false},"author":2,"featured_media":252157,"comment_status":"","ping_status":"","sticky":false,"template":"","format":"standard","meta":{"footnotes":""},"categories":[8],"tags":[17,18,25,24,13,14,11,19,20,9,10,15,16,23,12,21,22],"class_list":{"0":"post-252156","1":"post","2":"type-post","3":"status-publish","4":"format-standard","5":"has-post-thumbnail","7":"category-espana","8":"tag-breaking-news","9":"tag-breakingnews","10":"tag-es","11":"tag-espana","12":"tag-featured-news","13":"tag-featurednews","14":"tag-headlines","15":"tag-latest-news","16":"tag-latestnews","17":"tag-news","18":"tag-noticias","19":"tag-noticias-destacadas","20":"tag-noticiasdestacadas","21":"tag-spain","22":"tag-titulares","23":"tag-ultimas-noticias","24":"tag-ultimasnoticias"},"share_on_mastodon":{"url":"https:\/\/pubeurope.com\/@es\/115601434547375541","error":""},"_links":{"self":[{"href":"https:\/\/www.europesays.com\/es\/wp-json\/wp\/v2\/posts\/252156","targetHints":{"allow":["GET"]}}],"collection":[{"href":"https:\/\/www.europesays.com\/es\/wp-json\/wp\/v2\/posts"}],"about":[{"href":"https:\/\/www.europesays.com\/es\/wp-json\/wp\/v2\/types\/post"}],"author":[{"embeddable":true,"href":"https:\/\/www.europesays.com\/es\/wp-json\/wp\/v2\/users\/2"}],"replies":[{"embeddable":true,"href":"https:\/\/www.europesays.com\/es\/wp-json\/wp\/v2\/comments?post=252156"}],"version-history":[{"count":0,"href":"https:\/\/www.europesays.com\/es\/wp-json\/wp\/v2\/posts\/252156\/revisions"}],"wp:featuredmedia":[{"embeddable":true,"href":"https:\/\/www.europesays.com\/es\/wp-json\/wp\/v2\/media\/252157"}],"wp:attachment":[{"href":"https:\/\/www.europesays.com\/es\/wp-json\/wp\/v2\/media?parent=252156"}],"wp:term":[{"taxonomy":"category","embeddable":true,"href":"https:\/\/www.europesays.com\/es\/wp-json\/wp\/v2\/categories?post=252156"},{"taxonomy":"post_tag","embeddable":true,"href":"https:\/\/www.europesays.com\/es\/wp-json\/wp\/v2\/tags?post=252156"}],"curies":[{"name":"wp","href":"https:\/\/api.w.org\/{rel}","templated":true}]}}