{"id":252160,"date":"2025-11-23T22:49:12","date_gmt":"2025-11-23T22:49:12","guid":{"rendered":"https:\/\/www.europesays.com\/es\/252160\/"},"modified":"2025-11-23T22:49:12","modified_gmt":"2025-11-23T22:49:12","slug":"el-exentrenador-de-federer-empodera-aun-mas-a-alcaraz-y-sinner-no-espero-cambios-en-2-o-3-anos-eurosport","status":"publish","type":"post","link":"https:\/\/www.europesays.com\/es\/252160\/","title":{"rendered":"El exentrenador de Federer empodera a\u00fan m\u00e1s a Alcaraz y Sinner: &quot;No espero cambios en 2 o 3 a\u00f1os&quot; &#8211; Eurosport"},"content":{"rendered":"<ol>\n<li><a href=\"https:\/\/news.google.com\/rss\/articles\/CBMi-gFBVV95cUxQNXJTRFlrdlNrSTM5eWZOUWJ4ZmpXOExxc0lySW5PdTNZV0thNXNHbVZfQmlWeFZVU2FKN0lUZGl0Y0dURThRMEItZFFCRDRMdFhScklnLURyWDNlQ0l6VHBULWpUVnlFMjVjc3pCakRpZEFEekVGU1cxelpBMXk2bDlyaEh4TFdEM0dBcVQ4VUEyeGN0aDJjQm5kbWtfcXhaZFBFRlRFeEtqV2JrbkN0Nk1HYUFoc3Vqc2d0RUtaQlE5RTh1UnRVa2g4U2JsZTJ3WUJDdVZlRVZuWkcxSXQzd29kZDBOWi0yZGZxOTk4eGFnUmhrZUh4RzlR?oc=5\" target=\"_blank\" rel=\"nofollow noopener\">El exentrenador de Federer empodera a\u00fan m\u00e1s a Alcaraz y Sinner: \u00abNo espero cambios en 2 o 3 a\u00f1os\u00bb<\/a>&nbsp;&nbsp;Eurosport<\/li>\n<li><a href=\"https:\/\/news.google.com\/rss\/articles\/CBMi7wFBVV95cUxPeWduQjR6bkJkV2hfRVJ3Y1dYbWx4QWUwUEZ2SEVRWlRGNUtRVTMwWHViUmRnWlJGa2VnOXZxSERERnBhTzg1cF9kQXFpYXF0THRReDI3bHJDNXYyS3Fyd1NtNjV1dzBjYzRrYlc1dHFnTHVlYThHVklrekQ4d2tvNDBGaFpTOVprZnI3elNuaElxLUduZ3ZJSUdwUWJOWXRvOWhSS2JCWmh6cUVFZTlEcTEyZ0VqdzB2d1hXeDBqcC1GR3RLdWlUMlFpMFZnQ3NNNTVJTDlYVFhEdGxFa1BQT1pQRkptZC1ndEVoWllzd9IB7wFBVV95cUxPbFJkcTBEXzVJNVZMYVNXLVNRUklDRFBqMlVjSFpOYlhpU05WcDdnS0FvTWVEejh0cHEzYTdUTTc4TWFwTHdaRFZzX01kSGVTYkQwS2FnRHRUSzdic0RWTE0xVmI4aFdnaGdUYmUxN2ZZYW4zSEdtek84ZzRRbWpBWkE2aEVZcU5fX2l5THZiQnVRMFpKbFc1QVRaeEdnMHFyWjNzbjJfQUZwRkVMMVNsZnJkS25wazAyOTlHQUJQMVY0QmY1eG1vQTdHZGV2QXNjQi1fX0dHZTE4TllEMjhucE5aTnA5VzJGOTViQVRSMA?oc=5\" target=\"_blank\" rel=\"nofollow noopener\">La reflexi\u00f3n de una leyenda del tenis sobre la rivalidad Alcaraz-Sinner: \u00abFederer y Djokovic jugaban&#8230;\u00bb<\/a>&nbsp;&nbsp;LaSexta<\/li>\n<li><a href=\"https:\/\/news.google.com\/rss\/articles\/CBMixgFBVV95cUxQZS1rZlZNSWFLTC1jaTRDQVllZFhMTzRzajVVZ1hHVDU5dWNkMzBIdUtGZ0xTSTN0bHkwRnlDRVFXNF9MVW1SSlg0dEI2TEV0UERJeU9udjA3UXJCQVFjYzJWN1M0a1JYZ2EwZUpvU1RMRlBSdFRyU3lYYmxPOGtPUmE2eEdvTmE2T2R1cm5aNVBOdDV4R0swMmk1VmgySy1Ucm55QTRXcG5UVDNQMDJVOTVlNDdfNmN5M1JCLVltS1JvU3k5eVE?oc=5\" target=\"_blank\" rel=\"nofollow noopener\">Roddick se\u00f1ala el gran incentivo para Alcaraz contra Sinner en 2026: \u00abEsta versi\u00f3n es muy diferente\u00bb<\/a>&nbsp;&nbsp;Eurosport<\/li>\n<li><a href=\"https:\/\/news.google.com\/rss\/articles\/CBMiogFBVV95cUxQTXNfcktaZDFjSXVaQ1NIbEhtbmw0TXI4SF93OFZnU1Z2azVCZUc4eFZmMkRNUkNDZFZkTl9WWlpFRDZ5dXZiTWtXaWo4QUhUZ2ktdzB6WGtKS1RrNHM4cVFObG9qSkZiQ2Q3ZHFxcjF3SGp3cjRxSTI1UzJ6VTFOdEhvcDY2U1J1Y1MxR2ZVY2ZYZ1Zxai1Tdm9wVGd5QWZyZ1E?oc=5\" target=\"_blank\" rel=\"nofollow noopener\">El abismo entre Sinner, Alcaraz y los dem\u00e1s<\/a>&nbsp;&nbsp;MSN<\/li>\n<li><a href=\"https:\/\/news.google.com\/rss\/articles\/CBMioAFBVV95cUxNWUtHRnRlSi1QQW5TYzF1WDQ3alVvRXFPQkdEaHNnVXJrQ1d5QUVmQUVWVGNVS1ExTXRuNEEzTDRLNmQ2UkhfMFdJcTFKN0NHWFZLTFhoT1ZxMzU2NjEwN1k4OU9PWGNuVm9uaVlraUFVS2NnTW1Ddkg0ZWhWY0ZRb1FKSnBmRlFRckpucWFKM0xyRTlxaFlZRzdvUkxEVThj?oc=5\" target=\"_blank\" rel=\"nofollow noopener\">Ljubicic: \u00abAlcaraz es algo distinto, es el que genera m\u00e1s entusiasmo en los aficionados\u00bb<\/a>&nbsp;&nbsp;Punto de Break<\/li>\n<\/ol>\n","protected":false},"excerpt":{"rendered":"El exentrenador de Federer empodera a\u00fan m\u00e1s a Alcaraz y Sinner: \u00abNo espero cambios en 2 o 3&hellip;\n","protected":false},"author":2,"featured_media":248356,"comment_status":"","ping_status":"","sticky":false,"template":"","format":"standard","meta":{"footnotes":""},"categories":[274],"tags":[168,25,24,23,167,327,326],"class_list":{"0":"post-252160","1":"post","2":"type-post","3":"status-publish","4":"format-standard","5":"has-post-thumbnail","7":"category-tenis","8":"tag-deportes","9":"tag-es","10":"tag-espana","11":"tag-spain","12":"tag-sports","13":"tag-tenis","14":"tag-tennis"},"share_on_mastodon":{"url":"https:\/\/pubeurope.com\/@es\/115601457972112627","error":""},"_links":{"self":[{"href":"https:\/\/www.europesays.com\/es\/wp-json\/wp\/v2\/posts\/252160","targetHints":{"allow":["GET"]}}],"collection":[{"href":"https:\/\/www.europesays.com\/es\/wp-json\/wp\/v2\/posts"}],"about":[{"href":"https:\/\/www.europesays.com\/es\/wp-json\/wp\/v2\/types\/post"}],"author":[{"embeddable":true,"href":"https:\/\/www.europesays.com\/es\/wp-json\/wp\/v2\/users\/2"}],"replies":[{"embeddable":true,"href":"https:\/\/www.europesays.com\/es\/wp-json\/wp\/v2\/comments?post=252160"}],"version-history":[{"count":0,"href":"https:\/\/www.europesays.com\/es\/wp-json\/wp\/v2\/posts\/252160\/revisions"}],"wp:featuredmedia":[{"embeddable":true,"href":"https:\/\/www.europesays.com\/es\/wp-json\/wp\/v2\/media\/248356"}],"wp:attachment":[{"href":"https:\/\/www.europesays.com\/es\/wp-json\/wp\/v2\/media?parent=252160"}],"wp:term":[{"taxonomy":"category","embeddable":true,"href":"https:\/\/www.europesays.com\/es\/wp-json\/wp\/v2\/categories?post=252160"},{"taxonomy":"post_tag","embeddable":true,"href":"https:\/\/www.europesays.com\/es\/wp-json\/wp\/v2\/tags?post=252160"}],"curies":[{"name":"wp","href":"https:\/\/api.w.org\/{rel}","templated":true}]}}