{"id":252165,"date":"2025-11-23T22:54:10","date_gmt":"2025-11-23T22:54:10","guid":{"rendered":"https:\/\/www.europesays.com\/es\/252165\/"},"modified":"2025-11-23T22:54:10","modified_gmt":"2025-11-23T22:54:10","slug":"no-me-dan-garantias-y-tengo-dolor-cronico","status":"publish","type":"post","link":"https:\/\/www.europesays.com\/es\/252165\/","title":{"rendered":"No me dan garant\u00edas y tengo dolor cr\u00f3nico"},"content":{"rendered":"<p class=\"c-paragraph\">Hace casi tres a\u00f1os, Maribel Sanz reaparec\u00eda en televisi\u00f3n para contar la dura realidad de su vida. La modelo, una de las m\u00e1s famosas de los a\u00f1os 90, se present\u00f3 en el plat\u00f3 de Fiesta para sacar a la luz una lesi\u00f3n que provoc\u00f3 que tuviera que <a href=\"https:\/\/www.20minutos.es\/gente\/maribel-sanz-ex-sergio-dalma-reaparece-television-para-contar-su-infierno-estuve-invalida-tres-meses_5090460_0.html\" rel=\"nofollow noopener\" target=\"_blank\">someterse a una complicada operaci\u00f3n que casi le deja en silla de ruedas<\/a>.<\/p>\n<p class=\"c-paragraph\"><b><b>\u00abEstuve inv\u00e1lida tres meses\u00bb<\/b><\/b>, desvel\u00f3 Maribel, que no aparec\u00eda en la peque\u00f1a pantalla desde 2018. Tal y como cont\u00f3, todo empez\u00f3 con un dolor lumbar que hizo que apenas pudiera sentarse a la hora de conducir o de comer. Por eso fue al m\u00e9dico, donde le hicieron una resonancia donde se vio lo que ten\u00eda:\u00a0<b><b>un problema en la columna vertebral que hab\u00eda provocado un edema que, a s u vez, hab\u00eda desplazado levemente la cadera<\/b><\/b>. \u00abTen\u00eda los nervios pinzados porque me qued\u00e9 sin disco\u00bb.<\/p>\n<p class=\"c-paragraph\">Se desconoce a qu\u00e9 se ha debido esta complicada lesi\u00f3n, Maribel, quien fuera pareja del cantante\u00a0<a href=\"https:\/\/www.20minutos.es\/minuteca\/sergio-dalma\/\" rel=\"nofollow noopener\" target=\"_blank\">Sergo Dalma<\/a>, con quien tuvo un hijo,\u00a0<b><b>ha vivido unos meses muy duros a base de morfina<\/b><\/b>. \u00ab<b><b>En el momento tan duro nadie te puede tocar, ni los fisios ni los m\u00e9dicos\u00bb<\/b><\/b>, cont\u00f3.\u00a0<b><b><b><b>\u00abHe llorado lo que no est\u00e1 escrito\u00bb<\/b><\/b><\/b><\/b>, relat\u00f3 Maribel.<\/p>\n<p class=\"c-paragraph\">Ahora, en una entrevista a <a href=\"https:\/\/www.lecturas.com\/actualidad\/exclusiva-maribel-sanz-se-sincera-lecturas-sobre-su-problema-salud-tengo-lesion-grave-espalda-casi-me-deja-paralitica_184634\" rel=\"nofollow noreferrer noopener\" target=\"_blank\">Lecturas<\/a>, la modelo cuenta que la lesi\u00f3n \u00abtiene dif\u00edcil soluci\u00f3n\u00bb. \u00abNo me quieren operar. No me dan garant\u00edas y tengo dolor cr\u00f3nico\u00bb, asume.<\/p>\n<p class=\"c-paragraph\">\u00abMe hicieron infiltraciones, pero<b> hace tres a\u00f1os probaron con la riz\u00f3lisis<\/b>. Te meten en quir\u00f3fano y te queman los nervios. De esa manera no tienes dolor y puedes hacer una vida normal, pero tienen que tener mucho cuidado para que la m\u00e9dula no coja esa temperatura. Es laborioso\u00bb, cuenta sobre sus \u00faltimas novedades.\u00a0<\/p>\n<p class=\"c-paragraph\">\u00abLa verdad es que <b>me mantengo en pie porque tengo mucha musculatura<\/b>, sino estar\u00eda postrada ya en una cama. <b>A veces voy dopad\u00edsima y se me caen las l\u00e1grimas<\/b>\u00ab, revela la modelo, que dice no echar de menos la televisi\u00f3n.<\/p>\n","protected":false},"excerpt":{"rendered":"Hace casi tres a\u00f1os, Maribel Sanz reaparec\u00eda en televisi\u00f3n para contar la dura realidad de su vida. La&hellip;\n","protected":false},"author":2,"featured_media":252166,"comment_status":"","ping_status":"","sticky":false,"template":"","format":"standard","meta":{"footnotes":""},"categories":[174],"tags":[255,1818,146,147,25,24,25740,256,22165,7457,23,2606],"class_list":{"0":"post-252165","1":"post","2":"type-post","3":"status-publish","4":"format-standard","5":"has-post-thumbnail","7":"category-famosos","8":"tag-celebrities","9":"tag-dura","10":"tag-entertainment","11":"tag-entretenimiento","12":"tag-es","13":"tag-espana","14":"tag-exmujer","15":"tag-famosos","16":"tag-maribel","17":"tag-sanz","18":"tag-spain","19":"tag-vida"},"share_on_mastodon":{"url":"https:\/\/pubeurope.com\/@es\/115601477721001051","error":""},"_links":{"self":[{"href":"https:\/\/www.europesays.com\/es\/wp-json\/wp\/v2\/posts\/252165","targetHints":{"allow":["GET"]}}],"collection":[{"href":"https:\/\/www.europesays.com\/es\/wp-json\/wp\/v2\/posts"}],"about":[{"href":"https:\/\/www.europesays.com\/es\/wp-json\/wp\/v2\/types\/post"}],"author":[{"embeddable":true,"href":"https:\/\/www.europesays.com\/es\/wp-json\/wp\/v2\/users\/2"}],"replies":[{"embeddable":true,"href":"https:\/\/www.europesays.com\/es\/wp-json\/wp\/v2\/comments?post=252165"}],"version-history":[{"count":0,"href":"https:\/\/www.europesays.com\/es\/wp-json\/wp\/v2\/posts\/252165\/revisions"}],"wp:featuredmedia":[{"embeddable":true,"href":"https:\/\/www.europesays.com\/es\/wp-json\/wp\/v2\/media\/252166"}],"wp:attachment":[{"href":"https:\/\/www.europesays.com\/es\/wp-json\/wp\/v2\/media?parent=252165"}],"wp:term":[{"taxonomy":"category","embeddable":true,"href":"https:\/\/www.europesays.com\/es\/wp-json\/wp\/v2\/categories?post=252165"},{"taxonomy":"post_tag","embeddable":true,"href":"https:\/\/www.europesays.com\/es\/wp-json\/wp\/v2\/tags?post=252165"}],"curies":[{"name":"wp","href":"https:\/\/api.w.org\/{rel}","templated":true}]}}