{"id":252191,"date":"2025-11-23T23:20:19","date_gmt":"2025-11-23T23:20:19","guid":{"rendered":"https:\/\/www.europesays.com\/es\/252191\/"},"modified":"2025-11-23T23:20:19","modified_gmt":"2025-11-23T23:20:19","slug":"brendan-fraser-volvera-para-la-momia-4-he-esperado-20-anos","status":"publish","type":"post","link":"https:\/\/www.europesays.com\/es\/252191\/","title":{"rendered":"Brendan Fraser volver\u00e1 para &#8216;La momia 4&#8217;: \u00abHe esperado 20 a\u00f1os\u00bb"},"content":{"rendered":"<p>La industria comercial de Hollywood parece anclada en el eterno retorno de <strong>sus franquicias m\u00e1s memorables<\/strong>. Hace poco supimos que tendremos una Gremlins 3 y este mismo a\u00f1o, vivimos el estreno de <a href=\"https:\/\/okdiario.com\/trailer\/muerte-parece-algo-inevitable-nuevo-trailer-28-anos-despues-14630239\" rel=\"nofollow noopener\" target=\"_blank\">28 a\u00f1os despu\u00e9s<\/a>. Ahora, sabemos que <strong>Brendan Fraser<\/strong> volver\u00e1 para La momia 4 en un regreso que seg\u00fan ha contado \u00e9l mismo, lleva esperando <strong>\u00abesperando 20 a\u00f1os\u00bb<\/strong>. Pero \u00bfqu\u00e9 es lo que sabemos realmente de la continuaci\u00f3n? \u00bfcu\u00e1ndo llegar\u00e1 a los cines? \u00bfvolver\u00e1 el antiguo reparto al completo? A continuaci\u00f3n, repasamos todo lo que de momento sabemos de <strong>la cuarta parte de la fant\u00e1stica saga<\/strong> de aventuras que conquist\u00f3 las salas de cine a principios del siglo XXI.<\/p>\n<p><img loading=\"lazy\" decoding=\"async\" class=\"wp-image-10338466 size-medium\" alt=\"pel\u00edculas La momia\" width=\"620\" height=\"349\"  src=\"https:\/\/www.europesays.com\/es\/wp-content\/uploads\/2025\/11\/la-momia-universal-pictures-4-620x349.jpg\" \/> \u2018La momia\u2019 (Universal Pictures).<\/p>\n<p>La industria no ha dejado de apostar por las secuelas tard\u00edas desde el \u00e9xito mundial de<a href=\"https:\/\/okdiario.com\/trailer\/critica-top-gun-maverick-tom-cruise-resucita-blockbuster-10562581\" rel=\"nofollow noopener\" target=\"_blank\"> Top Gun: Maverick<\/a>. Y el turno parece haberle llegado en este momento a la cinta que en 1999 nos regal\u00f3 la que seguramente sea <strong>la reinvenci\u00f3n moderna<\/strong> m\u00e1s acertada del mito del aventurero (con permiso de Harrison Ford e Indiana Jones). La idea era llevar el g\u00e9nero al mundo egipcio, centrando la trama en la resurrecci\u00f3n sobrenatural del brujo del Fara\u00f3n, Imhotep. Con ello, el protagonista<strong> Rick O\u2019Connell<\/strong> y su improvisado equipo deben evitar que esta momia adquiera su todopoderosa forma final.\u00a0 El resultado fue un taquillazo que acumul\u00f3 <strong>417 millones de d\u00f3lares<\/strong> en el box office internacional, haciendo posible una secuela dos a\u00f1os despu\u00e9s, titulada El regreso de la momia. La continuaci\u00f3n super\u00f3 incluso lo recaudado por su antecesora, expandiendo <strong>el universo mitol\u00f3gico del mundo de Egipto<\/strong> y haciendo que la pareja de protagonistas tuviesen ya un hijo, enfrent\u00e1ndose de nuevo a Imhotep y suponiendo el debut en el mundo cinematogr\u00e1fico de un<strong> <a href=\"https:\/\/okdiario.com\/coolthelifestyle\/relojes-joyas\/dwayne-johnson-roca-despide-accion-pero-no-del-lujo-luce-reloj-oro-rosa-64-000-882017\" rel=\"nofollow noopener\" target=\"_blank\">Dwayne Johnson<\/a> <\/strong>en la piel (en su mayor parte CGI) del Rey Escorpi\u00f3n.<\/p>\n<p><img loading=\"lazy\" decoding=\"async\" class=\"wp-image-9814945 size-medium\" alt=\"Brendan Fraser La momia 4\" width=\"620\" height=\"349\"  src=\"https:\/\/www.europesays.com\/es\/wp-content\/uploads\/2025\/11\/la-momia-universal-pictures-2-620x349.jpg\" \/> \u2018La Momia\u2019 (Universal Pictures).<\/p>\n<p>Sin embargo, el cierre de la trilog\u00eda fue un considerable fracaso de cr\u00edtica y p\u00fablico. Siete a\u00f1os despu\u00e9s del fen\u00f3meno de la segunda parte recaud\u00f3 de nuevo 400 millones, pero esta vez contando con <strong>un presupuesto de 170 millones<\/strong>. La idea de Universal Pictures no es otra que la de resucitar la IP, con Brendan Fraser recuperando su rol para La momia 4, llegando a los cines 18 a\u00f1os despu\u00e9s de aquella fat\u00eddica aventura oriental llamada <strong>La momia: la tumba del emperador Drag\u00f3<\/strong>n.<\/p>\n<p><img loading=\"lazy\" decoding=\"async\" class=\"wp-image-10338489 size-medium\" alt=\"Brendan Fraser La momia 4\" width=\"620\" height=\"349\"  src=\"https:\/\/www.europesays.com\/es\/wp-content\/uploads\/2025\/11\/la-momia-la-tumba-del-emperador-dragon-universal-pictures--620x349.jpg\" \/> \u2018La momia: La tumba del emperador\u2019 (Drag\u00f3n Universal Pictures)<\/p>\n<p>Brendan Fraser regresar\u00e1 para \u2018La momia 4\u2019<\/p>\n<p>En una entrevista reciente, Brendan Fraser ha explicado la motivaci\u00f3n real de que aquella tercera parte trasladase en aquel momento la acci\u00f3n a China y aunque \u00e9l particularmente est\u00e1 contento con el desarrollo de aquella producci\u00f3n, el norteamericano acaba de confirmar que aquella no era la historia que verdaderamente quer\u00eda contar.<\/p>\n<p><img loading=\"lazy\" decoding=\"async\" class=\"size-medium wp-image-10338505\" alt=\"La momia\" width=\"620\" height=\"349\"  src=\"https:\/\/www.europesays.com\/es\/wp-content\/uploads\/2025\/11\/el-regreso-de-la-momia-universal-pictures-620x349.jpg\" \/> \u2018El regreso de la momia\u2019 (Universal Pictures).<\/p>\n<p><strong>\u00abEstoy orgulloso de la tercera, porque funciona por s\u00ed sola, pero no era la historia que yo quer\u00eda contar\u00bb,<\/strong> le explicaba a AP. Por aquel entonces, la motivaci\u00f3n de trasladar la historia de la tercera parte al contexto oriental iba de la mano de la adquisici\u00f3n de los derechos de la NBC para retransmitir los Juegos Ol\u00edmpicos de China.<\/p>\n<p>Ahora parece que la idea original de Fraser vuelve a estar en marcha y por lo visto, el ganador del Oscar por <strong>La ballena<\/strong> vuelve a estar al pie del ca\u00f1\u00f3n del proyecto:<\/p>\n<p><img loading=\"lazy\" decoding=\"async\" class=\"size-medium wp-image-10338497\" alt=\"La momia\" width=\"620\" height=\"349\"  src=\"https:\/\/www.europesays.com\/es\/wp-content\/uploads\/2025\/11\/la-momia-universal-pictures-3-620x349.jpg\" \/> \u2018La momia\u2019 (Universal Pictures)<\/p>\n<p>\u00abHe esperado 20 a\u00f1os para esta llamada\u2026\u00bfAhora? Es el momento de darle a los fans lo que llevan pidiendo tanto tiempo\u00bb, conclu\u00eda.<\/p>\n<p>La agenda de Fraser<\/p>\n<p>Mucho antes de que pueda volver a su papel de Rick O\u2019Connell, Fraser estrenar\u00e1 en Espa\u00f1a, <strong>Rental Family<\/strong>, un drama familiar ubicado en Jap\u00f3n programado para estrenarse el pr\u00f3ximo 9 de enero. Despu\u00e9s, en 2026 compartir\u00e1 elenco con Andrew Scott y Kerry Condon en Pressure y se pondr\u00e1 a las \u00f3rdenes de Barry Levinson en <strong>Assassination<\/strong>.<\/p>\n<p><img loading=\"lazy\" decoding=\"async\" class=\"size-medium wp-image-15218278\" alt=\"Rental Family\" width=\"620\" height=\"349\"  src=\"https:\/\/www.europesays.com\/es\/wp-content\/uploads\/2025\/11\/nnfuqy5wiiyvlhxw6hbr2f_cropped-620x349.jpg\" \/> \u2018Rental Family\u2019 (Fox Searchlight).<\/p>\n<p>Desconocemos si volver\u00e1 el reparto completo paras La Momia 4. Pero lo que parece seguro es que no podremos verla hasta al menos 2027.<\/p>\n","protected":false},"excerpt":{"rendered":"La industria comercial de Hollywood parece anclada en el eterno retorno de sus franquicias m\u00e1s memorables. Hace poco&hellip;\n","protected":false},"author":2,"featured_media":252192,"comment_status":"","ping_status":"","sticky":false,"template":"","format":"standard","meta":{"footnotes":""},"categories":[174],"tags":[255,146,147,25,24,256,23],"class_list":{"0":"post-252191","1":"post","2":"type-post","3":"status-publish","4":"format-standard","5":"has-post-thumbnail","7":"category-famosos","8":"tag-celebrities","9":"tag-entertainment","10":"tag-entretenimiento","11":"tag-es","12":"tag-espana","13":"tag-famosos","14":"tag-spain"},"share_on_mastodon":{"url":"https:\/\/pubeurope.com\/@es\/115601580174403844","error":""},"_links":{"self":[{"href":"https:\/\/www.europesays.com\/es\/wp-json\/wp\/v2\/posts\/252191","targetHints":{"allow":["GET"]}}],"collection":[{"href":"https:\/\/www.europesays.com\/es\/wp-json\/wp\/v2\/posts"}],"about":[{"href":"https:\/\/www.europesays.com\/es\/wp-json\/wp\/v2\/types\/post"}],"author":[{"embeddable":true,"href":"https:\/\/www.europesays.com\/es\/wp-json\/wp\/v2\/users\/2"}],"replies":[{"embeddable":true,"href":"https:\/\/www.europesays.com\/es\/wp-json\/wp\/v2\/comments?post=252191"}],"version-history":[{"count":0,"href":"https:\/\/www.europesays.com\/es\/wp-json\/wp\/v2\/posts\/252191\/revisions"}],"wp:featuredmedia":[{"embeddable":true,"href":"https:\/\/www.europesays.com\/es\/wp-json\/wp\/v2\/media\/252192"}],"wp:attachment":[{"href":"https:\/\/www.europesays.com\/es\/wp-json\/wp\/v2\/media?parent=252191"}],"wp:term":[{"taxonomy":"category","embeddable":true,"href":"https:\/\/www.europesays.com\/es\/wp-json\/wp\/v2\/categories?post=252191"},{"taxonomy":"post_tag","embeddable":true,"href":"https:\/\/www.europesays.com\/es\/wp-json\/wp\/v2\/tags?post=252191"}],"curies":[{"name":"wp","href":"https:\/\/api.w.org\/{rel}","templated":true}]}}