{"id":252195,"date":"2025-11-23T23:25:12","date_gmt":"2025-11-23T23:25:12","guid":{"rendered":"https:\/\/www.europesays.com\/es\/252195\/"},"modified":"2025-11-23T23:25:12","modified_gmt":"2025-11-23T23:25:12","slug":"hugh-jackman-habla-sobre-el-posible-regreso-de-lobezno-y-de-que-forma-puede-ocurrir-en-lo-proximo-de-los-vengadores","status":"publish","type":"post","link":"https:\/\/www.europesays.com\/es\/252195\/","title":{"rendered":"Hugh Jackman habla sobre el posible regreso de Lobezno y de qu\u00e9 forma puede ocurrir en lo pr\u00f3ximo de \u2018Los Vengadores\u2019"},"content":{"rendered":"<p class=\"\">Uno de los personajes m\u00e1s queridos de todo <b>Marvel<\/b> es <b>Lobezno<\/b>, y gran parte de la culpa es de <a href=\"https:\/\/as.com\/meristation\/cine\/hugh-jackman-vuelve-como-lobezno-en-un-misterioso-video-de-marvel-que-hace-que-los-fans-se-vuelvan-locos-con-todo-tipo-de-teorias-n\/\" target=\"_blank\" rel=\"noreferrer nofollow noopener\" title=\"https:\/\/as.com\/meristation\/cine\/hugh-jackman-vuelve-como-lobezno-en-un-misterioso-video-de-marvel-que-hace-que-los-fans-se-vuelvan-locos-con-todo-tipo-de-teorias-n\/\"><b>Hugh Jackman<\/b><\/a>, y es que las m\u00e1s de dos d\u00e9cadas que lleva interpretando al mutante nos ha dejado momentos de todo tipo y la certeza de que, pese a la diferencia considerable de altura respecto al original, su carisma ha conquistado al mundo entero. <\/p>\n<p class=\"\">Su aparici\u00f3n en &#8216;<b>Deadpool y Lobezno<\/b>&#8216; abri\u00f3 la puerta a verle en el <b>Universo Cinematogr\u00e1fico de Marvel<\/b>, una posibilidad con la que muchos sue\u00f1an y sobre la que Jackman habl\u00f3 recientemente durante su aparici\u00f3n en \u2018<a href=\"https:\/\/www.playpilot.com\/us\/show\/the-graham-norton-show-ppti56F2\/\" target=\"_blank\" rel=\"nofollow noopener\" title=\"https:\/\/www.playpilot.com\/us\/show\/the-graham-norton-show-ppti56F2\/\">The Graham Norton Show<\/a>\u2019, especialmente de cara a una pel\u00edcula de \u2018<a href=\"https:\/\/as.com\/meristation\/cine\/vengadores-doomsday-es-para-frikis-y-perdedores-segun-el-superheroe-inspirado-en-bruce-lee-f202511-n\/\" target=\"_blank\" rel=\"noreferrer nofollow noopener\" title=\"https:\/\/as.com\/meristation\/cine\/vengadores-doomsday-es-para-frikis-y-perdedores-segun-el-superheroe-inspirado-en-bruce-lee-f202511-n\/\">Los Vengadores<\/a>\u2019. \u00ab<b>Quiz\u00e1s<\/b>. Nunca m\u00e1s volver\u00e9 a decir nunca. Lo dije en serio hasta el d\u00eda en que cambi\u00e9 de opini\u00f3n. Lo dije en serio durante bastantes a\u00f1os. Ya he hecho diez pel\u00edculas, as\u00ed que creo que tienen suficiente para una versi\u00f3n m\u00eda con IA\u00bb. <\/p>\n<p><img decoding=\"async\" src=\"https:\/\/www.europesays.com\/es\/wp-content\/uploads\/2025\/11\/5RFQ7ZWIKNARXDJ4FALNRRWSHA.jpg\" alt=\"Hugh Jackman habla sobre el posible regreso de Lobezno y de qu\u00e9 forma puede ocurrir en lo pr\u00f3ximo de \u2018Los Vengadores\u2019\" height=\"675\" width=\"1200\"   loading=\"lazy\"\/>Lobezno y su posible futuro en el UCM<\/p>\n<p class=\"\">Tras \u2018Deadpool y Lobezno\u2019 no se ha confirmado nada sobre el futuro de Hugh Jackman dentro del UCM, pero muchos rumores especulan en torno a una posible aparici\u00f3n en torno a las dos pr\u00f3ximas pel\u00edculas de \u2018Los Vengadores\u2019 e incluso m\u00e1s all\u00e1, pudiendo aparecer de una u otra forma en el futuro que Marvel Studios prepare para \u2018X-Men\u2019. <\/p>\n<p class=\"\">Todo apunta a que, pese a no haber nada oficial por ahora, Hugh Jackman tiene un futuro destacado por delante dentro del UCM. Lobezno todav\u00eda tiene mucho que ofrecer. <\/p>\n<p>Noticias relacionadas<\/p>\n<p class=\"\">Suscr\u00edbete al <a href=\"https:\/\/www.youtube.com\/@meristation\" target=\"_self\" rel=\"nofollow noopener\" title=\"https:\/\/www.youtube.com\/@meristation\">canal de MeriStation en YouTube<\/a>, tu web de videojuegos y entretenimiento para conocer todas las noticias y novedades sobre el mundo del videojuego, cine, series, manga y anime. An\u00e1lisis, entrevistas, tr\u00e1ileres, gameplays, p\u00f3dcast y mucho m\u00e1s. Tambi\u00e9n te animamos a seguir <a href=\"https:\/\/www.tiktok.com\/@meristation\" rel=\"nofollow noopener\" title=\"https:\/\/www.tiktok.com\/@meristation\" target=\"_blank\">nuestra cuenta de TikTok<\/a>. <\/p>\n<p class=\"\">\u00a1S\u00edguenos en ambas y, si est\u00e1s interesado en licenciar este contenido, pincha <a href=\"https:\/\/profesional.elpais.com\/soluciones-sindicacion?utm_medium=interno&amp;utm_source=crosslinking&amp;utm_campaign=sindicacion_as_pie_articulos\" target=\"_blank\" rel=\"nofollow noopener\" title=\"https:\/\/profesional.elpais.com\/soluciones-sindicacion?utm_medium=interno&amp;utm_source=crosslinking&amp;utm_campaign=sindicacion_as_pie_articulos\">aqu\u00ed<\/a>!<\/p>\n<p><script async src=\"\/\/www.tiktok.com\/embed.js\"><\/script><\/p>\n","protected":false},"excerpt":{"rendered":"Uno de los personajes m\u00e1s queridos de todo Marvel es Lobezno, y gran parte de la culpa es&hellip;\n","protected":false},"author":2,"featured_media":252196,"comment_status":"","ping_status":"","sticky":false,"template":"","format":"standard","meta":{"footnotes":""},"categories":[169],"tags":[177,146,147,25,24,176,175,23],"class_list":{"0":"post-252195","1":"post","2":"type-post","3":"status-publish","4":"format-standard","5":"has-post-thumbnail","7":"category-cine","8":"tag-cine","9":"tag-entertainment","10":"tag-entretenimiento","11":"tag-es","12":"tag-espana","13":"tag-film","14":"tag-movies","15":"tag-spain"},"share_on_mastodon":{"url":"https:\/\/pubeurope.com\/@es\/115601599990123809","error":""},"_links":{"self":[{"href":"https:\/\/www.europesays.com\/es\/wp-json\/wp\/v2\/posts\/252195","targetHints":{"allow":["GET"]}}],"collection":[{"href":"https:\/\/www.europesays.com\/es\/wp-json\/wp\/v2\/posts"}],"about":[{"href":"https:\/\/www.europesays.com\/es\/wp-json\/wp\/v2\/types\/post"}],"author":[{"embeddable":true,"href":"https:\/\/www.europesays.com\/es\/wp-json\/wp\/v2\/users\/2"}],"replies":[{"embeddable":true,"href":"https:\/\/www.europesays.com\/es\/wp-json\/wp\/v2\/comments?post=252195"}],"version-history":[{"count":0,"href":"https:\/\/www.europesays.com\/es\/wp-json\/wp\/v2\/posts\/252195\/revisions"}],"wp:featuredmedia":[{"embeddable":true,"href":"https:\/\/www.europesays.com\/es\/wp-json\/wp\/v2\/media\/252196"}],"wp:attachment":[{"href":"https:\/\/www.europesays.com\/es\/wp-json\/wp\/v2\/media?parent=252195"}],"wp:term":[{"taxonomy":"category","embeddable":true,"href":"https:\/\/www.europesays.com\/es\/wp-json\/wp\/v2\/categories?post=252195"},{"taxonomy":"post_tag","embeddable":true,"href":"https:\/\/www.europesays.com\/es\/wp-json\/wp\/v2\/tags?post=252195"}],"curies":[{"name":"wp","href":"https:\/\/api.w.org\/{rel}","templated":true}]}}