{"id":252197,"date":"2025-11-23T23:26:14","date_gmt":"2025-11-23T23:26:14","guid":{"rendered":"https:\/\/www.europesays.com\/es\/252197\/"},"modified":"2025-11-23T23:26:14","modified_gmt":"2025-11-23T23:26:14","slug":"la-falta-de-policia-local-condiciona-las-salidas-de-la-cartuja-tras-el-partido-del-betis","status":"publish","type":"post","link":"https:\/\/www.europesays.com\/es\/252197\/","title":{"rendered":"La falta de Polic\u00eda Local condiciona las salidas de la Cartuja tras el partido del Betis"},"content":{"rendered":"<p>23\/11\/2025<br \/>\n<br \/><strong><br \/>\nActualizado a las 19:55h.<br \/>\n<\/strong><\/p>\n<p class=\"voc-p\" style=\"\">El partido del Real Betis este domingo en el estadio de la Cartuja ha contado con una <strong>presencia m\u00ednima de efectivos de la Polic\u00eda Local de Sevilla<\/strong>, lo que ha afectado notablemente el desalojo de las inmediaciones del campo al terminar el encuentro con  &#8230; el Girona. <\/p>\n<p class=\"voc-p\" style=\"\">La presencia de apenas<strong> seis patrulleros<\/strong>, cuando lo normal es que ronden la quincena, ha provocado largas colas de coches en la salida de la Isla de la Cartuja. M\u00e1s de una hora despu\u00e9s del pitido final, el tr\u00e1fico continuaba siendo muy denso en las arterias principales del parque tecnol\u00f3gico, haci\u00e9ndose notar que este domingo no han estado controlando el tr\u00e1fico el mismo n\u00famero de efectivos que acostumbran a hacerlo. Adem\u00e1s, el de hoy ha sido el segundo partido con mayor afluencia de p\u00fablico desde que arrancara la temporada en el que es la sede temporal del Betis; <strong>han asistido  64.268 personas<\/strong>. <\/p>\n<p class=\"voc-p\" style=\"\">Sin embargo, en las horas previas del partido el tr\u00e1fico no ha sido especialmente denso ya que <strong>los aficionados han ido llegando de manera escalonada <\/strong>para aprovechar la tarde en los alrededores del estadio. La polic\u00eda de Santiponce, que acostumbra a actuar tambi\u00e9n en el dispositivo al colindar el estadio con el t\u00e9rmino municipal, era la \u00fanica que estaba presente unas dos horas antes del partido. Pasado un tiempo, han llegado los agentes de la capital hispalense. <\/p>\n<p>\nArt\u00edculo solo para suscriptores\n<\/p>\n<p>Reportar un error<\/p>\n","protected":false},"excerpt":{"rendered":"23\/11\/2025 Actualizado a las 19:55h. El partido del Real Betis este domingo en el estadio de la Cartuja&hellip;\n","protected":false},"author":2,"featured_media":252198,"comment_status":"","ping_status":"","sticky":false,"template":"","format":"standard","meta":{"footnotes":""},"categories":[93],"tags":[291,11579,5587,168,25,24,1998,2552,1045,586,3486,7791,23,167,575],"class_list":{"0":"post-252197","1":"post","2":"type-post","3":"status-publish","4":"format-standard","5":"has-post-thumbnail","7":"category-deportes","8":"tag-betis","9":"tag-caos","10":"tag-cartuja","11":"tag-deportes","12":"tag-es","13":"tag-espana","14":"tag-falta","15":"tag-local","16":"tag-partido","17":"tag-policia","18":"tag-provoca","19":"tag-salidas","20":"tag-spain","21":"tag-sports","22":"tag-tras"},"share_on_mastodon":{"url":"https:\/\/pubeurope.com\/@es\/115601603882844604","error":""},"_links":{"self":[{"href":"https:\/\/www.europesays.com\/es\/wp-json\/wp\/v2\/posts\/252197","targetHints":{"allow":["GET"]}}],"collection":[{"href":"https:\/\/www.europesays.com\/es\/wp-json\/wp\/v2\/posts"}],"about":[{"href":"https:\/\/www.europesays.com\/es\/wp-json\/wp\/v2\/types\/post"}],"author":[{"embeddable":true,"href":"https:\/\/www.europesays.com\/es\/wp-json\/wp\/v2\/users\/2"}],"replies":[{"embeddable":true,"href":"https:\/\/www.europesays.com\/es\/wp-json\/wp\/v2\/comments?post=252197"}],"version-history":[{"count":0,"href":"https:\/\/www.europesays.com\/es\/wp-json\/wp\/v2\/posts\/252197\/revisions"}],"wp:featuredmedia":[{"embeddable":true,"href":"https:\/\/www.europesays.com\/es\/wp-json\/wp\/v2\/media\/252198"}],"wp:attachment":[{"href":"https:\/\/www.europesays.com\/es\/wp-json\/wp\/v2\/media?parent=252197"}],"wp:term":[{"taxonomy":"category","embeddable":true,"href":"https:\/\/www.europesays.com\/es\/wp-json\/wp\/v2\/categories?post=252197"},{"taxonomy":"post_tag","embeddable":true,"href":"https:\/\/www.europesays.com\/es\/wp-json\/wp\/v2\/tags?post=252197"}],"curies":[{"name":"wp","href":"https:\/\/api.w.org\/{rel}","templated":true}]}}