{"id":252207,"date":"2025-11-23T23:31:11","date_gmt":"2025-11-23T23:31:11","guid":{"rendered":"https:\/\/www.europesays.com\/es\/252207\/"},"modified":"2025-11-23T23:31:11","modified_gmt":"2025-11-23T23:31:11","slug":"trump-dice-que-ucrania-ha-mostrado-cero-gratitud-hacia-estados-unidos","status":"publish","type":"post","link":"https:\/\/www.europesays.com\/es\/252207\/","title":{"rendered":"Trump dice que Ucrania ha mostrado \u00abcero gratitud\u00bb hacia Estados Unidos"},"content":{"rendered":"<p>\n         Publicado<br \/>\n            23\/11\/2025 &#8211; 20:10 CET\n            <\/p>\n<p>El presidente de Estados Unidos, Donald Trump, critic\u00f3 al Gobierno ucraniano a trav\u00e9s de la red social Truth, afirmando que hab\u00eda mostrado <strong>\u00abcero gratitud\u00bb por el apoyo estadounidense<\/strong>, al tiempo que acusaba a los pa\u00edses europeos de seguir comprando petr\u00f3leo ruso <a href=\"https:\/\/es.euronews.com\/business\/2023\/11\/16\/como-una-flota-oculta-ayuda-a-rusia-a-eludir-las-sanciones-petroleras\" rel=\"nofollow noopener\" target=\"_blank\">a pesar de las sanciones<\/a>. Adem\u00e1s, reiter\u00f3 una vez m\u00e1s que la guerra en Ucrania \u00abnunca habr\u00eda ocurrido\u00bb si \u00e9l hubiera estado en el cargo en el momento de la invasi\u00f3n a gran escala de Rusia.<\/p>\n<p>En una declaraci\u00f3n publicada el domingo, Trump <strong>describi\u00f3 la guerra como \u00abviolenta y terrible\u00bb,<\/strong> y sigue afirmando que \u00ablas elecciones presidenciales de 2020\u00bb fueron \u00abama\u00f1adas y robadas\u00bb. Trump argument\u00f3 que un \u00abliderazgo fuerte y adecuado de Estados Unidos y Ucrania\u00bb podr\u00eda haber evitado el conflicto.<\/p>\n<p>Describiendo la guerra como <strong>\u00abuna p\u00e9rdida para todos\u00bb<\/strong>, Trump dijo que hab\u00eda \u00abheredado una guerra que nunca deber\u00eda haber ocurrido\u00bb, culpando de lo que caracteriz\u00f3 como una p\u00e9rdida innecesaria de vidas a un liderazgo fallido tanto en Washington como en Kiev.<\/p>\n<p>Horas despu\u00e9s de la publicaci\u00f3n del mensaje de Trump, en las redes sociales el presidente de Ucrania X, <strong>Volod\u00edmir Zelenski, conden\u00f3 a Rusia como \u00fanica responsable de la guerra en Ucrania<\/strong> \u00abEl quid de toda la situaci\u00f3n diplom\u00e1tica es que fue Rusia, y s\u00f3lo Rusia, la que empez\u00f3 esta guerra, y es Rusia, y s\u00f3lo Rusia\u00bb, escribi\u00f3 Zelenski.<\/p>\n<p>Seg\u00fan Zelenski, los comandantes rusos operan bajo \u00f3rdenes expl\u00edcitas que permiten una <strong>brutalidad sin restricciones<\/strong>, lo que contribuye al elevado n\u00famero de muertos en el frente y a los continuos ataques contra ciudades ucranianas. Tambi\u00e9n acus\u00f3 a Rusia de <a href=\"https:\/\/es.euronews.com\/2025\/11\/20\/de-vuelta-del-cautiverio-los-ninos-ucranianos-secuestrados-por-rusia-cuentan-sus-historias\" rel=\"nofollow noopener\" target=\"_blank\">secuestrar a ni\u00f1os ucranianos<\/a> e intentar \u00abreeducarlos\u00bb para que acaben luchando contra su propio pa\u00eds.<\/p>\n<p>Sin embargo, Zelenski <strong>expres\u00f3 su gratitud a Estados Unidos y a sus aliados<\/strong>, agradeciendo a \u00abcada coraz\u00f3n americano\u00bb y a Trump la ayuda que, seg\u00fan dijo, ha estado \u00absalvando vidas ucranianas\u00bb, empezando por las primeras entregas de sistemas antitanque Javelin. Tambi\u00e9n agradeci\u00f3 el apoyo de Europa, <strong>el G7 y el G20<\/strong>, e inst\u00f3 a sus socios a mantener su apoyo.<\/p>\n<p>Mientras las<a href=\"https:\/\/es.euronews.com\/2025\/11\/23\/comienzan-las-conversaciones-de-ginebra-sobre-ucrania-mientras-europa-rechaza-el-plan-prop\" rel=\"nofollow noopener\" target=\"_blank\"> conversaciones de paz de Ucrania <\/a>han dominado la agenda mundial en los \u00faltimos d\u00edas, los aliados occidentales, Estados Unidos y Ucrania han celebrado reuniones paralelas. En Sud\u00e1frica, los socios de la UE revisaron el s\u00e1bado el plan de paz propuesto por Washington, mientras que los l\u00edderes prosiguen el domingo en Ginebra las negociaciones.<\/p>\n","protected":false},"excerpt":{"rendered":"Publicado 23\/11\/2025 &#8211; 20:10 CET El presidente de Estados Unidos, Donald Trump, critic\u00f3 al Gobierno ucraniano a trav\u00e9s&hellip;\n","protected":false},"author":2,"featured_media":252208,"comment_status":"","ping_status":"","sticky":false,"template":"","format":"standard","meta":{"footnotes":""},"categories":[42],"tags":[17,18,352,13,14,11,61,62,63,64,19,20,9,10,15,16,7354,12,21,22,1617,14181,65,66,67],"class_list":{"0":"post-252207","1":"post","2":"type-post","3":"status-publish","4":"format-standard","5":"has-post-thumbnail","7":"category-internacional","8":"tag-breaking-news","9":"tag-breakingnews","10":"tag-donald-trump","11":"tag-featured-news","12":"tag-featurednews","13":"tag-headlines","14":"tag-internacional","15":"tag-international","16":"tag-international-news","17":"tag-internationalnews","18":"tag-latest-news","19":"tag-latestnews","20":"tag-news","21":"tag-noticias","22":"tag-noticias-destacadas","23":"tag-noticiasdestacadas","24":"tag-rusia-ucrania-invasion","25":"tag-titulares","26":"tag-ultimas-noticias","27":"tag-ultimasnoticias","28":"tag-union-europea","29":"tag-volodimir-zelenski","30":"tag-world","31":"tag-world-news","32":"tag-worldnews"},"share_on_mastodon":{"url":"https:\/\/pubeurope.com\/@es\/115601623300645073","error":""},"_links":{"self":[{"href":"https:\/\/www.europesays.com\/es\/wp-json\/wp\/v2\/posts\/252207","targetHints":{"allow":["GET"]}}],"collection":[{"href":"https:\/\/www.europesays.com\/es\/wp-json\/wp\/v2\/posts"}],"about":[{"href":"https:\/\/www.europesays.com\/es\/wp-json\/wp\/v2\/types\/post"}],"author":[{"embeddable":true,"href":"https:\/\/www.europesays.com\/es\/wp-json\/wp\/v2\/users\/2"}],"replies":[{"embeddable":true,"href":"https:\/\/www.europesays.com\/es\/wp-json\/wp\/v2\/comments?post=252207"}],"version-history":[{"count":0,"href":"https:\/\/www.europesays.com\/es\/wp-json\/wp\/v2\/posts\/252207\/revisions"}],"wp:featuredmedia":[{"embeddable":true,"href":"https:\/\/www.europesays.com\/es\/wp-json\/wp\/v2\/media\/252208"}],"wp:attachment":[{"href":"https:\/\/www.europesays.com\/es\/wp-json\/wp\/v2\/media?parent=252207"}],"wp:term":[{"taxonomy":"category","embeddable":true,"href":"https:\/\/www.europesays.com\/es\/wp-json\/wp\/v2\/categories?post=252207"},{"taxonomy":"post_tag","embeddable":true,"href":"https:\/\/www.europesays.com\/es\/wp-json\/wp\/v2\/tags?post=252207"}],"curies":[{"name":"wp","href":"https:\/\/api.w.org\/{rel}","templated":true}]}}