{"id":252210,"date":"2025-11-23T23:33:10","date_gmt":"2025-11-23T23:33:10","guid":{"rendered":"https:\/\/www.europesays.com\/es\/252210\/"},"modified":"2025-11-23T23:33:10","modified_gmt":"2025-11-23T23:33:10","slug":"los-distritos-de-la-periferia-de-la-capital-invierten-tres-veces-mas-en-iluminacion-navidena-que-los-del-centro-el-mundo","status":"publish","type":"post","link":"https:\/\/www.europesays.com\/es\/252210\/","title":{"rendered":"Los distritos de la periferia de la capital invierten tres veces m\u00e1s en iluminaci\u00f3n navide\u00f1a que los del centro &#8211; El Mundo"},"content":{"rendered":"<ol>\n<li><a href=\"https:\/\/news.google.com\/rss\/articles\/CBMiekFVX3lxTFBCSU5QOXM5Ny1VUDdnYm9uSjAybnFwMllvQXhfNGtXNzFHZFNkLV9mUjA0bmFyTjloOGx6TUpSRmliMjJ3LW9EQU45ZE1yTllsM0FWV09SSWE5ek9TdTk2YlBuRzFaLW9OTG5TMGlmLS1CNUh5Mzk4N3Zn0gF6QVVfeXFMTnZGalhELVhrMmVtdjk0eW9mdjI0RTFQYWRrMHJMaTJSZ2tLYkNXYl9hMFpSSXBzQy1QQzI4ZmJKYkUwRTdqOWJlbGpKTGM0dFpySk9pRW51eGxVRHBEQ0phWVZhME5oVzlva2ZWS19iMjRxSFU0a1pmNHc?oc=5\" target=\"_blank\" rel=\"nofollow noopener\">Los distritos de la periferia de la capital invierten tres veces m\u00e1s en iluminaci\u00f3n navide\u00f1a que los del centro<\/a>&nbsp;&nbsp;El Mundo<\/li>\n<li><a href=\"https:\/\/news.google.com\/rss\/articles\/CBMilwFBVV95cUxNSUFUYS1zUU1HelFzSGV4ZTNWRWtNTE1yQ0tWQXg1cnpRSExXU0FDMkhfNUhpY3hNOGJvSVpZVFhBSUl2V01hMmliUzlTb0F4TW53elVBanZXb1VSTzF3TUxfUl9ZaTZ1emRTZWNmdnU3VDV4eUFJRzIyX1NjQmlPczNRMkJVdHVtTTFSaDdUc3N3bWRabEpZ?oc=5\" target=\"_blank\" rel=\"nofollow noopener\">Madrid desaf\u00eda al fr\u00edo para encender una Navidad cargada de gui\u00f1os castizos y cristianos<\/a>&nbsp;&nbsp;ABC<\/li>\n<li><a href=\"https:\/\/news.google.com\/rss\/articles\/CBMi9wFBVV95cUxNNUc0N2t2M0JmbHhNZWxFOHRJNTlDNFRnMmdfcjBNcHhCMEpvWXBOSnVWbmU1UldEVGpfbWlkTmxuYVhCdWVuS0tCS3lPX3lNVFFzTzFmcGhZSlV1eXJvUlQzcGFvTURrdkVka3Y4cUVzUGRGTkFybjJOV2lUd0UxaldZeXBHeVJONUg2STV4d1dQMGxCZ3JLWGp4WUYtV2p1dUY2NFlZZVUzdElLUUN6VzVELTVYc3lmc2hpdzVKZDFyTjNyN1IyLUM3UXR6eXEyLVZpWFRXbFhYdHZENWg3b0k1Wkh1Sm1PcWJ2bDRNcTVMcWNFYlhN?oc=5\" target=\"_blank\" rel=\"nofollow noopener\">Madrid enciende la Navidad con 13 millones de luces y un villancico de Bisbal: \u201cEsta ciudad tiene los brazos abiertos\u201d<\/a>&nbsp;&nbsp;EL PA\u00cdS<\/li>\n<li><a href=\"https:\/\/news.google.com\/rss\/articles\/CBMinANBVV95cUxQaFh1WmswRl9KdlVkU0owNEFRUkk1SFZoSW9SbnhQSy1pblBJX1NzRkl3RTZrc291VU9sVXFjZHdqcVVpVTZkX29Ya2xPSWdwaU9QN1ZkaTczakpaeGNKOG5pa1E1b0NoUXdGOUMyZ1ZDb0xJS0FYcDVvMXlmRXZNTkkyTWVBTl8yMmY5ZVZLXzZQaFBCZTBKcGNHSzZlTTRmemp4eEZMc2RKeGxjRmpuakcyWjJUNXVqbTMxbjFNSWc4VnRiY0hlX0N4VEZ1VFB3R1RuSXVBUVNiVTFPTl82U1BjWXRNYXN5ZGdBZF9LakpMLUE0dmVKdVdtYTRuVzJBenBfUWJkN2tYYlJyaHF6RnB0MXhNTkFTdVB5enplZWVSdXdleHRNVlUxNmdXMmttanFEbDIxb0tZWDdCT2dmUjY0Z2ZuaXFSaGM0V2NOd1dwYUNMRlotdkFiX2N3Z05tNUNDeWdxRGwwQ1lWb1FVRDhqVE80QXhCS3dqeUhWRGtMYjZVcHBIRlNrYnlJa29xWlJwQ3EwMzdKLURa?oc=5\" target=\"_blank\" rel=\"nofollow noopener\">Madrid ilumina la Navidad con un encendido multitudinario a cargo de Almeida y Carlos Sainz<\/a>&nbsp;&nbsp;Ayuntamiento de Madrid<\/li>\n<li><a href=\"https:\/\/news.google.com\/rss\/articles\/CBMixwFBVV95cUxPUTF2SWhUUDNtUzFNb09Hd3U5WUhOdTBjeUtUVkRRNmI3NURqTXJkdDByc1JlR29QY1V0Y0xlMFBlZFBROEJzbmdTU1d2NFRpTDllUjFRcXRFaFZvdXJSeXhJdWxHQ21rWVhZbTFLM1psUnI3SUltYTV1RW9VSElibDdyTkd5X2Y5ZHBlQ1dheHFRY2pma1dRWWZSdXVweDQzREd4Wjc2cXVfSkoxUzBvSThZRTJueFc2blRpb3ZFSjFZM1VVWHlB0gHMAUFVX3lxTE83SmpBMXVKZmNQRGRwbU5zdFRubnVjRFhPSDF5aFFSaFBiY0d3d0JsNDBsc3RaT2RiR3B0dUpsdjZsSGRxZWEyTUF5Y0ZZbmp2eXZ0WTFGWURFajhYUS1zMlY2cUk0cEFIMnhxSnJfSnp1aXRFVndvUkZSbWtqeGVQaG50WUJvWTZjZzRDQ2Vrd2t0RDhFbkFSVGhJaW1IN1FXSnBsM2R4OUpKUnlEUS1NMG9DQjRQSWE2NnNhMWZWSVdrRVEyamJNNEY1Mw?oc=5\" target=\"_blank\" rel=\"nofollow noopener\">Barcelona y Madrid encienden su Navidad y regalan escenas \u00fanicas a las im\u00e1genes del d\u00eda<\/a>&nbsp;&nbsp;La Vanguardia<\/li>\n<\/ol>\n","protected":false},"excerpt":{"rendered":"Los distritos de la periferia de la capital invierten tres veces m\u00e1s en iluminaci\u00f3n navide\u00f1a que los del&hellip;\n","protected":false},"author":2,"featured_media":252211,"comment_status":"","ping_status":"","sticky":false,"template":"","format":"standard","meta":{"footnotes":""},"categories":[5],"tags":[17,18,1467,25,24,13,14,23131,11,3516,19,20,205,2951,9,10,15,16,23,12,21,22],"class_list":{"0":"post-252210","1":"post","2":"type-post","3":"status-publish","4":"format-standard","5":"has-post-thumbnail","7":"category-titulares","8":"tag-breaking-news","9":"tag-breakingnews","10":"tag-comunidad-de-madrid","11":"tag-es","12":"tag-espana","13":"tag-featured-news","14":"tag-featurednews","15":"tag-graficos","16":"tag-headlines","17":"tag-jose-luis-martinez-almeida","18":"tag-latest-news","19":"tag-latestnews","20":"tag-madrid","21":"tag-navidad","22":"tag-news","23":"tag-noticias","24":"tag-noticias-destacadas","25":"tag-noticiasdestacadas","26":"tag-spain","27":"tag-titulares","28":"tag-ultimas-noticias","29":"tag-ultimasnoticias"},"share_on_mastodon":{"url":"https:\/\/pubeurope.com\/@es\/115601631058716028","error":""},"_links":{"self":[{"href":"https:\/\/www.europesays.com\/es\/wp-json\/wp\/v2\/posts\/252210","targetHints":{"allow":["GET"]}}],"collection":[{"href":"https:\/\/www.europesays.com\/es\/wp-json\/wp\/v2\/posts"}],"about":[{"href":"https:\/\/www.europesays.com\/es\/wp-json\/wp\/v2\/types\/post"}],"author":[{"embeddable":true,"href":"https:\/\/www.europesays.com\/es\/wp-json\/wp\/v2\/users\/2"}],"replies":[{"embeddable":true,"href":"https:\/\/www.europesays.com\/es\/wp-json\/wp\/v2\/comments?post=252210"}],"version-history":[{"count":0,"href":"https:\/\/www.europesays.com\/es\/wp-json\/wp\/v2\/posts\/252210\/revisions"}],"wp:featuredmedia":[{"embeddable":true,"href":"https:\/\/www.europesays.com\/es\/wp-json\/wp\/v2\/media\/252211"}],"wp:attachment":[{"href":"https:\/\/www.europesays.com\/es\/wp-json\/wp\/v2\/media?parent=252210"}],"wp:term":[{"taxonomy":"category","embeddable":true,"href":"https:\/\/www.europesays.com\/es\/wp-json\/wp\/v2\/categories?post=252210"},{"taxonomy":"post_tag","embeddable":true,"href":"https:\/\/www.europesays.com\/es\/wp-json\/wp\/v2\/tags?post=252210"}],"curies":[{"name":"wp","href":"https:\/\/api.w.org\/{rel}","templated":true}]}}