{"id":252212,"date":"2025-11-23T23:39:08","date_gmt":"2025-11-23T23:39:08","guid":{"rendered":"https:\/\/www.europesays.com\/es\/252212\/"},"modified":"2025-11-23T23:39:08","modified_gmt":"2025-11-23T23:39:08","slug":"merhawi-kudus-conquista-el-campeonato-de-africa-en-ruta-en-kenia","status":"publish","type":"post","link":"https:\/\/www.europesays.com\/es\/252212\/","title":{"rendered":"Merhawi Kudus conquista el Campeonato de \u00c1frica en ruta en Kenia"},"content":{"rendered":"<p>&#13;<br \/>\n&#13;<\/p>\n<p><img loading=\"lazy\" decoding=\"async\" src=\"https:\/\/www.europesays.com\/es\/wp-content\/uploads\/2025\/11\/merhawi-kudus-campeonato-africa-2025-burgosbh-press.jpg\" width=\"556\" height=\"418\" class=\"setborder\" alt=\"Merhawi Kudus conquista el Campeonato de \u00c1frica en ruta en Kenia\" title=\"Merhawi Kudus conquista el Campeonato de \u00c1frica en ruta en Kenia\"\/><br \/>\n&#13;<br \/>\n&#13;<br \/>\n&#13;<br \/>\n<a href=\"https:\/\/www.esciclismo.com\/actualidad\/esciclismo\/\" rel=\"nofollow noopener\" target=\"_blank\">EsCiclismo.com<\/a> \u00b7 <a href=\"https:\/\/www.esciclismo.com\/actualidad\/carretera\/\" rel=\"nofollow noopener\" target=\"_blank\">Competici\u00f3n Carretera<\/a>  \u00b7 23\/11\/2025<\/p>\n<p>El ciclista eritreo Merhawi Kudus (Burgos-Burpellet-BH) se proclam\u00f3 campe\u00f3n de \u00c1frica en ruta este domingo en la localidad de Kwale, en Kenia, al imponerse en la jornada reina del Campeonato Africano de Ciclismo en Ruta 2025. La prueba, de 164 kil\u00f3metros, coron\u00f3 al corredor del conjunto burgal\u00e9s tras una actuaci\u00f3n decisiva en los ascensos finales, rubricando un nuevo \u00e9xito para la selecci\u00f3n de Eritrea.<\/p>\n<p>&#13;<br \/>\nDomino eritreo en la jornada decisiva&#13;<\/p>\n<p>La selecci\u00f3n nacional de Eritrea volvi\u00f3 a demostrar su hegemon\u00eda en la m\u00e1xima competici\u00f3n continental africana, controlando la carrera desde el inicio hasta el desenlace en las rampas de Kwale (1,5 km al 8,5%). En los \u00faltimos kil\u00f3metros, Merhawi Kudus lanz\u00f3 un ataque definitivo que s\u00f3lo pudo seguir su compatriota Awet Aman, con quien comparti\u00f3 la entrada en meta, asegurando as\u00ed el doblete para su pa\u00eds.<\/p>\n<p>&#13;<\/p>\n<p><b id=\"P2\"\/>La prueba repiti\u00f3 durante diez vueltas un circuito costero antes de adentrarse en el interior de Kenia, donde se defini\u00f3 la carrera. En la subida a Vuga (2,5 km al 7%), el ritmo impuesto por el combinado eritreo seleccion\u00f3 un grupo de apenas doce corredores, en el que figuraban tanto Kudus como su compa\u00f1ero de equipo Alexandre Mayer (Burgos-Burpellet-BH). El ciclista mauriciano, m\u00e1s orientado a la contrarreloj, logr\u00f3 finalizar en una destacada d\u00e9cima posici\u00f3n.<\/p>\n<p>&#13;<br \/>\nBrillante papel de Alexandre Mayer en las contrarrelojes&#13;<\/p>\n<p><b id=\"P3\"\/>La participaci\u00f3n del Burgos-Burpellet-BH en los Campeonatos de \u00c1frica se sald\u00f3 con un notable balance de tres medallas. Alexandre Mayer fue uno de los protagonistas en las pruebas contra el crono, al colgarse el bronce en la contrarreloj individual celebrada en Diani Beach, sobre un recorrido llano de apenas 14 kil\u00f3metros. Adem\u00e1s, logr\u00f3 el oro por equipos en la crono mixta, liderando a la selecci\u00f3n de Mauricio hacia el t\u00edtulo por delante de Ruanda y Argelia.<\/p>\n<p>&#13;<\/p>\n<p>Por su parte, Merhawi Kudus finaliz\u00f3 sexto en esa contrarreloj individual, reservando fuerzas para su cita clave del domingo. La cita continental, inicialmente prevista para septiembre, se disput\u00f3 finalmente a finales de noviembre, en un calendario adaptado que permiti\u00f3 a los corredores prolongar su preparaci\u00f3n tras el cierre del calendario europeo.<\/p>\n<p>&#13;<br \/>\n\u00c9xito personal y colectivo&#13;<\/p>\n<p>Con este triunfo, Merhawi Kudus suma uno de los mayores logros de su carrera profesional, despu\u00e9s de haber sido tres veces campe\u00f3n nacional de Eritrea y haber brillado en m\u00faltiples competiciones internacionales. El corredor del Burgos-Burpellet-BH fue uno de los ciclistas que m\u00e1s se involucr\u00f3 en la preparaci\u00f3n de este Campeonato Africano, completando cuatro semanas adicionales de entrenamientos en Eritrea tras el final de la temporada europea.<\/p>\n<p>&#13;<\/p>\n<p><b id=\"P5\"\/>La victoria en Kwale permite adem\u00e1s a Kudus y Mayer contribuir con una valiosa suma de puntos UCI para su equipo, que ya empieza a posicionarse en el ranking 2026 gracias a estos resultados en territorio africano. Eritrea, por su parte, mantiene su dominio en esta cita, encadenando su cuarta victoria consecutiva en la prueba en l\u00ednea masculina.<\/p>\n<p>&#13;<br \/>\n&#13;<br \/>\n&#13;<br \/>\nEsCiclismo &#8211; Todos los derechos reservados. Est\u00e1 prohibido todo tipo de reproducci\u00f3n sin autorizaci\u00f3n expresa escrita.<br \/>&#13;<br \/>\n&#13;<\/p>\n","protected":false},"excerpt":{"rendered":"&#13; &#13; &#13; &#13; &#13; EsCiclismo.com \u00b7 Competici\u00f3n Carretera \u00b7 23\/11\/2025 El ciclista eritreo Merhawi Kudus (Burgos-Burpellet-BH) se&hellip;\n","protected":false},"author":2,"featured_media":252213,"comment_status":"","ping_status":"","sticky":false,"template":"","format":"standard","meta":{"footnotes":""},"categories":[273],"tags":[12247,623,12246,313,1757,312,168,158,38225,25,24,63795,63794,23,167],"class_list":{"0":"post-252212","1":"post","2":"type-post","3":"status-publish","4":"format-standard","5":"has-post-thumbnail","7":"category-ciclismo","8":"tag-bh","9":"tag-burgos","10":"tag-burpellet","11":"tag-ciclismo","12":"tag-ciclista","13":"tag-cycling","14":"tag-deportes","15":"tag-el","16":"tag-eritreo","17":"tag-es","18":"tag-espana","19":"tag-kudus","20":"tag-merhawi","21":"tag-spain","22":"tag-sports"},"share_on_mastodon":{"url":"https:\/\/pubeurope.com\/@es\/115601654909852356","error":""},"_links":{"self":[{"href":"https:\/\/www.europesays.com\/es\/wp-json\/wp\/v2\/posts\/252212","targetHints":{"allow":["GET"]}}],"collection":[{"href":"https:\/\/www.europesays.com\/es\/wp-json\/wp\/v2\/posts"}],"about":[{"href":"https:\/\/www.europesays.com\/es\/wp-json\/wp\/v2\/types\/post"}],"author":[{"embeddable":true,"href":"https:\/\/www.europesays.com\/es\/wp-json\/wp\/v2\/users\/2"}],"replies":[{"embeddable":true,"href":"https:\/\/www.europesays.com\/es\/wp-json\/wp\/v2\/comments?post=252212"}],"version-history":[{"count":0,"href":"https:\/\/www.europesays.com\/es\/wp-json\/wp\/v2\/posts\/252212\/revisions"}],"wp:featuredmedia":[{"embeddable":true,"href":"https:\/\/www.europesays.com\/es\/wp-json\/wp\/v2\/media\/252213"}],"wp:attachment":[{"href":"https:\/\/www.europesays.com\/es\/wp-json\/wp\/v2\/media?parent=252212"}],"wp:term":[{"taxonomy":"category","embeddable":true,"href":"https:\/\/www.europesays.com\/es\/wp-json\/wp\/v2\/categories?post=252212"},{"taxonomy":"post_tag","embeddable":true,"href":"https:\/\/www.europesays.com\/es\/wp-json\/wp\/v2\/tags?post=252212"}],"curies":[{"name":"wp","href":"https:\/\/api.w.org\/{rel}","templated":true}]}}