{"id":252214,"date":"2025-11-23T23:41:15","date_gmt":"2025-11-23T23:41:15","guid":{"rendered":"https:\/\/www.europesays.com\/es\/252214\/"},"modified":"2025-11-23T23:41:15","modified_gmt":"2025-11-23T23:41:15","slug":"la-cultural-noquea-al-colista-en-cinco-minutos-y-se-duerme","status":"publish","type":"post","link":"https:\/\/www.europesays.com\/es\/252214\/","title":{"rendered":"La Cultural noquea al colista en cinco minutos y se duerme"},"content":{"rendered":"<p><a class=\"v-mdl-ath__fig-a\" href=\"https:\/\/www.leonoticias.com\/autor\/ruben-farinas-2865.html\" title=\"Rub\u00e9n Fari\u00f1as\" rel=\"nofollow noopener\" target=\"_blank\"><br \/>\n<img decoding=\"async\" class=\"v-mdl-ath__img\" src=\"https:\/\/www.europesays.com\/es\/wp-content\/uploads\/2025\/10\/autor-2865-foto-3.jpeg\" alt=\"Rub\u00e9n Fari\u00f1as\"\/><br \/>\n<\/a><\/p>\n<p class=\"v-mdl-ath__p v-mdl-ath__p--6\">\nDomingo, 23 de noviembre 2025, 20:58<\/p>\n<p class=\"v-p\">El equipo de Luis Castillo es impredecible hasta la extenuaci\u00f3n. Capaz de lo mejor y de lo peor, de dar giros de gui\u00f3n de pel\u00edcula de suspense, ha vuelto a mostrar todas sus caras. Tras un inicio errante, y con los ya habituales problemas en la defensa de la pintura, la Cultural reaccion\u00f3, pas\u00f3 por el vestuario, noque\u00f3 a su rival y le dej\u00f3 que se levantara de la lona. <\/p>\n<p class=\"v-p\">La Cultural de baloncesto necesit\u00f3 cinco minutos inspirados, con un Amadasun estratosf\u00e9rico, para imponerse por 92-87 a Ja\u00e9n CB, colista de la categor\u00eda, no sin antes dormirse y comprometer una victoria que ten\u00eda hecha en el \u00faltimo cuarto.<\/p>\n<p><img decoding=\"async\" loading=\"lazy\" src=\"https:\/\/www.europesays.com\/es\/wp-content\/uploads\/2025\/11\/escudo-cesto-kZAC--44x44@Leonoticias.jpg\" class=\"v-scr__img\" width=\"44\" height=\"44\" alt=\"Cultural\"\/><\/p>\n<p class=\"v-scr__t\">Cultural<\/p>\n<p class=\"v-scr__p v-scr__p--3\">Deng (18), Hayman (6), McKay (15), Orenga (6), Gonz\u00e1lez, Iglesias, Bult\u00f3, Cebolla (7), Dom\u00ednguez (10), Amadasun (17), Van der Heijden (8), Rodri Llamas (5)<\/p>\n<p class=\"v-scr__n-c v-scr__n-c--1 \">\n 92\n<\/p>\n<p class=\"v-scr__n-c v-scr__n-c--2\">\n&#8211;\n<\/p>\n<p class=\"v-scr__n-c v-scr__n-c--3 \">\n 87\n<\/p>\n<p class=\"v-scr__t\">Ja\u00e9n CB<\/p>\n<p><img decoding=\"async\" loading=\"lazy\" src=\"https:\/\/www.europesays.com\/es\/wp-content\/uploads\/2025\/11\/escudo-ja-kZAC--44x44@Leonoticias.jpg\" class=\"v-scr__img\" width=\"44\" height=\"44\" alt=\"Ja\u00e9n CB\"\/><\/p>\n<p class=\"v-scr__p v-scr__p--3\">Felizor (12), L\u00f3pez (4), Ca\u00f1ete (1), Faial (16), Boahen (4), Rodr\u00edguez (6), Balderas (2), Santa B\u00e1rbara (18), Lopes (8), Mart\u00ednez (10), Casas (6), Moreno<\/p>\n<ul class=\"v-u\">\n<li class=\"v-u__l\">\n<p class=\"v-p\">\nParciales<br \/>\n24-24, 45-47; descanso; 71-57, 92-87\n<\/p>\n<\/li>\n<li class=\"v-u__l\">\n<p class=\"v-p\">\n\u00c1rbitros<br \/>\nJaime \u00c1lvarez-Ossorio y Daniel L\u00f3pez\n<\/p>\n<\/li>\n<li class=\"v-u__l\">\n<p class=\"v-p\">\nIncidencias<br \/>\nPartido correspondiente a la octava jornada del grupo Oeste de Segunda FEB disputado en el palacio de deportes Urbano Gonz\u00e1lez Escapa de Le\u00f3n, ante 2.512 espectadores\n<\/p>\n<\/li>\n<\/ul>\n<p class=\"v-p\">Las primeras ventajas fueron para los andaluces, 2-6, tras una canasta sencilla fallada por Amadasun y el Alley-oop &#8216;interruptus&#8217; de los visitantes, en los dos primeros minutos. Y segu\u00edan a lo suyo, se volv\u00edan a colgar del aro ante la inexistente defensa en la pintura y pon\u00edan el 4-12, en el minuto 4. Tras la en\u00e9sima percusi\u00f3n en la zona, y ya con 4-14, llegaba el tiempo muerto de Castillo con un Javi Mart\u00ednez sobresaliendo.<\/p>\n<p class=\"v-p\">Corrigi\u00f3 cosas el equipo, lo primero apretando en defensa y lo segundo cambiando la direcci\u00f3n con la entrada de Cebolla, y un parcial de 6-0 permit\u00eda volver a tomarle el pulso al partido (10-14, min.6). La reacci\u00f3n la culminaba McKay con un triple que devolv\u00eda la igualada, en el minuto 8, a 16 puntos; y la r\u00e9plica la daba L\u00f3pez devolviendo la partida para poner el 16-19. Con un espectacular 3+1 de Deng, adem\u00e1s de un intercambio de canastas, se cerraba el cuarto con empate a 24-24.<\/p>\n<p class=\"v-p\">Sal\u00edan en tromba los locales y Berni Gonz\u00e1lez paraba el duelo tras un 5-0 que daba la primera renta a los blancos, 29-24. Tras el loco primer cuarto, la cosa se tranquilizaba en el segundo, con la Cultural por delante pero sin lograr llevar su renta demasiado lejos: 35-32, en el ecuador del acto. Y si suele ser bastante raro ver un 3+1 en baloncesto, en los dos primeros cuartos el p\u00fablico vio un par, uno por cada lado. Felizor empataba, 41-41, al transformarlo. Y una canasta final de Faial permit\u00eda al colista irse al descanso por delante: 45-47.<\/p>\n<p><img decoding=\"async\" loading=\"lazy\" src=\"https:\/\/www.europesays.com\/es\/wp-content\/uploads\/2025\/11\/_DSC6707-kZAC--1200x841@Leonoticias.jpg\" class=\"v-mdl__img-z\" width=\"1200\" height=\"841\" alt=\"Imagen principal - La Cultural noquea al colista en cinco minutos y se duerme\"\/><\/p>\n<p><img decoding=\"async\" loading=\"lazy\" src=\"https:\/\/www.europesays.com\/es\/wp-content\/uploads\/2025\/11\/_DSC6697-kZAC--1200x851@Leonoticias.jpg\" class=\"v-mdl__img-z\" width=\"1200\" height=\"851\" alt=\"Imagen secundaria 1 - La Cultural noquea al colista en cinco minutos y se duerme\"\/><\/p>\n<p><img decoding=\"async\" loading=\"lazy\" src=\"https:\/\/www.europesays.com\/es\/wp-content\/uploads\/2025\/11\/_DSC6755-kZAC--711x841@Leonoticias.jpg\" class=\"v-mdl__img-z\" width=\"711\" height=\"841\" alt=\"Imagen secundaria 2 - La Cultural noquea al colista en cinco minutos y se duerme\"\/><\/p>\n<p class=\"v-p\">El ritmo anotador se cay\u00f3 en el tercer cuarto. A ambos equipos les costaba ver el aro, m\u00e1s all\u00e1 de los tiros libres, y apenas se mov\u00eda el marcador en medio cuarto, 50-51. El despertador hizo &#8216;ding-Deng&#8217; para que un triple del americano despegara, por fin, a la Cultural, con un parcial fulgurante de 7-0, hasta el 57-51. Romp\u00eda el partido el equipo leon\u00e9s corriendo, defendiendo y anotando, 66-55, con un estelar Amadasum en los \u00faltimos minutos del periodo. El vendaval provocado por el p\u00edvot dejaba casi resuelto el choque -o al menos eso parec\u00eda- en cinco minutos donde secaron a Ja\u00e9n y se escaparon hasta el 71-57.<\/p>\n<p class=\"v-p\">La renta sigui\u00f3 creciendo en el \u00faltimo cuarto, con varias t\u00e9cnicas ante un Ja\u00e9n desesperado. Los locales se iban hasta el 79-62 llevando la fiesta a la grada al ritmo de &#8216;La Morocha&#8217;. Pero parece que Castillo se ol\u00eda lo que estaba por venir: par\u00f3 la \u00faltima reacci\u00f3n jienense con el triple de Faial que establec\u00eda el 80-68, a seis para el final. Y una antideportiva, que acab\u00f3 en 2+1, obligaba a una reacci\u00f3n m\u00e1s profunda porque Ja\u00e9n se pon\u00eda con 80-72 y apretaba las cosas. El parcial segu\u00eda abierto y sangraba. Un 0-12 inesperado establec\u00eda el 80-76 y vaya si hab\u00eda partido. El triple de Santa B\u00e1rbara lo convert\u00eda en un 0-15 y Ja\u00e9n a 1 (80-79), Luis ped\u00eda otro tiempo sin lleg\u00e1rselo a creer.<\/p>\n<p class=\"v-p\">La crisis solo se pudo cortar desde el tiro libre, con la ansiedad persiguiendo a los chavales de blanco. Hayman y Dom\u00ednguez estiraban de nuevo el marcador al 85-79. Con 89-84 se llegaba al \u00faltimo minuto, donde la Cultural se puso seria en defensa. Dom\u00ednguez no pudo cerrarlo con un triple y una falta de Hayman daba tres tiros a Rodr\u00edguez para poner el 89-87, con medio minuto por delante. Deng se equivoc\u00f3, se fue hacia el aro y cometi\u00f3 falta en ataque y daba la \u00faltima posesi\u00f3n a Ja\u00e9n para ganar. Sin embargo Faial devolv\u00eda el regalo y comet\u00eda pasos de salida, devolviendo el bal\u00f3n y las pulsaciones a la Cultural. En los tiros no fallaron los leoneses y Ja\u00e9n se qued\u00f3 sin tiempo. Victoria final, con sudores fr\u00edos inesperados, por 92-87 y tercer triunfo consecutivo.<\/p>\n<p>Reporta un error<\/p>\n","protected":false},"excerpt":{"rendered":"Domingo, 23 de noviembre 2025, 20:58 El equipo de Luis Castillo es impredecible hasta la extenuaci\u00f3n. Capaz de&hellip;\n","protected":false},"author":2,"featured_media":252215,"comment_status":"","ping_status":"","sticky":false,"template":"","format":"standard","meta":{"footnotes":""},"categories":[269],"tags":[299,298,5810,46761,8332,168,25,24,1264,42075,63796,23,167],"class_list":{"0":"post-252214","1":"post","2":"type-post","3":"status-publish","4":"format-standard","5":"has-post-thumbnail","7":"category-baloncesto","8":"tag-baloncesto","9":"tag-basketball","10":"tag-cinco","11":"tag-colista","12":"tag-cultural","13":"tag-deportes","14":"tag-es","15":"tag-espana","16":"tag-minutos","17":"tag-noquea","18":"tag-pletoricos","19":"tag-spain","20":"tag-sports"},"share_on_mastodon":{"url":"https:\/\/pubeurope.com\/@es\/115601663083065909","error":""},"_links":{"self":[{"href":"https:\/\/www.europesays.com\/es\/wp-json\/wp\/v2\/posts\/252214","targetHints":{"allow":["GET"]}}],"collection":[{"href":"https:\/\/www.europesays.com\/es\/wp-json\/wp\/v2\/posts"}],"about":[{"href":"https:\/\/www.europesays.com\/es\/wp-json\/wp\/v2\/types\/post"}],"author":[{"embeddable":true,"href":"https:\/\/www.europesays.com\/es\/wp-json\/wp\/v2\/users\/2"}],"replies":[{"embeddable":true,"href":"https:\/\/www.europesays.com\/es\/wp-json\/wp\/v2\/comments?post=252214"}],"version-history":[{"count":0,"href":"https:\/\/www.europesays.com\/es\/wp-json\/wp\/v2\/posts\/252214\/revisions"}],"wp:featuredmedia":[{"embeddable":true,"href":"https:\/\/www.europesays.com\/es\/wp-json\/wp\/v2\/media\/252215"}],"wp:attachment":[{"href":"https:\/\/www.europesays.com\/es\/wp-json\/wp\/v2\/media?parent=252214"}],"wp:term":[{"taxonomy":"category","embeddable":true,"href":"https:\/\/www.europesays.com\/es\/wp-json\/wp\/v2\/categories?post=252214"},{"taxonomy":"post_tag","embeddable":true,"href":"https:\/\/www.europesays.com\/es\/wp-json\/wp\/v2\/tags?post=252214"}],"curies":[{"name":"wp","href":"https:\/\/api.w.org\/{rel}","templated":true}]}}