{"id":252220,"date":"2025-11-23T23:46:14","date_gmt":"2025-11-23T23:46:14","guid":{"rendered":"https:\/\/www.europesays.com\/es\/252220\/"},"modified":"2025-11-23T23:46:14","modified_gmt":"2025-11-23T23:46:14","slug":"un-thriller-emocional-basado-en-una-novela-espanola-superventas","status":"publish","type":"post","link":"https:\/\/www.europesays.com\/es\/252220\/","title":{"rendered":"un thriller emocional, basado en una novela espa\u00f1ola superventas"},"content":{"rendered":"<p>Netflix ha vuelto a apostar por una novela de Javier Castillo para su nueva minisere en espa\u00f1ol. Para sorpresa de nadie, <strong>&#8216;El cuco de cristal&#8217; <\/strong><strong>ha entrado directa al primer puesto de lo m\u00e1s visto de la plataforma<\/strong>. Seis episodios de esos que empiezas diciendo \u201csolo uno\u201d y cuando te quieres dar cuenta son las tres de la ma\u00f1ana.<\/p>\n<p>La historia gira en torno a Clara Merlo (interpretada por Catalina Sopelana), una m\u00e9dica residente que sufre un infarto y sobrevive gracias a un trasplante de coraz\u00f3n. A partir de ah\u00ed, lo que podr\u00eda ser un simple punto y aparte en su vida se convierte en el inicio de una obsesi\u00f3n: <strong>necesita saber qui\u00e9n era la persona que le don\u00f3 el \u00f3rgano que le ha permitido seguir viva<\/strong>.<\/p>\n<p>                  <img class=\"centro_sinmarco\" height=\"606\" width=\"910\" loading=\"lazy\" decoding=\"async\"  fetchpriority=\"high\"  src=\"https:\/\/www.europesays.com\/es\/wp-content\/uploads\/2025\/11\/1763941573_626_450_1000.jpeg\" alt=\"Eptbwsdzrrekrjl3xsgb5n4ysi\"\/><\/p>\n<p>Esa b\u00fasqueda la lleva hasta Yesques, un peque\u00f1o pueblo ficticio donde descubre que su donante fue un joven marcado por <strong>una tragedia nunca resuelta<\/strong>. Su llegada no pasa desapercibida y reabre heridas, provoca silencios inc\u00f3modos y remueve secretos que llevaban a\u00f1os enterrandos. Jugando constantemente con la duda y con la idea de que, a veces, el silencio puede ser m\u00e1s peligroso que la verdad.<\/p>\n<p>La serie bebe del mismo universo emocional que &#8216;La chica de nieve&#8217; o &#8216;El juego del alma&#8217;, otras adaptaciones de Javier Castillo por la que ya apost\u00f3 Netflix y con las que comparte ese tono de thriller emocional sobre personajes muy rotos. El propio autor ha participado como consultor de guion y se ha asegurado de no solo haya <strong>misterio, tambi\u00e9n dolor, culpa, secretos familiares y relaciones da\u00f1adas<\/strong>.\u00a0<\/p>\n<p>                  <img class=\"centro_sinmarco\" height=\"1440\" width=\"2560\" loading=\"lazy\" decoding=\"async\"  fetchpriority=\"high\"  src=\"https:\/\/www.europesays.com\/es\/wp-content\/uploads\/2025\/11\/1763941573_771_450_1000.jpeg\" alt=\"El20de Cristal\"\/><\/p>\n<p>Aunque la acci\u00f3n de la novela se situaba en un pueblo ficticio de Misuri, en la serie se traslada a Espa\u00f1a. Y, aunque como dec\u00edamos, Yesques no existe realmente, el rodaje tuvo lugar en en <strong>el municipio cacere\u00f1o de Herv\u00e1s<\/strong> y en localizaciones del Valle del Ambroz, en Extremadura. El resultado es un entorno rural que juega un papel clave a la hora de recrear ese tono opresivo y enrarecido del que se retroalimenta la historia.<\/p>\n<p>En el reparto, a Sopelana la acompa\u00f1an algunos rostros reconocibles como \u00c1lex Garc\u00eda, Itziar Itu\u00f1o, Iv\u00e1n Massagu\u00e9, Tom\u00e1s del Estal y Alfons Nieto. En cuanto al t\u00edtulo, &#8216;El cuco de cristal&#8217; alude a una met\u00e1fora: el cuco es un ave que deposita sus huevos en nidos ajenos, forzando a otras especies a criar a sus cr\u00edas. Un comportamiento que, en esta ficci\u00f3n, se relaciona con la idea de invasi\u00f3n, herencia, supervivencia, adem\u00e1s de ciertas <strong>din\u00e1micas t\u00f3xicas que se repiten generaci\u00f3n tras generaci\u00f3n<\/strong>.<\/p>\n<p>                  <img class=\"centro_sinmarco\" height=\"600\" width=\"900\" loading=\"lazy\" decoding=\"async\"  fetchpriority=\"high\"  src=\"https:\/\/www.europesays.com\/es\/wp-content\/uploads\/2025\/11\/1763941574_437_450_1000.jpeg\" alt=\"El Cuco De Cristal\"\/><\/p>\n<p>As\u00ed que, si te gustan los thrillers psicol\u00f3gicos, este ofrece una <strong>est\u00e9tica cuidada, ambientaci\u00f3n rural, personajes rotos y mucha tensi\u00f3n<\/strong>. Una miniserie que tiene todos los ingredientes para darse un atrac\u00f3n de televisi\u00f3n en el sof\u00e1.<\/p>\n<p>Fotos | Netflix<\/p>\n<p>En Trendencias | <a class=\"text-outboundlink\" href=\"https:\/\/www.trendencias.com\/propuestas-y-consejos\/33-mejores-series-netflix-que-puedes-ver-ahora\" data-vars-post-title=\"Las 36 mejores series de Netflix que puedes ver ahora mismo\" data-vars-post-url=\"https:\/\/www.trendencias.com\/propuestas-y-consejos\/33-mejores-series-netflix-que-puedes-ver-ahora\" rel=\"nofollow noopener\" target=\"_blank\">Las 36 mejores series de Netflix que puedes ver ahora mismo<\/a><\/p>\n","protected":false},"excerpt":{"rendered":"Netflix ha vuelto a apostar por una novela de Javier Castillo para su nueva minisere en espa\u00f1ol. Para&hellip;\n","protected":false},"author":2,"featured_media":252221,"comment_status":"","ping_status":"","sticky":false,"template":"","format":"standard","meta":{"footnotes":""},"categories":[171],"tags":[146,147,25,24,23,214],"class_list":{"0":"post-252220","1":"post","2":"type-post","3":"status-publish","4":"format-standard","5":"has-post-thumbnail","7":"category-tv","8":"tag-entertainment","9":"tag-entretenimiento","10":"tag-es","11":"tag-espana","12":"tag-spain","13":"tag-tv"},"share_on_mastodon":{"url":"https:\/\/pubeurope.com\/@es\/115601683249897032","error":""},"_links":{"self":[{"href":"https:\/\/www.europesays.com\/es\/wp-json\/wp\/v2\/posts\/252220","targetHints":{"allow":["GET"]}}],"collection":[{"href":"https:\/\/www.europesays.com\/es\/wp-json\/wp\/v2\/posts"}],"about":[{"href":"https:\/\/www.europesays.com\/es\/wp-json\/wp\/v2\/types\/post"}],"author":[{"embeddable":true,"href":"https:\/\/www.europesays.com\/es\/wp-json\/wp\/v2\/users\/2"}],"replies":[{"embeddable":true,"href":"https:\/\/www.europesays.com\/es\/wp-json\/wp\/v2\/comments?post=252220"}],"version-history":[{"count":0,"href":"https:\/\/www.europesays.com\/es\/wp-json\/wp\/v2\/posts\/252220\/revisions"}],"wp:featuredmedia":[{"embeddable":true,"href":"https:\/\/www.europesays.com\/es\/wp-json\/wp\/v2\/media\/252221"}],"wp:attachment":[{"href":"https:\/\/www.europesays.com\/es\/wp-json\/wp\/v2\/media?parent=252220"}],"wp:term":[{"taxonomy":"category","embeddable":true,"href":"https:\/\/www.europesays.com\/es\/wp-json\/wp\/v2\/categories?post=252220"},{"taxonomy":"post_tag","embeddable":true,"href":"https:\/\/www.europesays.com\/es\/wp-json\/wp\/v2\/tags?post=252220"}],"curies":[{"name":"wp","href":"https:\/\/api.w.org\/{rel}","templated":true}]}}