{"id":252224,"date":"2025-11-23T23:49:10","date_gmt":"2025-11-23T23:49:10","guid":{"rendered":"https:\/\/www.europesays.com\/es\/252224\/"},"modified":"2025-11-23T23:49:10","modified_gmt":"2025-11-23T23:49:10","slug":"triunfo-solido-y-trabajado-del-racing-en-el-plantio-0-2-real-racing-club","status":"publish","type":"post","link":"https:\/\/www.europesays.com\/es\/252224\/","title":{"rendered":"Triunfo s\u00f3lido y trabajado del Racing en El Plant\u00edo (0-2) | Real Racing Club"},"content":{"rendered":"<p class=\"Paragraph SCXW199766784 BCX0\"><strong>S\u00f3lido y trabajado<\/strong>. As\u00ed fue el <strong>triunfo<\/strong> conseguido por el <strong>Racing en El Plant\u00edo<\/strong> (0-2), donde no ganaba desde 2017. La escuadra c\u00e1ntabra, que cont\u00f3 con el respaldo de <strong>900 aficionados<\/strong>, super\u00f3 al Burgos CF gracias a los <strong>tantos anotados por <\/strong><strong>Maguette<\/strong>, de cabeza en el primer periodo, <strong>y <\/strong><strong>Villalibre<\/strong>, con un lanzamiento cruzado en el segundo. El cuadro racinguista, que este curso 2025\/26 presenta sobresalientes n\u00fameros a domicilio, cuenta con <strong>29 puntos<\/strong> en su casillero y <strong>encabeza la tabla de Segunda Divisi\u00f3n junto al Deportivo y la Uni\u00f3n Deportiva Las Palmas<\/strong>, que tienen los mismos registros. Paso a paso.\u00a0\u00a0\u00a0\u00a0\u00a0\u00a0\u00a0<\/p>\n<p class=\"Paragraph SCXW199766784 BCX0\"><strong>Salinas <\/strong>en el lateral izquierdo, <strong>Gustavo Puerta<\/strong> en el doble pivote y <strong>Canales <\/strong>en la mediapunta fueron las <strong>tres novedades del 11 presentado por Jos\u00e9 Alberto<\/strong> en Burgos, respecto al presentado el pasado fin de semana ante el Granada CF en los Campos de Sport -Michelin fue la \u00fanica baja de los verdiblancos para la decimoquinta jornada de LaLiga Hypermotion-.\u00a0\u00a0<\/p>\n<p class=\"Paragraph SCXW199766784 BCX0\">El encuentro entre racinguistas y burgaleses, <strong>dos equipos situados en la zona alta de la tabla<\/strong>, arranc\u00f3 con una buena oportunidad de Villalibre antes del cuarto de hora y una combinaci\u00f3n entre Puerta y Andr\u00e9s, pasado el 20, que el andaluz finaliz\u00f3 con un tiro que se fue escorado a la derecha. El conjunto c\u00e1ntabro generaba m\u00e1s peligro que su rival, pero al filo de la media hora los locales estrellaron una falta lejana en el poste derecho de la porter\u00eda defendida por Ezkieta.\u00a0\u00a0<\/p>\n<p>\nGol de pizarra\u00a0\n<\/p>\n<p class=\"Paragraph SCXW199766784 BCX0\">Poco despu\u00e9s, y tambi\u00e9n <strong>a bal\u00f3n parado, los santanderinos hicieron el 0-1<\/strong>. <strong>Andr\u00e9s ejecut\u00f3 un c\u00f3rner<\/strong> desde la derecha, <strong>Salinas pein\u00f3<\/strong> el bal\u00f3n en el primer palo <strong>y <\/strong><strong>Maguette<\/strong><strong>, en segundo, cabece\u00f3 a la red<\/strong>. Jugada de pizarra. El centrocampista senegal\u00e9s convirti\u00f3 <strong>su primera diana de la campa\u00f1a 2025\/26<\/strong> y propici\u00f3 que el fondo noroeste de El Plant\u00edo fuera verdiblanco. Y antes del descanso el Racing protagoniz\u00f3 otra buena llegada despu\u00e9s de que Villalibre combinara con Andr\u00e9s y finalizara la acci\u00f3n con un lanzamiento cruzado que Cantero despej\u00f3 con apuros.\u00a0<\/p>\n<p>\u00a0<\/p>\n<p>\u00a0<\/p>\n<p class=\"Paragraph SCXW199766784 BCX0\">El segundo periodo comenz\u00f3 con una r\u00e1pida contra del Racing entre Vicente, Andr\u00e9s y Canales que \u00e9ste \u00faltimo envi\u00f3 alta. La r\u00e9plica del Burgos CF, a bal\u00f3n parado, fue un remate de Grego de cabeza que se march\u00f3 fuera por poco antes de que los verdiblancos, con suspense, marcaran el segundo. <strong>Villalibre \u2018rob\u00f3 la cartera\u2019 a la zaga local, aprovech\u00f3 un bal\u00f3n largo metido por Salinas <\/strong><strong>y con la izquierda bati\u00f3 a Cantero<\/strong> con un disparo cruzado desde el interior del \u00e1rea. El colegiado, inicialmente, se\u00f1al\u00f3 falta del atacante, pero tras consultar la pantalla del <strong>VAR <\/strong>vio que la acci\u00f3n hab\u00eda sido legal. El \u2018B\u00fafalo\u2019 hizo <strong>su noveno gol <\/strong><strong>de la presente edici\u00f3n de LaLiga Hypermotion<\/strong> antes de dejar su plaza a Jeremy, que en el 62 entr\u00f3 junto a Sangalli.\u00a0<\/p>\n<p>\nSolidario\u00a0\n<\/p>\n<p class=\"Paragraph SCXW199766784 BCX0\">La escuadra c\u00e1ntabra estaba c\u00f3moda y Andr\u00e9s protagoniz\u00f3 dos incisivas internadas por la derecha antes de dejar, en el 77, su sitio a Suleiman. Jos\u00e9 Alberto met\u00eda hombres de refresco y en el 82 Mantilla, a causa de una dolencia muscular, fue sustituido por Facu -en el mismo instante Aldasoro supli\u00f3 a Canales. Tras ese doble cambio, Suleiman protagoniz\u00f3 una veloz internada por la izquierda, se plant\u00f3 en la frontal y cedi\u00f3 la pelota a <strong>Jeremy<\/strong>, que <strong>sac\u00f3 un colocado lanzamiento que se estrell\u00f3 contra la madera<\/strong>. Gran jugada. De ah\u00ed al final, el colegiado a\u00f1adi\u00f3 10 minutos, pero<strong> el Racing mantuvo el control del partido y se llev\u00f3 los tres puntos en juego<\/strong>.\u00a0<\/p>\n<p class=\"Paragraph SCXW199766784 BCX0\"><strong>Jos\u00e9 Alberto<\/strong> defini\u00f3 la <strong>victoria <\/strong>de su equipo como \u201c<strong>seria, trabajada y solidaria<\/strong>. Hemos estado realmente bien, somos merecedores de ella. <strong>Todo el equipo ha estado <\/strong><strong>bien y el problema es que solo puedo poner a 11 y luego meter a cinco<\/strong> desde el banquillo\u2026 pero benditas decisiones con el rendimiento del equipo\u201d. El t\u00e9cnico a\u00f1adi\u00f3 que \u201c<strong>tenemos que crecer desde la solidez defensiva<\/strong><strong>, pero sin dejar de ser lo que somos<\/strong>\u201d.<\/p>\n<p>\nFICHA T\u00c9CNICA\u00a0\n<\/p>\n<p class=\"Paragraph SCXW199766784 BCX0\"><strong>Burgos CF:<\/strong> Cantero, Lizancos, Atienza, Sergio Gonz\u00e1lez (A. C\u00f3rdoba, 62), Grego, Fer Ni\u00f1o, Miguel, David (Mollejo, 74), Curro (Appin, 62), I. C\u00f3rdoba (Mario G., 62) y Morante (Mateo, 86).\u00a0<\/p>\n<p class=\"Paragraph SCXW199766784 BCX0\"><strong>Racing:<\/strong> Ezkieta, Mantilla, Javi Castro, Pablo Ram\u00f3n, Salinas; Maguette, Gustavo Puerta, Andr\u00e9s (Suleiman, 77), Canales, Vicente (Sangalli, 62); Villalibre (Jeremy, 62).\u00a0\u00a0\u00a0<\/p>\n<p class=\"Paragraph SCXW199766784 BCX0\"><strong>\u00c1rbitro<\/strong><strong>: <\/strong>Luis Bestard (balear). Expuls\u00f3 al entrenador del Burgos CF, Ramis, en el minuto 89. Amonest\u00f3 a los verdiblancos Pablo Ram\u00f3n, Mantilla, Maguette y Aldasoro, as\u00ed como a los locales Lizancos, David Gonz\u00e1lez, Morante y Miguel.\u00a0\u00a0\u00a0<\/p>\n<p class=\"Paragraph SCXW199766784 BCX0\"><strong>Goles: <\/strong>0-1. Minuto 32. Maguette; 0-2. Minuto 55. Villalibre.\u00a0\u00a0<\/p>\n<p class=\"Paragraph SCXW199766784 BCX0\"><strong>Incidencias:<\/strong> decimoquinta jornada de LaLiga Hypermotion 2025\/26. El Plant\u00edo. 11.087 espectadores, entre los que hab\u00eda 900 racinguistas. Los capitanes de ambos equipos lucieron brazaletes contra la violencia machista (morados con la inscripci\u00f3n 25N) y se guard\u00f3 un minuto de silencio en memoria de todas las mujeres v\u00edctimas de esta lacra social.\u00a0\u00a0<\/p>\n","protected":false},"excerpt":{"rendered":"S\u00f3lido y trabajado. As\u00ed fue el triunfo conseguido por el Racing en El Plant\u00edo (0-2), donde no ganaba&hellip;\n","protected":false},"author":2,"featured_media":252225,"comment_status":"","ping_status":"","sticky":false,"template":"","format":"standard","meta":{"footnotes":""},"categories":[93],"tags":[168,25,24,23,167],"class_list":{"0":"post-252224","1":"post","2":"type-post","3":"status-publish","4":"format-standard","5":"has-post-thumbnail","7":"category-deportes","8":"tag-deportes","9":"tag-es","10":"tag-espana","11":"tag-spain","12":"tag-sports"},"share_on_mastodon":{"url":"https:\/\/pubeurope.com\/@es\/115601694152116411","error":""},"_links":{"self":[{"href":"https:\/\/www.europesays.com\/es\/wp-json\/wp\/v2\/posts\/252224","targetHints":{"allow":["GET"]}}],"collection":[{"href":"https:\/\/www.europesays.com\/es\/wp-json\/wp\/v2\/posts"}],"about":[{"href":"https:\/\/www.europesays.com\/es\/wp-json\/wp\/v2\/types\/post"}],"author":[{"embeddable":true,"href":"https:\/\/www.europesays.com\/es\/wp-json\/wp\/v2\/users\/2"}],"replies":[{"embeddable":true,"href":"https:\/\/www.europesays.com\/es\/wp-json\/wp\/v2\/comments?post=252224"}],"version-history":[{"count":0,"href":"https:\/\/www.europesays.com\/es\/wp-json\/wp\/v2\/posts\/252224\/revisions"}],"wp:featuredmedia":[{"embeddable":true,"href":"https:\/\/www.europesays.com\/es\/wp-json\/wp\/v2\/media\/252225"}],"wp:attachment":[{"href":"https:\/\/www.europesays.com\/es\/wp-json\/wp\/v2\/media?parent=252224"}],"wp:term":[{"taxonomy":"category","embeddable":true,"href":"https:\/\/www.europesays.com\/es\/wp-json\/wp\/v2\/categories?post=252224"},{"taxonomy":"post_tag","embeddable":true,"href":"https:\/\/www.europesays.com\/es\/wp-json\/wp\/v2\/tags?post=252224"}],"curies":[{"name":"wp","href":"https:\/\/api.w.org\/{rel}","templated":true}]}}