{"id":252236,"date":"2025-11-23T23:55:21","date_gmt":"2025-11-23T23:55:21","guid":{"rendered":"https:\/\/www.europesays.com\/es\/252236\/"},"modified":"2025-11-23T23:55:21","modified_gmt":"2025-11-23T23:55:21","slug":"el-golpismo-invertido-de-sanchez-para-sobrevivir-jugamos-con-fuego","status":"publish","type":"post","link":"https:\/\/www.europesays.com\/es\/252236\/","title":{"rendered":"El golpismo invertido de S\u00e1nchez para sobrevivir: \u00abJugamos con fuego\u00bb"},"content":{"rendered":"<p>Los alcaldes socialistas empiezan a moverse poco a poco. Est\u00e1n completamente solos porque ya <b>no les queda ni el apoyo de dirigentes auton\u00f3micos que en 2023 no hab\u00edan pasado todav\u00eda por el cadalso del \u00absanchismo\u00bb<\/b>. Pedro S\u00e1nchez controla todo el aparato socialista en un marco en el que el poder territorial de su partido qued\u00f3 completamente desmantelado en las elecciones auton\u00f3micas y municipales de 2023.<\/p>\n<p>En el PSOE asisten con preocupaci\u00f3n creciente, y en alerta, a la estrategia de supervivencia pol\u00edtica que est\u00e1n ejecutando desde Moncloa para hacer frente a la condena del fiscal general del Estado, \u00c1lvaro Garc\u00eda Ort\u00edz, y a los casos de corrupci\u00f3n. No es casualidad que, despu\u00e9s de una semana negra en los tribunales \u2013informe Cerd\u00e1n, la petici\u00f3n de 24 a\u00f1os de c\u00e1rcel para \u00c1balos por parte de Anticorrupci\u00f3n y la condena al fiscal general del Estado\u2013, S\u00e1nchez y sus portavoces hayan puesto en marcha<b> la m\u00e1quina de triturar al Poder Judicial.<\/b> \u00abGolpe letal\u00bb, golpismo judicial\u00bb&#8230; Una ofensiva que sube varios grados lo que se ha visto hasta ahora, con el riesgo de terminar de dinamitar los cimientos de convivencia democr\u00e1tica, de alentar deliberadamente el enfrentamiento entre instituciones y de sembrar en la ciudadan\u00eda la semilla de la desconfianza. No es un discurso nuevo, pero s\u00ed crecido en decibelios.<\/p>\n<p>Esto preocupa en el PSOE, pero <b>S\u00e1nchez puede hacer lo que le d\u00e9 la gana porque ya no tiene partido<\/b>. El ej\u00e9rcito de ministros, que ha mandado a encabezar la oposici\u00f3n en varias comunidades aut\u00f3nomas, no tiene m\u00e1s proyecto que conseguir que sus competidores del PP tengan que formar gobierno con ayuda de Vox, pero no tanto porque est\u00e9n pensando en sus intereses pol\u00edticos, sino porque es el encargo que han recibido del presidente del Gobierno.<\/p>\n<p>Con la excepci\u00f3n del presidente de la Junta de Castilla-La Mancha, Emiliano Garc\u00eda-Page, y voces como la del expresidente del Gobierno Felipe Gonz\u00e1lez, el PSOE es un partido muerto.<\/p>\n<p><b>Los alcaldes han visto la jugada<\/b>, e intentan anticiparse a otra debacle territorial sin la baza de las cartas que esconde en la manga el l\u00edder socialista. \u00abNo funcionan ni como ministros ni como candidatos\u00bb, se escucha decir, internamente, con el dedo apuntando a Mar\u00eda Jes\u00fas Montero, a \u00d3scar L\u00f3pez, a \u00c1ngel V\u00edctor Torres o a Pilar Alegr\u00eda.<\/p>\n<p>En el PSOE no hay capacidad de revuelta porque <b>el partido ha sido desmantelado para sostener al secretario general<\/b>. La operaci\u00f3n es la misma que aspiran a repetir ahora de nuevo para que, a costa de los territorios, y de que crezca la extrema derecha, S\u00e1nchez pueda movilizarse con m\u00e1s fuerza cuando lleguen las elecciones generales y, de esta forma, tenga margen para mantenerse en la Secretar\u00eda General del partido.<\/p>\n<p>La consigna para la campa\u00f1a que se viene no tiene m\u00e1s objetivo que el de <b>multiplicar la crispaci\u00f3n y el enfrentamiento guerra civilista<\/b> entre bloques. La decisi\u00f3n de S\u00e1nchez de tapar a sus candidatos, para actuar \u00e9l de alter ego de los dirigentes del PP, tambi\u00e9n siembra dudas dentro del partido porque, seg\u00fan sus c\u00e1lculos, que coinciden con el an\u00e1lisis que hacen en algunas organizaciones federales socialistas, s\u00f3lo sirve para reforzar a\u00fan m\u00e1s a los candidatos del PP. Es decir, vuelve ese debate sobre que S\u00e1nchez no es un candidato que les sume y que deber\u00eda hacerse a un lado en un proceso electoral en el que el PSOE se juega buena parte de su raz\u00f3n de ser.<\/p>\n<p>\u00abNo hay mecanismo para librarse de \u00e9l. Hay una mayor\u00eda silenciosa que observa con grave preocupaci\u00f3n lo que est\u00e1 sucediendo, y que ve a S\u00e1nchez como el principal lastre electoral del PSOE, pero que no tiene ning\u00fan instrumento a su alcance para actuar\u00bb. Extremadura ser\u00e1 el primer examen y la primera constataci\u00f3n de que S\u00e1nchez no est\u00e1 en una operaci\u00f3n para recuperar gobiernos auton\u00f3micos, ni siquiera uno como este en el que el PSOE siempre ha ostentado una posici\u00f3n hegem\u00f3nica. \u00abTenemos a un secretario general que parece que act\u00faa pensando que los barones son siempre un problema. <b>Mejor no tener poder que tener barones\u00bb. <\/b><\/p>\n<p>Presentar como candidato a Miguel \u00c1ngel Gallardo es la constataci\u00f3n de que el PSOE no trabaja para conseguir recuperar esa comunidad aut\u00f3noma. En Moncloa aprieta mucho m\u00e1s poner sordina a los casos de corrupci\u00f3n que est\u00e1n en los juzgados y, sobre todo, convertirlos en un arma de movilizaci\u00f3n de la izquierda a costa de llenar de fango a los m\u00e1ximos representantes del Poder Judicial espa\u00f1ol.<\/p>\n","protected":false},"excerpt":{"rendered":"Los alcaldes socialistas empiezan a moverse poco a poco. Est\u00e1n completamente solos porque ya no les queda ni&hellip;\n","protected":false},"author":2,"featured_media":252237,"comment_status":"","ping_status":"","sticky":false,"template":"","format":"standard","meta":{"footnotes":""},"categories":[8],"tags":[17,18,25,24,13,14,11,19,20,9,10,15,16,23,12,21,22],"class_list":{"0":"post-252236","1":"post","2":"type-post","3":"status-publish","4":"format-standard","5":"has-post-thumbnail","7":"category-espana","8":"tag-breaking-news","9":"tag-breakingnews","10":"tag-es","11":"tag-espana","12":"tag-featured-news","13":"tag-featurednews","14":"tag-headlines","15":"tag-latest-news","16":"tag-latestnews","17":"tag-news","18":"tag-noticias","19":"tag-noticias-destacadas","20":"tag-noticiasdestacadas","21":"tag-spain","22":"tag-titulares","23":"tag-ultimas-noticias","24":"tag-ultimasnoticias"},"share_on_mastodon":{"url":"https:\/\/pubeurope.com\/@es\/115601717610258006","error":""},"_links":{"self":[{"href":"https:\/\/www.europesays.com\/es\/wp-json\/wp\/v2\/posts\/252236","targetHints":{"allow":["GET"]}}],"collection":[{"href":"https:\/\/www.europesays.com\/es\/wp-json\/wp\/v2\/posts"}],"about":[{"href":"https:\/\/www.europesays.com\/es\/wp-json\/wp\/v2\/types\/post"}],"author":[{"embeddable":true,"href":"https:\/\/www.europesays.com\/es\/wp-json\/wp\/v2\/users\/2"}],"replies":[{"embeddable":true,"href":"https:\/\/www.europesays.com\/es\/wp-json\/wp\/v2\/comments?post=252236"}],"version-history":[{"count":0,"href":"https:\/\/www.europesays.com\/es\/wp-json\/wp\/v2\/posts\/252236\/revisions"}],"wp:featuredmedia":[{"embeddable":true,"href":"https:\/\/www.europesays.com\/es\/wp-json\/wp\/v2\/media\/252237"}],"wp:attachment":[{"href":"https:\/\/www.europesays.com\/es\/wp-json\/wp\/v2\/media?parent=252236"}],"wp:term":[{"taxonomy":"category","embeddable":true,"href":"https:\/\/www.europesays.com\/es\/wp-json\/wp\/v2\/categories?post=252236"},{"taxonomy":"post_tag","embeddable":true,"href":"https:\/\/www.europesays.com\/es\/wp-json\/wp\/v2\/tags?post=252236"}],"curies":[{"name":"wp","href":"https:\/\/api.w.org\/{rel}","templated":true}]}}