{"id":252238,"date":"2025-11-23T23:56:11","date_gmt":"2025-11-23T23:56:11","guid":{"rendered":"https:\/\/www.europesays.com\/es\/252238\/"},"modified":"2025-11-23T23:56:11","modified_gmt":"2025-11-23T23:56:11","slug":"empate-en-elche","status":"publish","type":"post","link":"https:\/\/www.europesays.com\/es\/252238\/","title":{"rendered":"Empate en Elche"},"content":{"rendered":"<p>La primera mitad avanzaba con un ritmo vertiginoso. I\u00f1aki Pe\u00f1a evit\u00f3 hasta en dos ocasiones el tanto de\u00a0<b>Mbapp\u00e9<\/b>. Primero estuvo m\u00e1s acertado en un mano a mano y, despu\u00e9s, despej\u00f3 el remate de primeras del madridista tras un centro medido de Trent desde la derecha. Antes del descanso,\u00a0<b>Courtois<\/b>\u00a0neg\u00f3 el gol a Andr\u00e9 Silva, de nuevo con una parada con el pie.\u00a0<\/p>\n<p><b>Se adelanta el Elche<\/b><br \/>Tras el paso por vestuarios lo intent\u00f3\u00a0<b>Rodrygo<\/b>, pero I\u00f1aki Pe\u00f1a segu\u00eda inspirado y repeli\u00f3 el tiro al primer palo del brasile\u00f1o. En el 53\u2019, Febas cruz\u00f3 un bal\u00f3n ante Courtois que se introdujo en la porter\u00eda despu\u00e9s de tocar el palo para poner el 1-0 en el marcador. M\u00e1s tarde,\u00a0<b>Vini Jr.<\/b>\u00a0se plant\u00f3 solo en el \u00e1rea, pero\u00a0la defensa<b>\u00a0<\/b>desvi\u00f3 su pase con peligro hacia\u00a0<b>Mbapp\u00e9<\/b>. En el 77&#8242;, <b>Trent <\/b>puso un potente centro al \u00e1rea y el larguero evit\u00f3 que el despeje de Marc Aguado se introdujera en su propia porter\u00eda.\u00a0<\/p>\n<p><b>Un final de partido de alto voltaje<\/b><br \/>Nuestro equipo buscaba el empate con insistencia y lo encontr\u00f3 justo despu\u00e9s, cuando\u00a0<b>Huijsen<\/b>\u00a0caz\u00f3 un bal\u00f3n que qued\u00f3 suelto en el \u00e1rea tras un saque de esquina. Con el 1-1 el partido se convirti\u00f3 en un duelo de ida y vuelta y el Elche lo aprovech\u00f3. \u00c1lvaro Rodr\u00edguez devolvi\u00f3 la ventaja a los locales en el 84\u2019, pero dos minutos m\u00e1s tarde lleg\u00f3 el 2-2. Huijsen cabece\u00f3 en el segundo palo una falta lateral,\u00a0<b>Bellingham<\/b>\u00a0remat\u00f3 en el \u00e1rea, sac\u00f3 Pe\u00f1a,\u00a0<b>Mbapp\u00e9<\/b>\u00a0salv\u00f3 sobre la l\u00ednea y cedi\u00f3 atr\u00e1s al ingl\u00e9s, que marc\u00f3 a placer. Ya en el a\u00f1adido,\u00a0<b>Gonzalo<\/b>\u00a0pudo certificar la remontada pero su remate se march\u00f3 rozando el palo.<\/p>\n","protected":false},"excerpt":{"rendered":"La primera mitad avanzaba con un ritmo vertiginoso. I\u00f1aki Pe\u00f1a evit\u00f3 hasta en dos ocasiones el tanto de\u00a0Mbapp\u00e9.&hellip;\n","protected":false},"author":2,"featured_media":252239,"comment_status":"","ping_status":"","sticky":false,"template":"","format":"standard","meta":{"footnotes":""},"categories":[5],"tags":[17,18,25,24,13,14,11,19,20,9,10,15,16,23,12,21,22],"class_list":{"0":"post-252238","1":"post","2":"type-post","3":"status-publish","4":"format-standard","5":"has-post-thumbnail","7":"category-titulares","8":"tag-breaking-news","9":"tag-breakingnews","10":"tag-es","11":"tag-espana","12":"tag-featured-news","13":"tag-featurednews","14":"tag-headlines","15":"tag-latest-news","16":"tag-latestnews","17":"tag-news","18":"tag-noticias","19":"tag-noticias-destacadas","20":"tag-noticiasdestacadas","21":"tag-spain","22":"tag-titulares","23":"tag-ultimas-noticias","24":"tag-ultimasnoticias"},"share_on_mastodon":{"url":"https:\/\/pubeurope.com\/@es\/115601721456782909","error":""},"_links":{"self":[{"href":"https:\/\/www.europesays.com\/es\/wp-json\/wp\/v2\/posts\/252238","targetHints":{"allow":["GET"]}}],"collection":[{"href":"https:\/\/www.europesays.com\/es\/wp-json\/wp\/v2\/posts"}],"about":[{"href":"https:\/\/www.europesays.com\/es\/wp-json\/wp\/v2\/types\/post"}],"author":[{"embeddable":true,"href":"https:\/\/www.europesays.com\/es\/wp-json\/wp\/v2\/users\/2"}],"replies":[{"embeddable":true,"href":"https:\/\/www.europesays.com\/es\/wp-json\/wp\/v2\/comments?post=252238"}],"version-history":[{"count":0,"href":"https:\/\/www.europesays.com\/es\/wp-json\/wp\/v2\/posts\/252238\/revisions"}],"wp:featuredmedia":[{"embeddable":true,"href":"https:\/\/www.europesays.com\/es\/wp-json\/wp\/v2\/media\/252239"}],"wp:attachment":[{"href":"https:\/\/www.europesays.com\/es\/wp-json\/wp\/v2\/media?parent=252238"}],"wp:term":[{"taxonomy":"category","embeddable":true,"href":"https:\/\/www.europesays.com\/es\/wp-json\/wp\/v2\/categories?post=252238"},{"taxonomy":"post_tag","embeddable":true,"href":"https:\/\/www.europesays.com\/es\/wp-json\/wp\/v2\/tags?post=252238"}],"curies":[{"name":"wp","href":"https:\/\/api.w.org\/{rel}","templated":true}]}}