{"id":252251,"date":"2025-11-24T00:11:10","date_gmt":"2025-11-24T00:11:10","guid":{"rendered":"https:\/\/www.europesays.com\/es\/252251\/"},"modified":"2025-11-24T00:11:10","modified_gmt":"2025-11-24T00:11:10","slug":"tres-grandes-peliculas-para-ver-esta-semana-antes-que-netflix-las-elimine","status":"publish","type":"post","link":"https:\/\/www.europesays.com\/es\/252251\/","title":{"rendered":"Tres grandes pel\u00edculas para ver esta semana antes que Netflix las elimine"},"content":{"rendered":"<p>Debido a que hay que hacer espacio para lo nuevo que llega a la plataforma, <strong><a href=\"https:\/\/www.quever.news\/temas\/netflix-7.html\" class=\"agrupador\" rel=\"11194 nofollow noopener\" target=\"_blank\">Netflix<\/a><\/strong> debe estar constantemente anunciando a sus suscriptores cu\u00e1les ser\u00e1n las pr\u00f3ximas series y pel\u00edculas en abandonar el cat\u00e1logo. Y las \u00faltimas semanas de noviembre estar\u00e1n marcadas por el \u2018adi\u00f3s\u2019 a varias joyitas imperdibles.<\/p>\n<p> Desde pel\u00edculas de gran calidad y que ya tienen varios a\u00f1os, hasta producciones m\u00e1s recientes y populares que lamentablemente deben rotar y pasar a formar parte de otras plataformas. A continuaci\u00f3n, te recomendamos tres <strong><a href=\"https:\/\/www.quever.news\/temas\/peliculas-649.html\" target=\"_blank\" rel=\"follow nofollow noopener\">pel\u00edculas<\/a><\/strong> que pronto ser\u00e1n eliminadas de <strong>Netflix <\/strong>pero vas a querer aprovechar a ver cuanto antes. \u00a1No te las pierdas!<\/p>\n<p>\t\t Taxi Driver (1976) &#8211; 30 de noviembre   <\/p>\n<p> Taxi Driver &#8211; Tr\u00e1iler Original   <\/p>\n<p> Taxi Driver &#8211; Tr\u00e1iler Original<\/p>\n<p>Nunca viene mal revisitar un cl\u00e1sico, as\u00ed que no dejes pasar este incre\u00edble thriller que <a href=\"https:\/\/www.quever.news\/temas\/martin-scorsese-447.html\" target=\"_blank\" rel=\"follow nofollow noopener\">Martin Scorsese<\/a> dirigi\u00f3 en la d\u00e9cada del 70 y a\u00fan parece no haber perdido vigencia. Si bien este t\u00edtulo siempre est\u00e1 yendo y viniendo de <strong>Netflix<\/strong>, aseg\u00farate de verlo antes de que sea eliminado a finales de noviembre. <\/p>\n<p>Recordemos que el protagonista de la historia es Travis Bickle, interpretado por <a href=\"https:\/\/www.quever.news\/temas\/robert-de-niro-555.html\" target=\"_blank\" rel=\"follow nofollow noopener\">Robert De Niro<\/a>, un veterano de la Guerra de Vietnam que, debido a su insomnio, trabaja como taxista nocturno. A medida que la rabia y paranoia se apoderan de \u00e9l, Travis se adentra en una violenta confrontaci\u00f3n con un grupo de proxenetas que opera en las calles de Nueva York.<\/p>\n<p>\t \t Paranoia (2007) &#8211; 26 de noviembre  <\/p>\n<p> Paranoia arrasa en Netflix a 17 a\u00f1os de su estreno   <\/p>\n<p>  <img loading=\"lazy\" decoding=\"async\" src=\"https:\/\/www.quever.news\/css-custom\/374\/lazy.svg\" data-td-src-property=\"https:\/\/media.quever.news\/p\/7e3a58597bf1df41401b3db2a16d7d11\/adjuntos\/374\/imagenes\/000\/022\/0000022226\/760x0\/smart\/paranoia-arrasa-netflix-17-anos-su-estreno.jpg\" alt=\"Paranoia pronto ser\u00e1 eliminada del cat\u00e1logo de Netflix\" title=\"Paranoia pronto ser\u00e1 eliminada del cat\u00e1logo de Netflix\" width=\"760\" height=\"427\" id=\"22147-Libre-1310928004_embed\"\/>  <\/p>\n<p> Paranoia pronto ser\u00e1 eliminada del cat\u00e1logo de Netflix<\/p>\n<p>Paramount Pictures<\/p>\n<p>Otra <strong>pel\u00edcula <\/strong>que vas a querer ver antes de que sea demasiado tarde es este thriller dirigido por <a href=\"https:\/\/es.wikipedia.org\/wiki\/D.J._Caruso\" target=\"_blank\" rel=\"nofollow noopener\">D.J. Caruso<\/a> e inspirado en el cl\u00e1sico de Alfred Hitchcock, La ventana indiscreta. Es as\u00ed como conocemos a Kale (Shia LaBeouf), un problem\u00e1tico adolescente de 17 a\u00f1os que ha sido sentenciado a un arresto domiciliario tras atacar a un profesor. Como forma de matar el tiempo, Kale se dedica a espiar a sus vecinos, pero todo cambia cuando pone el foco en uno de ellos, Robert Turner, de quien sospecha es un asesino serial.<\/p>\n<p> La entrega inmediata (2012) &#8211; 30 de noviembre  <\/p>\n<p> La entrega inmediata (2012) Tr\u00e1iler   <\/p>\n<p>Finalmente, y si te gustan las pel\u00edculas de acci\u00f3n y cargadas de adrenalina, no dudes en ver en <strong>Netflix <\/strong>este entretenido <a target=\"_blank\" rel=\"follow\">thriller<\/a> dirigido por David Koepp. Aqu\u00ed, el protagonista es Wilee (Joseph Gordon-Levitt), un h\u00e1bil mensajero que todos los d\u00edas pone su vida en riesgo a bordo de una bicicleta. Lo que empieza como una jornada normal de trabajo se convierte en una carrera de vida o muerte por las calles de Manhattan cuando un polic\u00eda corrupto empieza a perseguirlo para apoderarse de uno de sus pedidos. Si te gustan las persecuciones adrenal\u00ednicas, no dudes en sumarla a tu lista y verla antes de que sea tarde.<\/p>\n","protected":false},"excerpt":{"rendered":"Debido a que hay que hacer espacio para lo nuevo que llega a la plataforma, Netflix debe estar&hellip;\n","protected":false},"author":2,"featured_media":252252,"comment_status":"","ping_status":"","sticky":false,"template":"","format":"standard","meta":{"footnotes":""},"categories":[169],"tags":[177,146,147,25,24,176,175,23],"class_list":{"0":"post-252251","1":"post","2":"type-post","3":"status-publish","4":"format-standard","5":"has-post-thumbnail","7":"category-cine","8":"tag-cine","9":"tag-entertainment","10":"tag-entretenimiento","11":"tag-es","12":"tag-espana","13":"tag-film","14":"tag-movies","15":"tag-spain"},"share_on_mastodon":{"url":"https:\/\/pubeurope.com\/@es\/115601781082460551","error":""},"_links":{"self":[{"href":"https:\/\/www.europesays.com\/es\/wp-json\/wp\/v2\/posts\/252251","targetHints":{"allow":["GET"]}}],"collection":[{"href":"https:\/\/www.europesays.com\/es\/wp-json\/wp\/v2\/posts"}],"about":[{"href":"https:\/\/www.europesays.com\/es\/wp-json\/wp\/v2\/types\/post"}],"author":[{"embeddable":true,"href":"https:\/\/www.europesays.com\/es\/wp-json\/wp\/v2\/users\/2"}],"replies":[{"embeddable":true,"href":"https:\/\/www.europesays.com\/es\/wp-json\/wp\/v2\/comments?post=252251"}],"version-history":[{"count":0,"href":"https:\/\/www.europesays.com\/es\/wp-json\/wp\/v2\/posts\/252251\/revisions"}],"wp:featuredmedia":[{"embeddable":true,"href":"https:\/\/www.europesays.com\/es\/wp-json\/wp\/v2\/media\/252252"}],"wp:attachment":[{"href":"https:\/\/www.europesays.com\/es\/wp-json\/wp\/v2\/media?parent=252251"}],"wp:term":[{"taxonomy":"category","embeddable":true,"href":"https:\/\/www.europesays.com\/es\/wp-json\/wp\/v2\/categories?post=252251"},{"taxonomy":"post_tag","embeddable":true,"href":"https:\/\/www.europesays.com\/es\/wp-json\/wp\/v2\/tags?post=252251"}],"curies":[{"name":"wp","href":"https:\/\/api.w.org\/{rel}","templated":true}]}}