{"id":252253,"date":"2025-11-24T00:12:17","date_gmt":"2025-11-24T00:12:17","guid":{"rendered":"https:\/\/www.europesays.com\/es\/252253\/"},"modified":"2025-11-24T00:12:17","modified_gmt":"2025-11-24T00:12:17","slug":"1x1-del-real-madrid-contra-el-elche-el-duelo-de-pizarras-acaba-en-tablas","status":"publish","type":"post","link":"https:\/\/www.europesays.com\/es\/252253\/","title":{"rendered":"1&#215;1 del Real Madrid contra el Elche: el duelo de pizarras acaba en tablas"},"content":{"rendered":"<p class=\"\">Xabi Alonso decidi\u00f3 dar un giro t\u00e1ctico en Elche con una defensa de cinco. O eso parec\u00eda. Porque, viendo el once inicial, todo hac\u00eda pensar que \u00c1lvaro Carreras actuar\u00eda como tercer central por la izquierda, mientras Trent y Fran Garc\u00eda se desplegar\u00edan por los carriles con la precisi\u00f3n de quien recorre un territorio que invita a abrir el campo y explorar. <b>Pero no fue as\u00ed. Fran acab\u00f3 jugando de extremo en el 4-2-3-1 habitual.<\/b><\/p>\n<p class=\"\">Las sorpresas en el once inicial no solo se dieron en la zona defensiva. <b>Rodrygo y Dani Ceballos fueron titulares, mientras que dos jugadores fundamentales para Xabi, como Vinicius y Valverde, esperaron desde el banquillo.<\/b> El Madrid gan\u00f3 control interior y una circulaci\u00f3n m\u00e1s paciente. Quiz\u00e1s demasiado paciente. Porque el club blanco present\u00f3 una versi\u00f3n con matices nuevos. M\u00e1s pensada. Pero que no fue suficiente para conseguir la victoria en el duelo de pizarras.<\/p>\n<p><img decoding=\"async\" src=\"https:\/\/www.europesays.com\/es\/wp-content\/uploads\/2025\/11\/RKPNRFSLJNF4POX6LAR2BBUE4E.JPG\" alt=\"1x1 del Real Madrid contra el Elche: el duelo de pizarras acaba en tablas\" height=\"1125\" width=\"2000\"   loading=\"lazy\"\/>El Real Madrid empata a dos en Elche.JAVIER GANDUL<\/p>\n<p class=\"\"><b>Courtois: <\/b>En la primera parte no tuvo mucho que intervenir demasiado, m\u00e1s all\u00e1 de la acci\u00f3n en la que sac\u00f3 un pie milagroso a Andr\u00e9 da Silva cerca del minuto 40. Poco pudo hacer en el gol de Febas y no se esper\u00f3 el gran golpeo desde fuera del \u00e1rea de \u00c1lvaro Rodr\u00edguez.<\/p>\n<p class=\"\"><b>Trent: <\/b>Ense\u00f1\u00f3 el guante que tiene en el pie derecho solo en una ocasi\u00f3n, pero qu\u00e9 ocasi\u00f3n. Le puso un bal\u00f3n perfecto a Mbapp\u00e9, pero I\u00f1aki Pe\u00f1a le impidi\u00f3 el gol al \u201810\u2032 madridista. Fue el jugador con m\u00e1s toques de bal\u00f3n del partido, con 91. <\/p>\n<p class=\"\"><b>Asencio: <\/b>El canterano se qued\u00f3 cerca de meter el primero en el 21\u2032 con un buen remate de cabeza que se march\u00f3 por poco. Al igual que en Vallecas, fue de lo poco salvable del Madrid en la mayor parte del encuentro. Hasta que entr\u00f3 \u00c1lvaro Rodr\u00edguez. El \u201820\u2032 del Elche se la lio al canario y puso el segundo en el marcador con un golazo desde fuera del \u00e1rea.<\/p>\n<p class=\"\"><b>Huijsen: <\/b>Fundamental en salida de bal\u00f3n, fue el jugador que m\u00e1s intervino en todo el partido. De hecho, fue el futbolista del Madrid con m\u00e1s pases del encuentro, con 57 (54 de ellos precisos). Y lo m\u00e1s importante, anot\u00f3 el gol que puso el empate en el marcador.<\/p>\n<p class=\"\"><b>Carreras (88\u2032): <\/b>Part\u00eda (aparentemente) como tercer central en la izquierda pero se acab\u00f3 encargando, como si fuera un lateral al uso, de defender al carrilero rival, H\u00e9ctor Fort. <\/p>\n<p class=\"\"><b>Fran Garc\u00eda (57\u2032):<\/b> El de Bola\u00f1os de Calatrava fue, quiz\u00e1s, la novedad m\u00e1s sorprendente en el once titular: tan solo hab\u00eda jugado un partido de titular en Liga desde el principio de temporada. Parec\u00eda que ser\u00eda un carrilero en defensa de cinco, pero acab\u00f3 siendo el extremo izquierdo de una 4-2-3-1. Jug\u00f3 de Vini, sin ser Vini. Xabi le dio libertad en ataque pero apenas tuvo peso en la faceta ofensiva.<\/p>\n<p class=\"\"><b>G\u00fcler (64\u2032): <\/b>El turco se qued\u00f3 a escasos cent\u00edmetros de anotar el primero en un remate desde fuera del \u00e1rea. En el Mart\u00ednez Valero no se vio esa conexi\u00f3n tan especial que tiene con Mbapp\u00e9. El otomano y el galo no se encontraron. Se march\u00f3, eso s\u00ed, siendo el jugador del Madrid con m\u00e1s pases hasta ese momento (con 44) y con mayor precisi\u00f3n en ellos (41 pases acertados, un 93%).<\/p>\n<p><a href=\"https:\/\/as.com\/resultados\/ficha\/equipo\/real_madrid\/1\/\" rel=\"nofollow noopener\" target=\"_blank\"><img decoding=\"async\" src=\"https:\/\/www.europesays.com\/es\/wp-content\/uploads\/2025\/11\/1763943134_961_1.png\" alt=\"1x1 del Real Madrid contra el Elche: el duelo de pizarras acaba en tablas\" height=\"80\" width=\"80\"  loading=\"lazy\" data-error-image=\"https:\/\/static.as.com\/dist\/resources\/images\/placeholder-team.png\"\/><\/a><\/p>\n<p class=\"\"><b>Ceballos (57\u2032):<\/b> Mientras se esperaba que Camavinga hiciese de Tchouameni, finalmente fue el utrerano el que acompa\u00f1\u00f3 a G\u00fcler en el centro del campo. En la primera parte, Ceballos no fue el Ceballos de siempre: tan solo tuvo un 81% de precisi\u00f3n en el pase.<\/p>\n<p class=\"\"><b>Bellingham: <\/b>Se vio opacado por una sombra llamada Marc Aguado. Pero, al final, acab\u00f3 siendo el h\u00e9roe. Fue fundamental en el gol de Huijsen, rematando en primera instancia el bal\u00f3n que le acab\u00f3 llegando al ex del Bournemouth. Y fue el m\u00e1s listo en el segundo empate del partido. M\u00e1s r\u00e1pido que ninguno. Y, como siempre, el m\u00e1s decisivo.<\/p>\n<p class=\"\"><b>Rodrygo (57\u2032):<\/b> Tras una primera parte con poco protagonismo, el brasile\u00f1o arranc\u00f3 la segunda sacando su calidad y el guardameta del club ilicitano le impidi\u00f3 que marcara el primero con un tiro al primer palo. Poco le dur\u00f3 la magia, pues fue sustituido a los diez minutos.<\/p>\n<p class=\"\"><b>Mbapp\u00e9:<\/b> Kylian tuvo un partido un tanto pobre. Solo dio 15 pases, los mismos que Courtois, en la primera parte. Nadie le encontraba. Cuando el partido se volvi\u00f3 loco, el galo empez\u00f3 a sacar sus dotes ofensivas. Provoc\u00f3 la segunda amarilla de Chust, pero no fue suficiente para vencer al Elche.<\/p>\n<p>Tambi\u00e9n jugaron<\/p>\n<p class=\"\"><b>Vinicius (57\u2019):<\/b> Sali\u00f3 desde el banquillo sustituyendo a su compatriota, Rodrygo, pero para ponerse en la banda izquierda que ocupaba Fran Garc\u00eda.<\/p>\n<p class=\"\"><b>Valverde (57\u2032): <\/b>El Halc\u00f3n guard\u00f3 sus alas para jugar en su posici\u00f3n natural: el centro del campo. Fue importante en lo defensivo, con dos entradas ganadas y otro despeje.<\/p>\n<p class=\"\"><b>Camavinga (57\u2032):<\/b> Entr\u00f3 para dar m\u00fasculo al medio del campo de Xabi Alonso. Le regal\u00f3 el gol a Gonzalo en los \u00faltimos minutos, pero el punta no lo aprovech\u00f3.<\/p>\n<p class=\"\"><b>Gonzalo (64\u2032): <\/b>Xabi prob\u00f3 al canterano partiendo desde la banda derecha y no se cans\u00f3 de tirar desmarques. Pero, en la mayor\u00eda de ocasiones, sus compa\u00f1eros no le vieron. Camavinga le puso un caramelo en los \u00faltimos minutos. Gonzalo lo toc\u00f3. Lo sabore\u00f3. Pero lleg\u00f3 tan apurado que no se lo pudo comer.<\/p>\n<p class=\"\"><b>Brahim (88\u2032)<\/b>: No tuvo mucha incidencia en el juego.<\/p>\n<p>Noticias relacionadas<a href=\"https:\/\/as.com\/futbol\/primera\/xabi-da-la-sorpresa-defensa-de-cinco-con-valverde-y-vini-en-el-banquillo-f202511-n\/\" class=\"s_m_w _rt-16x9\" title=\"Trent regresa a la titularidad ante el Elche y jugar\u00e1 de carrilero derecho, mientras que Fran Garc\u00eda da la sorpresa en el izquierdo. Rodrygo sustituye a Vinicius.\" data-tb-link=\"\" rel=\"nofollow noopener\" target=\"_blank\"><img decoding=\"async\" src=\"https:\/\/www.europesays.com\/es\/wp-content\/uploads\/2025\/11\/1763943135_76_PFW2GFFFIRCELH73CPDBK6AIMQ.JPG\" alt=\"Xabi da la sorpresa: defensa de cinco con Valverde y Vini en el banquillo\" class=\"\" height=\"9\" width=\"16\"   loading=\"lazy\" data-tb-thumbnail=\"\"\/><\/a><a href=\"https:\/\/as.com\/futbol\/primera\/el-elche-desnuda-al-madrid-f202511-n\/\" class=\"s_m_w _rt-16x9\" title=\"El equipo blanco salva un empate y el liderato en un mal partido. Un Elche soberbio le tuvo contra las cuerdas. Marcaron dos ex de Valdebebas: Febas y \u00c1lvaro Rodr\u00edguez.\" data-tb-link=\"\" rel=\"nofollow noopener\" target=\"_blank\"><img decoding=\"async\" src=\"https:\/\/www.europesays.com\/es\/wp-content\/uploads\/2025\/11\/5ZQ6RH4IIJMY7DFQKONWC2QG2M.jpg\" alt=\"El Madrid de Xabi se cae\" class=\"\" height=\"9\" width=\"16\"   loading=\"lazy\" data-tb-thumbnail=\"\"\/><\/a><\/p>\n<p class=\"\"><b>\u00a1Tus opiniones importan!<\/b> Comenta en los art\u00edculos y suscr\u00edbete gratis a nuestra <a href=\"https:\/\/asfan.as.com\/newsletters\/\" target=\"_blank\" rel=\"nofollow noopener\" title=\"https:\/\/asfan.as.com\/newsletters\/\">newsletter<\/a> y a las alertas informativas en la <a href=\"https:\/\/as.com\/aplicacion-de-as-n\/\" target=\"_blank\" rel=\"nofollow noopener\" title=\"https:\/\/as.com\/aplicacion-de-as-n\/\">App<\/a> o el canal de <a href=\"https:\/\/www.whatsapp.com\/channel\/0029VaAasdA7j6g745nz9M10\" target=\"_blank\" rel=\"nofollow noopener\" title=\"https:\/\/www.whatsapp.com\/channel\/0029VaAasdA7j6g745nz9M10\">WhatsApp<\/a>.<\/p>\n<p class=\"\">\u00bfBuscas licenciar contenido? Haz clic <a href=\"https:\/\/profesional.elpais.com\/soluciones-sindicacion?utm_medium=interno&amp;utm_source=crosslinking&amp;utm_campaign=sindicacion_as_pie_articulos\" target=\"_blank\" rel=\"nofollow noopener\" title=\"https:\/\/profesional.elpais.com\/soluciones-sindicacion?utm_medium=interno&amp;utm_source=crosslinking&amp;utm_campaign=sindicacion_as_pie_articulos\">aqu\u00ed<\/a><\/p>\n","protected":false},"excerpt":{"rendered":"Xabi Alonso decidi\u00f3 dar un giro t\u00e1ctico en Elche con una defensa de cinco. O eso parec\u00eda. Porque,&hellip;\n","protected":false},"author":2,"featured_media":252254,"comment_status":"","ping_status":"","sticky":false,"template":"","format":"standard","meta":{"footnotes":""},"categories":[93],"tags":[168,25,24,23,167],"class_list":{"0":"post-252253","1":"post","2":"type-post","3":"status-publish","4":"format-standard","5":"has-post-thumbnail","7":"category-deportes","8":"tag-deportes","9":"tag-es","10":"tag-espana","11":"tag-spain","12":"tag-sports"},"share_on_mastodon":{"url":"https:\/\/pubeurope.com\/@es\/115601784992821151","error":""},"_links":{"self":[{"href":"https:\/\/www.europesays.com\/es\/wp-json\/wp\/v2\/posts\/252253","targetHints":{"allow":["GET"]}}],"collection":[{"href":"https:\/\/www.europesays.com\/es\/wp-json\/wp\/v2\/posts"}],"about":[{"href":"https:\/\/www.europesays.com\/es\/wp-json\/wp\/v2\/types\/post"}],"author":[{"embeddable":true,"href":"https:\/\/www.europesays.com\/es\/wp-json\/wp\/v2\/users\/2"}],"replies":[{"embeddable":true,"href":"https:\/\/www.europesays.com\/es\/wp-json\/wp\/v2\/comments?post=252253"}],"version-history":[{"count":0,"href":"https:\/\/www.europesays.com\/es\/wp-json\/wp\/v2\/posts\/252253\/revisions"}],"wp:featuredmedia":[{"embeddable":true,"href":"https:\/\/www.europesays.com\/es\/wp-json\/wp\/v2\/media\/252254"}],"wp:attachment":[{"href":"https:\/\/www.europesays.com\/es\/wp-json\/wp\/v2\/media?parent=252253"}],"wp:term":[{"taxonomy":"category","embeddable":true,"href":"https:\/\/www.europesays.com\/es\/wp-json\/wp\/v2\/categories?post=252253"},{"taxonomy":"post_tag","embeddable":true,"href":"https:\/\/www.europesays.com\/es\/wp-json\/wp\/v2\/tags?post=252253"}],"curies":[{"name":"wp","href":"https:\/\/api.w.org\/{rel}","templated":true}]}}