{"id":252259,"date":"2025-11-24T00:16:22","date_gmt":"2025-11-24T00:16:22","guid":{"rendered":"https:\/\/www.europesays.com\/es\/252259\/"},"modified":"2025-11-24T00:16:22","modified_gmt":"2025-11-24T00:16:22","slug":"cuda-de-nvidia-impulsa-los-modelos-lideres-de-ia-y-dispara-los-ingresos-trimestrales","status":"publish","type":"post","link":"https:\/\/www.europesays.com\/es\/252259\/","title":{"rendered":"CUDA de Nvidia impulsa los modelos l\u00edderes de IA y dispara los ingresos trimestrales"},"content":{"rendered":"<p>    <img fetchpriority=\"high\" decoding=\"async\" src=\"data:image\/gif;base64,R0lGODlhAQABAIAAAAAAAP\/\/\/ywAAAAAAQABAAACAUwAOw==\" alt=\"CUDA de Nvidia impulsa los modelos l\u00edderes de IA y dispara los ingresos trimestrales\" loading=\"eager\" height=\"640\" width=\"960\" class=\"yf-1gfnohs loader\"\/> CUDA de Nvidia impulsa los modelos l\u00edderes de IA y dispara los ingresos trimestrales         <\/p>\n<p class=\"yf-1090901\"><strong>Jensen<\/strong> <strong>Huang<\/strong>, CEO del fabricante de chips <strong>Nvidia Corp. <\/strong>(NASDAQ:NVDA), resalt\u00f3 el dominio creciente de la plataforma <strong>CUDA<\/strong> de la compa\u00f1\u00eda, que se ha convertido en la columna vertebral de casi todos los principales modelos de vanguardia de IA y de una gama cada vez m\u00e1s amplia de aplicaciones cient\u00edficas e industriales.<\/p>\n<p class=\"yf-1090901\">Durante la conferencia de resultados del tercer trimestre de la compa\u00f1\u00eda, celebrada el mi\u00e9rcoles, Huang dijo que CUDA, su modelo de computaci\u00f3n y programaci\u00f3n paralela, ahora abarca todo el panorama de modelos de IA.<\/p>\n<p class=\"yf-1090901\">\u201cEjecutamos OpenAI, ejecutamos Anthropic. Ejecutamos xAI. Ejecutamos Gemini. Ejecutamos m\u00e1quinas pensantes\u2026 ejecutamos todos los modelos\u201d, dijo Huang, y agreg\u00f3 que la plataforma maneja \u201cmodelos cient\u00edficos, modelos biol\u00f3gicos, modelos de rob\u00f3tica\u201d, as\u00ed como sistemas de c\u00f3digo abierto.<\/p>\n<p class=\"yf-1090901\">Huang tambi\u00e9n vincul\u00f3 la posici\u00f3n de CUDA a la estrategia de la compa\u00f1\u00eda de asociarse e invertir en desarrolladores de IA en r\u00e1pido crecimiento. Describi\u00f3 las participaciones de Nvidia como inversiones que se refuerzan mutuamente, diciendo que el objetivo es \u201cexpandir el alcance de CUDA\u201d a trav\u00e9s de una integraci\u00f3n t\u00e9cnica profunda con empresas como <strong>OpenAI<\/strong> y <strong>Anthropic<\/strong>.<\/p>\n<p class=\"yf-1090901\">Huang concluy\u00f3 posicionando a Nvidia y CUDA como la opci\u00f3n predeterminada para cualquier organizaci\u00f3n que construya sistemas de IA a gran escala. \u201cUna arquitectura\u201d, dijo. \u201cLas cosas simplemente funcionan\u201d.<\/p>\n<p class=\"yf-1090901\">Lee tambi\u00e9n: <a href=\"https:\/\/es.benzinga.com\/news\/spain\/stocks\/bankinter-modera-vision-indra-negocio-defensa\/\" rel=\"nofollow noopener\" target=\"_blank\" data-ylk=\"slk:Bankinter modera su visi\u00f3n sobre Indra pese al avance del negocio de defensa;elm:context_link;itc:0;sec:content-canvas\" class=\"link \"><strong>Bankinter modera su visi\u00f3n sobre Indra pese al avance del negocio de defensa<\/strong><\/a><\/p>\n<p class=\"yf-1090901\">Nvidia <a href=\"https:\/\/es.benzinga.com\/news\/usa\/stocks\/nvidia-ingresos-record-tercer-trimestre\/\" rel=\"nofollow noopener\" target=\"_blank\" data-ylk=\"slk:public\u00f3 sus resultados del tercer trimestre;elm:context_link;itc:0;sec:content-canvas\" class=\"link \">public\u00f3 sus resultados del tercer trimestre<\/a> este mi\u00e9rcoles, al reportar 57.000 millones de d\u00f3lares en ingresos, lo que supone un aumento del 62% respecto al a\u00f1o anterior y supera las estimaciones de consenso, situadas en 54.880 millones de d\u00f3lares. Tambi\u00e9n registr\u00f3 una ganancia de 1,30 d\u00f3lares por acci\u00f3n, nuevamente por encima de las previsiones de los analistas, que apuntaban a 1,25 d\u00f3lares.<\/p>\n<p class=\"yf-1090901\">Seg\u00fan <strong>Benzinga Edge Stock Rankings<\/strong>, las acciones de NVDA obtienen una puntuaci\u00f3n alta en Impulso, Crecimiento y Calidad, con una tendencia de precios favorable a corto, medio y largo plazo. Haz clic <a href=\"https:\/\/www.benzinga.com\/premium\/ideas\/benzinga-edge-3\/\" rel=\"nofollow noopener\" target=\"_blank\" data-ylk=\"slk:aqu\u00ed;elm:context_link;itc:0;sec:content-canvas\" class=\"link \">aqu\u00ed<\/a> para obtener informaci\u00f3n m\u00e1s detallada sobre la acci\u00f3n, la empresa, sus hom\u00f3logos y sus competidores.<\/p>\n<p>    <a href=\"https:\/\/www.benzinga.com\/premium\/ideas\/benzinga-edge-4\/#:~:text=Turn%20Market%20Chaos,when%20markets%20rebound\" target=\"_blank\" rel=\"noopener noreferrer nofollow\"><img decoding=\"async\" src=\"data:image\/gif;base64,R0lGODlhAQABAIAAAAAAAP\/\/\/ywAAAAAAQABAAACAUwAOw==\" alt=\"\" loading=\"lazy\" height=\"110\" width=\"767\" class=\"yf-1gfnohs loader\"\/><\/a>     <\/p>\n<p class=\"yf-1090901\">Foto cortes\u00eda de: jamesonwu1972 en Shutterstock.com<\/p>\n<p class=\"yf-1090901\">Lee tambi\u00e9n: <a href=\"https:\/\/es.benzinga.com\/news\/spain\/stocks\/bankinter-prevision-banco-sabadell-valoracion-medio-plazo\" rel=\"nofollow noopener\" target=\"_blank\" data-ylk=\"slk:Bankinter eleva previsi\u00f3n sobre Banco Sabadell y refuerza su valoraci\u00f3n a medio plazo;elm:context_link;itc:0;sec:content-canvas\" class=\"link \"><strong>Bankinter eleva previsi\u00f3n sobre Banco Sabadell y refuerza su valoraci\u00f3n a medio plazo<\/strong><\/a><\/p>\n<p class=\"yf-1090901\">Para m\u00e1s actualizaciones sobre este tema, activa las notificaciones de\u00a0<a class=\"link \" href=\"https:\/\/es.benzinga.com\/#\" rel=\"nofollow noopener\" target=\"_blank\" data-ylk=\"slk:Benzinga Espa\u00f1a;elm:context_link;itc:0;sec:content-canvas\">Benzinga Espa\u00f1a<\/a>\u00a0o s\u00edguenos en nuestras redes sociales:\u00a0<a class=\"link \" href=\"https:\/\/twitter.com\/BenzingaSpain\" rel=\"nofollow noopener\" target=\"_blank\" data-ylk=\"slk:X;elm:context_link;itc:0;sec:content-canvas\">X<\/a>\u00a0y\u00a0<a class=\"link \" href=\"https:\/\/www.facebook.com\/benzinga.es\" rel=\"nofollow noopener\" target=\"_blank\" data-ylk=\"slk:Facebook;elm:context_link;itc:0;sec:content-canvas\">Facebook<\/a>.<\/p>\n<p>  <script async src=\"https:\/\/platform.twitter.com\/widgets.js\" charset=\"utf-8\"><\/script><\/p>\n","protected":false},"excerpt":{"rendered":"CUDA de Nvidia impulsa los modelos l\u00edderes de IA y dispara los ingresos trimestrales Jensen Huang, CEO del&hellip;\n","protected":false},"author":2,"featured_media":252260,"comment_status":"","ping_status":"","sticky":false,"template":"","format":"standard","meta":{"footnotes":""},"categories":[80],"tags":[82,63801,95,94,25,24,1636,41714,6349,23],"class_list":{"0":"post-252259","1":"post","2":"type-post","3":"status-publish","4":"format-standard","5":"has-post-thumbnail","7":"category-economia","8":"tag-business","9":"tag-cuda","10":"tag-economia","11":"tag-economy","12":"tag-es","13":"tag-espana","14":"tag-ia","15":"tag-jensen-huang","16":"tag-nvidia","17":"tag-spain"},"share_on_mastodon":{"url":"https:\/\/pubeurope.com\/@es\/115601800336013094","error":""},"_links":{"self":[{"href":"https:\/\/www.europesays.com\/es\/wp-json\/wp\/v2\/posts\/252259","targetHints":{"allow":["GET"]}}],"collection":[{"href":"https:\/\/www.europesays.com\/es\/wp-json\/wp\/v2\/posts"}],"about":[{"href":"https:\/\/www.europesays.com\/es\/wp-json\/wp\/v2\/types\/post"}],"author":[{"embeddable":true,"href":"https:\/\/www.europesays.com\/es\/wp-json\/wp\/v2\/users\/2"}],"replies":[{"embeddable":true,"href":"https:\/\/www.europesays.com\/es\/wp-json\/wp\/v2\/comments?post=252259"}],"version-history":[{"count":0,"href":"https:\/\/www.europesays.com\/es\/wp-json\/wp\/v2\/posts\/252259\/revisions"}],"wp:featuredmedia":[{"embeddable":true,"href":"https:\/\/www.europesays.com\/es\/wp-json\/wp\/v2\/media\/252260"}],"wp:attachment":[{"href":"https:\/\/www.europesays.com\/es\/wp-json\/wp\/v2\/media?parent=252259"}],"wp:term":[{"taxonomy":"category","embeddable":true,"href":"https:\/\/www.europesays.com\/es\/wp-json\/wp\/v2\/categories?post=252259"},{"taxonomy":"post_tag","embeddable":true,"href":"https:\/\/www.europesays.com\/es\/wp-json\/wp\/v2\/tags?post=252259"}],"curies":[{"name":"wp","href":"https:\/\/api.w.org\/{rel}","templated":true}]}}