{"id":252263,"date":"2025-11-24T00:18:12","date_gmt":"2025-11-24T00:18:12","guid":{"rendered":"https:\/\/www.europesays.com\/es\/252263\/"},"modified":"2025-11-24T00:18:12","modified_gmt":"2025-11-24T00:18:12","slug":"la-uco-detecto-problemas-de-solvencia-economica-en-la-empresa-beneficiada-por-la-trama-de-las-mascarillas-de-almeria-tenian-solo-275-euros-en-la-cuenta-tribunales","status":"publish","type":"post","link":"https:\/\/www.europesays.com\/es\/252263\/","title":{"rendered":"La UCO detect\u00f3 problemas de solvencia econ\u00f3mica en la empresa beneficiada por la trama de las mascarillas de Almer\u00eda: \u00abTen\u00edan solo 2,75 euros en la cuenta\u00bb | Tribunales"},"content":{"rendered":"<p>El sumario del caso mascarillas de Almer\u00eda, que ha provocado la dimisi\u00f3n del presidente del PP de Almer\u00eda, Javier Aureliano Garc\u00eda, y su mano derecha en la Diputaci\u00f3n de esta provincia, Fernando Gim\u00e9nez, acredita buena parte de las sospechas sobre el contrato de 2 millones en material sanitario que investiga el Juzgado de Instrucci\u00f3n n\u00famero 1 de Almer\u00eda.<\/p>\n<p>El informe de la Unidad Central Operativa (UCO) sobre cohecho, fraude y malversaci\u00f3n en el seno de una organizaci\u00f3n criminal detalla que el principal investigado, Kilian L\u00f3pez, administrador de Azor, desvi\u00f3 el 46,42 % de los fondos que la Diputaci\u00f3n de Almer\u00eda le abon\u00f3 por contrato del material sanitario que firm\u00f3 \u2013v\u00eda decreto\u2013 Javier Aureliano Garc\u00eda. En concreto, de los 2 millones de euros desviaron 945.297 euros a la empresa CORPFAM, propiedad del propio Kilian L\u00f3pez, amigo personal del exvicepresidente de la Diputaci\u00f3n de Almer\u00eda, \u00d3scar Liria, al que la UCO sit\u00faa en la c\u00faspide de la trama.<\/p>\n<p>A lo largo de toda la investigaci\u00f3n, la UCO relata el c\u00famulo de indicios que apuntan a que esta compa\u00f1\u00eda fue beneficiada con este contrato por su relaci\u00f3n con altos cargos de la Diputaci\u00f3n de Almer\u00eda. Ni se dedicaba al negocio del sector sanitario \u2013se dedicaba al m\u00e1rmol\u2013, ni ten\u00eda capacidad para entrar en un pedido tan costoso como este.<\/p>\n<p>La cuenta corriente de la empresa AZOR \u2013del empresario Kilian L\u00f3pez\u2013 donde la Diputaci\u00f3n de Almer\u00eda transfiri\u00f3 el pago de las mascarillas ten\u00eda \u00absolo 2,75 euros\u00bb, seg\u00fan la investigaci\u00f3n de la UCO, \u00ablo que refuerza las dudas sobre la solvencia econ\u00f3mica de AZOR para acometer un contrato de m\u00e1s de 2 millones de euros\u00bb.<\/p>\n<p>La UCO apuntala sus sospechas sobre esta operaci\u00f3n bas\u00e1ndose en otro detalle que no les cuadra. AZOR no obtuvo beneficio econ\u00f3mico alguno del contrato p\u00fablico (m\u00e1s all\u00e1 de los gastos financieros y de gesti\u00f3n del contrato, que ascend\u00edan a 36.300 euros) porque el dinero que recibi\u00f3 de la Diputaci\u00f3n de Almer\u00eda \u20131.999.886 euros\u2013 lo ingres\u00f3 \u00edntegramente en una cuenta del DBS Bank Hong Kong a t\u00edtulo de LIGROUP CHINA, la compa\u00f1\u00eda que se encarg\u00f3 de adquirir el material sanitario. Esta \u00abcircunstancia no resulta coherente desde un punto de vista comercial\u00bb, apuntaron los investigadores en su informe.<\/p>\n<p>Sus sospechas iban por buen camino. Solo unos d\u00edas despu\u00e9s de aquella transferencia a Hong Kong, la empresa AZOR recibi\u00f3 un pago por 945.297 euros procedente de la misma cuenta de LIGROUP CHINA donde AZOR hab\u00eda ingresado los 2 millones por las mascarillas.<\/p>\n<p>Un pago que alert\u00f3 a los agentes de la UCO<\/p>\n<p>Ese pago llev\u00f3 a los agentes de la UCO a concluir que \u00abmediante una triangulaci\u00f3n, el beneficio de la operaci\u00f3n qued\u00f3 depositado en una sociedad ajena al contrato p\u00fablico, habiendo interpuesto una sociedad con cuentas en Hong Kong a modo de cortafuego que eliminaba el rastro del dinero entre las dos sociedades controladas por Kilian L\u00f3pez\u00bb.<\/p>\n<p>La UCO cree que Kilian se concert\u00f3 previamente con algunas personas de LIGROUP CHINA para que falsearan el importe de la venta del material sanitario \u00abhaciendo constar en la factura de compraventa como importe total 1.999.886 euros\u00bb y \u00aben segundo lugar para que desviasen parte de los fondos p\u00fablicos (945.297 euros) a la cuenta de CORPFAM\u00bb.<\/p>\n<p>El juez detect\u00f3 pagos de Kilian L\u00f3pez a \u00d3scar Liria, exvicepresidente de la Diputaci\u00f3n, que fue el intermediario de esta operaci\u00f3n en la que est\u00e1n implicados el exvicepresidente, Fernando Gim\u00e9nez, y el expresidente, Javier Aureliano Garc\u00eda. Los investigadores apuntan a que pudieron repartirse 400.000 euros en comisiones.<\/p>\n<p>Durante toda la investigaci\u00f3n, la UCO detalla que el propio Kilian L\u00f3pez confes\u00f3 a su madre que planific\u00f3 pagar las comisiones a los cargos de la Diputaci\u00f3n de forma \u00abfraccionada\u00bb.<\/p>\n","protected":false},"excerpt":{"rendered":"El sumario del caso mascarillas de Almer\u00eda, que ha provocado la dimisi\u00f3n del presidente del PP de Almer\u00eda,&hellip;\n","protected":false},"author":2,"featured_media":252264,"comment_status":"","ping_status":"","sticky":false,"template":"","format":"standard","meta":{"footnotes":""},"categories":[8],"tags":[17,18,25,24,13,14,11,19,20,9,10,15,16,23,12,21,22],"class_list":{"0":"post-252263","1":"post","2":"type-post","3":"status-publish","4":"format-standard","5":"has-post-thumbnail","7":"category-espana","8":"tag-breaking-news","9":"tag-breakingnews","10":"tag-es","11":"tag-espana","12":"tag-featured-news","13":"tag-featurednews","14":"tag-headlines","15":"tag-latest-news","16":"tag-latestnews","17":"tag-news","18":"tag-noticias","19":"tag-noticias-destacadas","20":"tag-noticiasdestacadas","21":"tag-spain","22":"tag-titulares","23":"tag-ultimas-noticias","24":"tag-ultimasnoticias"},"share_on_mastodon":{"url":"https:\/\/pubeurope.com\/@es\/115601808432119713","error":""},"_links":{"self":[{"href":"https:\/\/www.europesays.com\/es\/wp-json\/wp\/v2\/posts\/252263","targetHints":{"allow":["GET"]}}],"collection":[{"href":"https:\/\/www.europesays.com\/es\/wp-json\/wp\/v2\/posts"}],"about":[{"href":"https:\/\/www.europesays.com\/es\/wp-json\/wp\/v2\/types\/post"}],"author":[{"embeddable":true,"href":"https:\/\/www.europesays.com\/es\/wp-json\/wp\/v2\/users\/2"}],"replies":[{"embeddable":true,"href":"https:\/\/www.europesays.com\/es\/wp-json\/wp\/v2\/comments?post=252263"}],"version-history":[{"count":0,"href":"https:\/\/www.europesays.com\/es\/wp-json\/wp\/v2\/posts\/252263\/revisions"}],"wp:featuredmedia":[{"embeddable":true,"href":"https:\/\/www.europesays.com\/es\/wp-json\/wp\/v2\/media\/252264"}],"wp:attachment":[{"href":"https:\/\/www.europesays.com\/es\/wp-json\/wp\/v2\/media?parent=252263"}],"wp:term":[{"taxonomy":"category","embeddable":true,"href":"https:\/\/www.europesays.com\/es\/wp-json\/wp\/v2\/categories?post=252263"},{"taxonomy":"post_tag","embeddable":true,"href":"https:\/\/www.europesays.com\/es\/wp-json\/wp\/v2\/tags?post=252263"}],"curies":[{"name":"wp","href":"https:\/\/api.w.org\/{rel}","templated":true}]}}