{"id":252265,"date":"2025-11-24T00:19:08","date_gmt":"2025-11-24T00:19:08","guid":{"rendered":"https:\/\/www.europesays.com\/es\/252265\/"},"modified":"2025-11-24T00:19:08","modified_gmt":"2025-11-24T00:19:08","slug":"tatiana-schlossberg-nieta-de-john-f-kennedy-revela-que-padece-un-cancer-terminal-internacional","status":"publish","type":"post","link":"https:\/\/www.europesays.com\/es\/252265\/","title":{"rendered":"Tatiana Schlossberg, nieta de John F Kennedy, revela que padece un c\u00e1ncer terminal | Internacional"},"content":{"rendered":"<p class=\"\">La desgracia se ceba otra vez con el clan Kennedy. En el 62 aniversario del asesinato del presidente <a href=\"https:\/\/elpais.com\/noticias\/john-fitzgerald-kennedy\/\" target=\"_self\" rel=\"nofollow noopener\" title=\"https:\/\/elpais.com\/noticias\/john-fitzgerald-kennedy\/\">John F Kennedy<\/a>, su nieta Tatiana Schlossberg, de 35 a\u00f1os, hija de Caroline Kennedy, ha revelado que padece un c\u00e1ncer terminal y los m\u00e9dicos le dan menos de un a\u00f1o de vida.<\/p>\n<p class=\"\">Schlossberg, periodista especializada en temas de medioambiente y madre de dos hijos, dio a conocer que padece una leucemia especialmente agresiva en una tribuna publicada este s\u00e1bado en la revista New Yorker, en la que lanza tambi\u00e9n una amarga cr\u00edtica contra las pol\u00edticas sanitarias puestas en marcha por su primo, el secretario de Salud estadounidense <a href=\"https:\/\/elpais.com\/noticias\/robert-kennedy\/\" target=\"_self\" rel=\"nofollow noopener\" title=\"https:\/\/elpais.com\/noticias\/robert-kennedy\/\">Robert F Kennedy<\/a>.<\/p>\n<p class=\"\">Seg\u00fan cuenta en el art\u00edculo Una batalla con mi sangre, los m\u00e9dicos descubrieron su enfermedad cuando dio a luz a su hija peque\u00f1a en mayo del a\u00f1o pasado y vieron, en un an\u00e1lisis de sangre, que su n\u00famero de c\u00e9lulas blancas era anormalmente alto. Schlossberg describe minuciosamente los tratamientos, convencionales y experimentales, a los que se vio sometida desde entonces para intentar su curaci\u00f3n: dos trasplantes de c\u00e9lulas madre de m\u00e9dula espinal, largas sesiones de quimioterapia, e inmunoterapia, entre ellos. Con humor, narra tambi\u00e9n sus efectos secundarios y la ayuda que recibi\u00f3 de m\u00e9dicos \u2014su marido lo es\u2014, enfermeras y familiares. Entre ellos, su hermano Jack, que recientemente <a href=\"https:\/\/elpais.com\/gente\/2025-09-07\/jack-schlossberg-un-rebelde-con-causa-entre-los-kennedy-trump-esta-obsesionado-con-mis-abuelos.html\" target=\"_self\" rel=\"nofollow noopener\" title=\"https:\/\/elpais.com\/gente\/2025-09-07\/jack-schlossberg-un-rebelde-con-causa-entre-los-kennedy-trump-esta-obsesionado-con-mis-abuelos.html\">anunci\u00f3 su candidatura para un esca\u00f1o<\/a> en el Congreso de EE UU.<\/p>\n<p class=\"\">Esa ayuda \u201cha sido un gran regalo, aunque siento su dolor cada d\u00eda. Durante toda mi vida he intentado ser buena, una buena estudiante, una buena hermana y una buena hija, y tratado de proteger a mi madre, y nunca entristecerla o enfadarla. Ahora he a\u00f1adido una nueva tragedia a su vida, a la vida de nuestra familia, y no puedo hacer nada para impedirlo\u201d, escribe la hija de Caroline Kennedy y el dise\u00f1ador Edwin Schlossberg.<\/p>\n<p class=\"\">Caroline Kennedy, de 67 a\u00f1os y antigua embajadora de Estados Unidos en Australia y Jap\u00f3n, ten\u00eda cinco a\u00f1os cuando su padre fue asesinado en Dallas. Su t\u00edo, Robert F Kennedy, tambi\u00e9n fue asesinado cinco a\u00f1os m\u00e1s tarde. Su hermano, John F Kennedy j\u00fanior, conocido durante su infancia como John John, falleci\u00f3 junto a la esposa de \u00e9ste, Caroline Bessette, cuando la avioneta que pilotaba en ruta a la isla de Martha\u2019s Vineyard se estrell\u00f3 en aguas de la costa de Massachussetts.<\/p>\n<p class=\"\">El humor y la melancol\u00eda dan paso a la rabia en la segunda parte del art\u00edculo, en el que traza un paralelo entre las fases de su tratamiento y la carrera pol\u00edtica de su primo en el \u00faltimo a\u00f1o y medio: de ser un candidato presidencial independiente sin posibilidades, visto con escepticismo entre su propia familia y el Partido Dem\u00f3crata por sus posiciones antivacunas, pas\u00f3 a apoyar a Donald Trump y formar parte de su campa\u00f1a; de all\u00ed, a ser propuesto, y confirmado en el Senado, como secretario de Sanidad el pasado enero.<\/p>\n<p class=\"\">\u201cDe repente, el sistema de salud del que depend\u00eda se sent\u00eda tenso y fr\u00e1gil. Los m\u00e9dicos y cient\u00edficos en Columbia (la universidad a la que est\u00e1 adscrito el hospital que la ha tratado) no sab\u00edan si podr\u00edan continuar sus investigaciones, o siquiera mantener sus empleos\u201d, recuerda. Columbia fue uno de los primeros objetivos de la Administraci\u00f3n Trump en su cruzada contra el supuesto antisemitismo en los campus universitarios; en mayo, la instituci\u00f3n despidi\u00f3 a 180 investigadores como consecuencia de los recortes impuestos por el republicano.<\/p>\n<p class=\"\">Schlossberg a\u00f1ade m\u00e1s detalles: \u201cA medida que pasaba m\u00e1s y m\u00e1s tiempo de mi vida bajo los cuidados de m\u00e9dicos, enfermeras e investigadores luchando por mejorar las vidas de otros, ve\u00eda a Bobby recortar casi 500 millones de d\u00f3lares en vacunas de ARN mensajero, una tecnolog\u00eda que se puede emplear contra algunos c\u00e1nceres; eliminaba miles de millones de d\u00f3lares en fondos para los Institutos Nacionales de Salud, el mayor patrocinador del mundo de investigaci\u00f3n m\u00e9dica; y amenazaba con despedir al panel de expertos m\u00e9dicos responsables de recomendar pruebas preventivas para la detecci\u00f3n del c\u00e1ncer. Cientos de ensayos cl\u00ednicos y de becas para la investigaci\u00f3n quedaron canceladas, algo que ha afectado a miles de pacientes\u201d.<\/p>\n<p class=\"\">Su art\u00edculo concluye con una declaraci\u00f3n de amor por sus hijos, y la incredulidad que le suscita el pensar que no les ver\u00e1 crecer. \u201cA veces me enga\u00f1o a m\u00ed misma para pensar que recordar\u00e9 todo esto (las vivencias con sus ni\u00f1os) para siempre, que lo recordar\u00e9 cuando est\u00e9 muerta. Evidentemente, no ser\u00e1 as\u00ed. Pero como no s\u00e9 c\u00f3mo es la muerte, y no hay nadie para decirme qu\u00e9 hay despu\u00e9s, seguir\u00e9 enga\u00f1\u00e1ndome. Seguir\u00e9 intentando recordar\u201d. <\/p>\n","protected":false},"excerpt":{"rendered":"La desgracia se ceba otra vez con el clan Kennedy. En el 62 aniversario del asesinato del presidente&hellip;\n","protected":false},"author":2,"featured_media":252266,"comment_status":"","ping_status":"","sticky":false,"template":"","format":"standard","meta":{"footnotes":""},"categories":[5],"tags":[17,18,1066,63803,352,25,24,629,13,14,11,35463,63802,19,20,3611,9,2556,10,15,16,40657,1811,23,12,21,22],"class_list":{"0":"post-252265","1":"post","2":"type-post","3":"status-publish","4":"format-standard","5":"has-post-thumbnail","7":"category-titulares","8":"tag-breaking-news","9":"tag-breakingnews","10":"tag-cancer","11":"tag-caroline-kennedy","12":"tag-donald-trump","13":"tag-es","14":"tag-espana","15":"tag-estados-unidos","16":"tag-featured-news","17":"tag-featurednews","18":"tag-headlines","19":"tag-john-fitzgerald-kennedy","20":"tag-john-fitzgerald-kennedy-jr","21":"tag-latest-news","22":"tag-latestnews","23":"tag-leucemia","24":"tag-news","25":"tag-norteamerica","26":"tag-noticias","27":"tag-noticias-destacadas","28":"tag-noticiasdestacadas","29":"tag-robert-f-kennedy","30":"tag-sanidad","31":"tag-spain","32":"tag-titulares","33":"tag-ultimas-noticias","34":"tag-ultimasnoticias"},"share_on_mastodon":{"url":"https:\/\/pubeurope.com\/@es\/115601811931922756","error":""},"_links":{"self":[{"href":"https:\/\/www.europesays.com\/es\/wp-json\/wp\/v2\/posts\/252265","targetHints":{"allow":["GET"]}}],"collection":[{"href":"https:\/\/www.europesays.com\/es\/wp-json\/wp\/v2\/posts"}],"about":[{"href":"https:\/\/www.europesays.com\/es\/wp-json\/wp\/v2\/types\/post"}],"author":[{"embeddable":true,"href":"https:\/\/www.europesays.com\/es\/wp-json\/wp\/v2\/users\/2"}],"replies":[{"embeddable":true,"href":"https:\/\/www.europesays.com\/es\/wp-json\/wp\/v2\/comments?post=252265"}],"version-history":[{"count":0,"href":"https:\/\/www.europesays.com\/es\/wp-json\/wp\/v2\/posts\/252265\/revisions"}],"wp:featuredmedia":[{"embeddable":true,"href":"https:\/\/www.europesays.com\/es\/wp-json\/wp\/v2\/media\/252266"}],"wp:attachment":[{"href":"https:\/\/www.europesays.com\/es\/wp-json\/wp\/v2\/media?parent=252265"}],"wp:term":[{"taxonomy":"category","embeddable":true,"href":"https:\/\/www.europesays.com\/es\/wp-json\/wp\/v2\/categories?post=252265"},{"taxonomy":"post_tag","embeddable":true,"href":"https:\/\/www.europesays.com\/es\/wp-json\/wp\/v2\/tags?post=252265"}],"curies":[{"name":"wp","href":"https:\/\/api.w.org\/{rel}","templated":true}]}}