{"id":252294,"date":"2025-11-24T00:43:12","date_gmt":"2025-11-24T00:43:12","guid":{"rendered":"https:\/\/www.europesays.com\/es\/252294\/"},"modified":"2025-11-24T00:43:12","modified_gmt":"2025-11-24T00:43:12","slug":"bolsonaro-alega-que-intento-quemar-su-tobillera-electronica-en-momento-de-paranoia","status":"publish","type":"post","link":"https:\/\/www.europesays.com\/es\/252294\/","title":{"rendered":"Bolsonaro alega que intent\u00f3 quemar su tobillera electr\u00f3nica en momento de \u00abparanoia\u00bb"},"content":{"rendered":"<p>    <img src=\"https:\/\/www.europesays.com\/es\/wp-content\/uploads\/2025\/11\/2025-11-23T213A243A59Z-90458319.jpg\" width=\"1024\" height=\"682\" alt=\"\" loading=\"eager\" decoding=\"sync\" fetchpriority=\"high\"\/><\/p>\n<p>            afp_tickers        <\/p>\n<p>        Este contenido fue publicado en    <\/p>\n<p>        23 noviembre 2025 &#8211; 22:24\n<\/p>\n<p>Un d\u00eda despu\u00e9s de ser puesto en prisi\u00f3n preventiva, el expresidente brasile\u00f1o Jair Bolsonaro aleg\u00f3 este domingo que intent\u00f3 quemar la tobillera que controlaba su detenci\u00f3n domiciliaria en un momento de \u00abparanoia\u00bb y neg\u00f3 cualquier tentativa de fuga.<\/p>\n<p>El exmandatario ultraderechista (2019-2022) fue condenado en septiembre a 27 a\u00f1os de c\u00e1rcel por intento de golpe de estado contra el izquierdista Luiz In\u00e1cio Lula da Silva tras perder los comicios en 2022.\u00a0<\/p>\n<p>Tras meses bajo arresto domiciliario y pocos d\u00edas antes de vencer el plazo para presentar una apelaci\u00f3n a su pena, el expresidente fue llevado el s\u00e1bado a un complejo de la polic\u00eda federal en Brasilia despu\u00e9s de que da\u00f1ara parcialmente el aparato con un soldador.<\/p>\n<p>Bolsonaro, de 70 a\u00f1os, dijo que \u00abtuvo \u2018una cierta paranoia\u2019 de viernes a s\u00e1bado debido a medicamentos (\u2026) resolviendo entonces, con un soldador, manipular la tobillera electr\u00f3nica\u00bb, seg\u00fan el documento obtenido por la AFP.<\/p>\n<p>Durante una audiencia de custodia realizada este domingo en Brasilia, el expresidente dijo a una jueza que \u00abten\u00eda \u2018alucinaciones\u2019 de que hab\u00eda alg\u00fan dispositivo de escucha en la tobillera\u00bb, detalla el acta de la diligencia.\u00a0<\/p>\n<p>La corte ratific\u00f3 la orden de arresto preventivo contra Bolsonaro.<\/p>\n<p>El exmandatario, por su parte, dijo en la audiencia \u00abque no ten\u00eda ninguna intenci\u00f3n de fuga y que no hubo ruptura de la correa\u00bb que ataba la tobillera a su cuerpo.<\/p>\n<p>\u2013 \u00abConfusi\u00f3n mental\u00bb \u2013<\/p>\n<p>M\u00e1s tarde, sus abogados pidieron que la corte reconsidere la prisi\u00f3n preventiva y que Bolsonaro regrese a \u00abprisi\u00f3n domiciliar humanitaria\u00bb, debido a su \u00abcuadro de confusi\u00f3n mental\u00bb.<\/p>\n<p>El expresidente experimenta \u00abefectos secundarios debido a las diferentes medicaciones prescritas, comenzando a tener pensamientos persecutorios y alejados de la realidad\u00bb, explicaron en un escrito dirigido al supremo tribunal.<\/p>\n<p>Cay\u00f3 en ese estado por los medicamentos que toma para aliviar las \u00abcrisis de hipo\u00bb que lo aquejan desde hace meses.\u00a0<\/p>\n<p>Bolsonaro tiene secuelas de una pu\u00f1alada que sufri\u00f3 durante un acto de campa\u00f1a en 2018 y ha sido sometido a varias cirug\u00edas intestinales desde entonces.<\/p>\n<p>Este domingo recibi\u00f3 sus primeras visitas en prisi\u00f3n: dos abogados, su m\u00e9dico de confianza y luego su esposa, Michelle Bolsonaro.<\/p>\n<p>El l\u00edder ultraderechista relat\u00f3 a la justicia haber pasado la tarde del viernes intentando abrir la tobillera hasta que \u00abentr\u00f3 en raz\u00f3n\u00bb cerca de la medianoche y se detuvo.\u00a0<\/p>\n<p>La polic\u00eda lleg\u00f3 a la residencia de Bolsonaro poco despu\u00e9s a hacer una inspecci\u00f3n.\u00a0<\/p>\n<p>El exmandatario, en un primer momento, dijo haber golpeado la tobillera contra una escalera, seg\u00fan los documentos del proceso.\u00a0<\/p>\n<p>Pero despu\u00e9s admiti\u00f3 haberla intentado quemar con un soldador por \u00abcuriosidad\u00bb, consta en un video divulgado por la corte el s\u00e1bado.<\/p>\n<p>\u2013 \u00abPa\u00eds soberano\u00bb \u2013<\/p>\n<p>El s\u00e1bado, al argumentar el riesgo de fuga, la corte suprema se\u00f1al\u00f3 que la embajada de Estados Unidos se encuentra cerca de la residencia de Bolsonaro.<\/p>\n<p>El exmandatario brasile\u00f1o es aliado del presidente estadounidense Donald Trump, quien denunci\u00f3 meses atr\u00e1s una \u00abcaza de brujas\u00bb en su contra y respondi\u00f3 imponiendo un arancel punitivo a Brasil.<\/p>\n<p>\u00ab\u00a1Qu\u00e9 mal!\u00bb, respondi\u00f3 Trump el s\u00e1bado al enterarse de la prisi\u00f3n de Bolsonaro. El mandatario retir\u00f3 buena parte de los aranceles a Brasil tras reunirse con Lula en octubre.<\/p>\n<p>Este domingo, el mandatario brasile\u00f1o fue interrogado sobre la posibilidad de que la detenci\u00f3n de su mayor opositor afecte los acercamientos con Washington.\u00a0<\/p>\n<p>\u00abNo tiene nada que ver\u00bb, dijo Lula durante una conferencia de prensa en el encuentro del G20 en Johannesburgo.<\/p>\n<p>\u00abTrump tiene que saber que somos un pa\u00eds soberano, que nuestra justicia decide y lo que se decide aqu\u00ed est\u00e1 decidido\u00bb, agreg\u00f3.\u00a0<\/p>\n<p>La prisi\u00f3n de Bolsonaro deja a la derecha sin candidato para las elecciones presidenciales de 2026, mientras Lula ya ha anunciado su intenci\u00f3n de postularse para un cuarto mandato.\u00a0<\/p>\n<p>El expresidente ya present\u00f3 un recurso contra su condena por golpismo y \u00e9ste fue rechazado por la corte suprema. Tiene plazo hasta el lunes para presentar una segunda apelaci\u00f3n.\u00a0<\/p>\n<p>jss\/nn<\/p>\n","protected":false},"excerpt":{"rendered":"afp_tickers Este contenido fue publicado en 23 noviembre 2025 &#8211; 22:24 Un d\u00eda despu\u00e9s de ser puesto en&hellip;\n","protected":false},"author":2,"featured_media":252295,"comment_status":"","ping_status":"","sticky":false,"template":"","format":"standard","meta":{"footnotes":""},"categories":[5],"tags":[17,18,636,15534,25,24,13,14,11,11894,11895,19,20,7657,9,10,15,16,25889,25890,23,90,12,11896,21,22],"class_list":{"0":"post-252294","1":"post","2":"type-post","3":"status-publish","4":"format-standard","5":"has-post-thumbnail","7":"category-titulares","8":"tag-breaking-news","9":"tag-breakingnews","10":"tag-conflict","11":"tag-coup-detat","12":"tag-es","13":"tag-espana","14":"tag-featured-news","15":"tag-featurednews","16":"tag-headlines","17":"tag-judiciary-system-of-justice","18":"tag-justice-and-rights","19":"tag-latest-news","20":"tag-latestnews","21":"tag-law-and-order","22":"tag-news","23":"tag-noticias","24":"tag-noticias-destacadas","25":"tag-noticiasdestacadas","26":"tag-prison","27":"tag-punishment","28":"tag-spain","29":"tag-ticker","30":"tag-titulares","31":"tag-trials","32":"tag-ultimas-noticias","33":"tag-ultimasnoticias"},"share_on_mastodon":{"url":"https:\/\/pubeurope.com\/@es\/115601906812616521","error":""},"_links":{"self":[{"href":"https:\/\/www.europesays.com\/es\/wp-json\/wp\/v2\/posts\/252294","targetHints":{"allow":["GET"]}}],"collection":[{"href":"https:\/\/www.europesays.com\/es\/wp-json\/wp\/v2\/posts"}],"about":[{"href":"https:\/\/www.europesays.com\/es\/wp-json\/wp\/v2\/types\/post"}],"author":[{"embeddable":true,"href":"https:\/\/www.europesays.com\/es\/wp-json\/wp\/v2\/users\/2"}],"replies":[{"embeddable":true,"href":"https:\/\/www.europesays.com\/es\/wp-json\/wp\/v2\/comments?post=252294"}],"version-history":[{"count":0,"href":"https:\/\/www.europesays.com\/es\/wp-json\/wp\/v2\/posts\/252294\/revisions"}],"wp:featuredmedia":[{"embeddable":true,"href":"https:\/\/www.europesays.com\/es\/wp-json\/wp\/v2\/media\/252295"}],"wp:attachment":[{"href":"https:\/\/www.europesays.com\/es\/wp-json\/wp\/v2\/media?parent=252294"}],"wp:term":[{"taxonomy":"category","embeddable":true,"href":"https:\/\/www.europesays.com\/es\/wp-json\/wp\/v2\/categories?post=252294"},{"taxonomy":"post_tag","embeddable":true,"href":"https:\/\/www.europesays.com\/es\/wp-json\/wp\/v2\/tags?post=252294"}],"curies":[{"name":"wp","href":"https:\/\/api.w.org\/{rel}","templated":true}]}}