{"id":252303,"date":"2025-11-24T00:54:14","date_gmt":"2025-11-24T00:54:14","guid":{"rendered":"https:\/\/www.europesays.com\/es\/252303\/"},"modified":"2025-11-24T00:54:14","modified_gmt":"2025-11-24T00:54:14","slug":"asi-es-el-impactante-refugio-de-cristal-autosuficiente-ubicado-en-los-alpes-que-fusiona-arquitectura-y-tecnologia","status":"publish","type":"post","link":"https:\/\/www.europesays.com\/es\/252303\/","title":{"rendered":"As\u00ed es el impactante refugio de cristal autosuficiente ubicado en los Alpes que fusiona arquitectura y tecnolog\u00eda"},"content":{"rendered":"<p><img alt=\"La caba\u00f1a de cristal en\" class=\"global-image\" decoding=\"async\" fetchpriority=\"high\" height=\"1080\" loading=\"eager\" src=\"https:\/\/www.europesays.com\/es\/wp-content\/uploads\/2025\/11\/Z4OPTREY3FDGVJXVAD6ZQVMRCU.jpg\" width=\"1920\"\/>La caba\u00f1a de cristal en los Alpes redefine el refugio alpino con innovaci\u00f3n, sostenibilidad y dise\u00f1o de vanguardia<\/p>\n<p class=\"paragraph\">En el coraz\u00f3n de los <a rel=\"noopener noreferrer nofollow\" href=\"https:\/\/www.infobae.com\/tag\/alpes-suizos\/\" target=\"_blank\" title=\"https:\/\/www.infobae.com\/tag\/alpes-suizos\/\">Alpes<\/a>, una <b>revolucionaria caba\u00f1a de cristal <\/b>est\u00e1 lista para transformar la experiencia de los alpinistas y monta\u00f1eros. <\/p>\n<p class=\"paragraph\">Este innovador refugio, concebido para brindar protecci\u00f3n en las condiciones extremas de la alta monta\u00f1a, muestra un dise\u00f1o que fusiona elegancia arquitect\u00f3nica y funcionalidad, rescatando la visi\u00f3n est\u00e9tica de los rascacielos m\u00e1s sofisticados de <a rel=\"noopener noreferrer nofollow\" href=\"https:\/\/www.infobae.com\/tag\/milan\/\" target=\"_blank\" title=\"https:\/\/www.infobae.com\/tag\/milan\/\">Mil\u00e1n<\/a> y llev\u00e1ndola hasta los majestuosos paisajes monta\u00f1osos de Europa central.<\/p>\n<p class=\"paragraph\">El vivac de cristal responde a la necesidad esencial de <b>ofrecer resguardo seguro y eficiente a quienes se aventuran en la alta monta\u00f1a<\/b>, exponi\u00e9ndose a condiciones clim\u00e1ticas peligrosas. M\u00e1s all\u00e1 del simple prop\u00f3sito de protecci\u00f3n, la estructura propone una experiencia \u00fanica gracias a su apariencia transl\u00facida, que permite a los ocupantes mantener una conexi\u00f3n visual constante con el entorno natural, incluso en momentos de resguardo. <\/p>\n<p><img alt=\"El refugio de cristal ofrece\" class=\"global-image\" decoding=\"async\" fetchpriority=\"low\" height=\"1080\" loading=\"lazy\" src=\"https:\/\/www.europesays.com\/es\/wp-content\/uploads\/2025\/11\/ICECGQ74TFBYTEZFHNNWQKPPKQ.jpg\" width=\"1920\"\/>El refugio de cristal ofrece protecci\u00f3n eficiente a alpinistas y mantiene una conexi\u00f3n visual \u00fanica con el entorno natural<\/p>\n<p class=\"paragraph\">El cristal empleado en su construcci\u00f3n recuerda el estilo pulcro y contempor\u00e1neo de las edificaciones m\u00e1s emblem\u00e1ticas de Mil\u00e1n, generando un fuerte contraste con los habituales refugios alpinos que suelen priorizar la funci\u00f3n por encima de la est\u00e9tica.<\/p>\n<p class=\"paragraph\">El dise\u00f1o esquiva cualquier referencia a construcciones invasivas o ajenas al paisaje. Cada l\u00ednea y cada \u00e1ngulo se orientan a mimetizarse con las formas y dimensiones de las rocas locales, ofreciendo una silueta discreta que no rompe la armon\u00eda visual de los Alpes. La transparencia del cristal permite que la luz natural inunde el interior, mientras que su estructura s\u00f3lida brinda el aislamiento necesario frente a las condiciones extremas comunes en altitud.<\/p>\n<p class=\"paragraph\">El origen de este innovador refugio reside en la creatividad conjunta de la firma de arquitectura italiana CRA-Carlo Ratti Associati y el Salone del Mobile.Milano, que unieron fuerzas para dar forma a un concepto que reimagina los vivacs, rifugios y \u201cbothis\u201d tradicionales. La colaboraci\u00f3n naci\u00f3 con un objetivo definido: idear un refugio alpino que no solo cumpliera su funci\u00f3n pr\u00e1ctica, sino que tambi\u00e9n estableciera un nuevo <b>est\u00e1ndar est\u00e9tico y de integraci\u00f3n medioambiental.<\/b><\/p>\n<p><img alt=\"El dise\u00f1o de la caba\u00f1a\" class=\"global-image\" decoding=\"async\" fetchpriority=\"low\" height=\"1080\" loading=\"lazy\" src=\"https:\/\/www.europesays.com\/es\/wp-content\/uploads\/2025\/11\/DKQBADSKZJFSLFOQWJZVXKETEM.jpg\" width=\"1920\"\/>El dise\u00f1o de la caba\u00f1a se inspira en la arquitectura de Mil\u00e1n y se mimetiza con las formaciones rocosas de los Alpes<\/p>\n<p class=\"paragraph\">El proceso de desarrollo arranc\u00f3 con un detallado escaneo 3D de las formaciones rocosas circundantes. Este paso result\u00f3 fundamental para garantizar que cada aspecto del refugio se ajustara al entorno y que la estructura pudiera insertarse en el paisaje sin alterarlo. El trabajo colaborativo entre la firma de dise\u00f1o y la plataforma de exhibici\u00f3n milanesa permiti\u00f3 aunar precisi\u00f3n t\u00e9cnica y sensibilidad art\u00edstica, dos componentes centrales del proyecto.<\/p>\n<p class=\"paragraph\">La presidenta del Salone del Mobile.Milano, <b>Maria Porro<\/b>, subray\u00f3 sobre esta iniciativa: \u201cEs un gesto que convierte la investigaci\u00f3n en una forma de armon\u00eda con el mundo natural y que, en su viaje desde nuestro Mil\u00e1n hasta los Alpes, expresa los principios que compartimos: un dise\u00f1o circular y responsable\u201d.<\/p>\n<p class=\"paragraph\">El arquitecto <b>Carlo Ratti<\/b>, fundador de CRA-Carlo Ratti Associati, se inspir\u00f3 abiertamente en las ideas del hist\u00f3rico arquitecto Gio Ponti, quien postulaba que la arquitectura deb\u00eda asemejarse a un cristal, capaz de reflejar y adaptarse a su entorno. Ratti explica que el refugio toma esta noci\u00f3n literalmente: \u201cEl gran arquitecto italiano del siglo XX, Gio Ponti, dijo una vez que <b>la arquitectura es \u2018como un cristal\u2019<\/b>. En este dise\u00f1o, tomamos esa idea literalmente, utilizando la fabricaci\u00f3n digital para dise\u00f1ar un vivac como si fuera parte de las formaciones rocosas naturales que dan forma a los Alpes\u201d.<\/p>\n<p><img alt=\"La colaboraci\u00f3n entre CRA-Carlo Ratti\" class=\"global-image\" decoding=\"async\" fetchpriority=\"low\" height=\"1440\" loading=\"lazy\" src=\"https:\/\/www.europesays.com\/es\/wp-content\/uploads\/2025\/11\/6OSIWM4MJVBCVKDYN2Q44O5OVE.jpg\" width=\"1920\"\/>La colaboraci\u00f3n entre CRA-Carlo Ratti Associati y el Salone del Mobile.Milano impulsa un nuevo est\u00e1ndar en refugios de monta\u00f1a<\/p>\n<p class=\"paragraph\">As\u00ed, utilizando herramientas digitales de fabricaci\u00f3n avanzada, cada elemento del dise\u00f1o busca integrarse con las caracter\u00edsticas \u00fanicas del entorno alpino, en vez de imponer una presencia for\u00e1nea. De acuerdo con Ratti, \u201cdesafortunadamente, hoy en d\u00eda los vivacs a menudo parecen dirigibles que han aterrizado en nuestros hermosos paisajes alpinos. Aqu\u00ed adoptamos el enfoque opuesto: <b>una estructura que se mimetice lo m\u00e1ximo posible con el entorno<\/b>\u201d.<\/p>\n<p class=\"paragraph\">Este enfoque significa romper con la tradici\u00f3n de refugios agresivos visualmente para promover una alternativa que acepta el reto de la mimetizaci\u00f3n absoluta. De este modo, la estructura no solo protege a sus ocupantes, sino que tambi\u00e9n se convierte en una extensi\u00f3n natural del paisaje, respetando la belleza de los Alpes.<\/p>\n<p class=\"paragraph\">La funcionalidad de la caba\u00f1a de cristal se complementa con un conjunto de soluciones tecnol\u00f3gicas concebidas para hacerla autosuficiente y sostenible. Seg\u00fan el estudio de arquitectura responsable del proyecto, la<b> caba\u00f1a apuesta por la producci\u00f3n de energ\u00eda in situ, lo que reduce la necesidad de conexiones externas y mejora su eficiencia energ\u00e9tica<\/b>. Asimismo, incluye sistemas inteligentes para el almacenamiento de energ\u00eda, asegurando la provisi\u00f3n continua de electricidad a\u00fan en periodos clim\u00e1ticos desfavorables.<\/p>\n<p><img alt=\"La caba\u00f1a de cristal incorpora\" class=\"global-image\" decoding=\"async\" fetchpriority=\"low\" height=\"1080\" loading=\"lazy\" src=\"https:\/\/www.europesays.com\/es\/wp-content\/uploads\/2025\/11\/6TOGXTSR6VHKLKWZ3P4OU5NY7M.jpg\" width=\"1920\"\/>La caba\u00f1a de cristal incorpora sistemas autosuficientes de energ\u00eda y captaci\u00f3n de agua para minimizar su huella ecol\u00f3gica<\/p>\n<p class=\"paragraph\">Otra innovaci\u00f3n crucial es la capacidad del refugio para <b>captar agua a partir de la condensaci\u00f3n del aire<\/b>, lo que resuelve uno de los mayores desaf\u00edos de los vivacs de alta monta\u00f1a. Este m\u00e9todo permite abastecer a los ocupantes sin depender de fuentes h\u00eddricas externas, minimizando la huella ecol\u00f3gica de la instalaci\u00f3n. La suma de estas soluciones convierte a la caba\u00f1a en un claro ejemplo de arquitectura responsable, orientada a la autosuficiencia y el respeto por el medio ambiente.<\/p>\n<p class=\"paragraph\">El lanzamiento y despliegue de la caba\u00f1a de cristal est\u00e1 directamente vinculado a los <b>Juegos Ol\u00edmpicos de Invierno Mil\u00e1n 2026<\/b>. Antes de establecerse definitivamente en las monta\u00f1as, la estructura se exhibir\u00e1 en la ciudad de Mil\u00e1n como parte de las actividades oficiales que acompa\u00f1an la cita ol\u00edmpica. Este recorrido simboliza el tr\u00e1nsito entre los valores urbanos y modernos de la capital lombarda y la naturaleza ind\u00f3mita de los Alpes.<\/p>\n<p class=\"paragraph\">Finalizada la exhibici\u00f3n, el refugio ser\u00e1 transportado mediante un operativo a\u00e9reo hasta su emplazamiento programado en el entorno alpino, donde quedar\u00e1 disponible como salvaguarda para monta\u00f1eros y deportistas de alto rendimiento. Los Juegos Ol\u00edmpicos de Invierno 2026, cuya programaci\u00f3n incluye competencias tanto en Cortina d\u2019Ampezzo, en Trentino-Alto Adigio, como en los valles de Lombard\u00eda, brindan el marco ideal para presentar esta propuesta arquitect\u00f3nica, que re\u00fane innovaci\u00f3n tecnol\u00f3gica, sostenibilidad y una profunda sensibilidad est\u00e9tica al servicio de quienes desaf\u00edan las alturas alpinas.<\/p>\n","protected":false},"excerpt":{"rendered":"La caba\u00f1a de cristal en los Alpes redefine el refugio alpino con innovaci\u00f3n, sostenibilidad y dise\u00f1o de vanguardia&hellip;\n","protected":false},"author":2,"featured_media":252304,"comment_status":"","ping_status":"","sticky":false,"template":"","format":"standard","meta":{"footnotes":""},"categories":[173],"tags":[229,233,231,230,232,234,146,147,25,24,23],"class_list":{"0":"post-252303","1":"post","2":"type-post","3":"status-publish","4":"format-standard","5":"has-post-thumbnail","7":"category-arte-y-diseno","8":"tag-arte","9":"tag-arte-y-diseno","10":"tag-arts","11":"tag-arts-and-design","12":"tag-design","13":"tag-diseno","14":"tag-entertainment","15":"tag-entretenimiento","16":"tag-es","17":"tag-espana","18":"tag-spain"},"share_on_mastodon":{"url":"https:\/\/pubeurope.com\/@es\/115601949818444277","error":""},"_links":{"self":[{"href":"https:\/\/www.europesays.com\/es\/wp-json\/wp\/v2\/posts\/252303","targetHints":{"allow":["GET"]}}],"collection":[{"href":"https:\/\/www.europesays.com\/es\/wp-json\/wp\/v2\/posts"}],"about":[{"href":"https:\/\/www.europesays.com\/es\/wp-json\/wp\/v2\/types\/post"}],"author":[{"embeddable":true,"href":"https:\/\/www.europesays.com\/es\/wp-json\/wp\/v2\/users\/2"}],"replies":[{"embeddable":true,"href":"https:\/\/www.europesays.com\/es\/wp-json\/wp\/v2\/comments?post=252303"}],"version-history":[{"count":0,"href":"https:\/\/www.europesays.com\/es\/wp-json\/wp\/v2\/posts\/252303\/revisions"}],"wp:featuredmedia":[{"embeddable":true,"href":"https:\/\/www.europesays.com\/es\/wp-json\/wp\/v2\/media\/252304"}],"wp:attachment":[{"href":"https:\/\/www.europesays.com\/es\/wp-json\/wp\/v2\/media?parent=252303"}],"wp:term":[{"taxonomy":"category","embeddable":true,"href":"https:\/\/www.europesays.com\/es\/wp-json\/wp\/v2\/categories?post=252303"},{"taxonomy":"post_tag","embeddable":true,"href":"https:\/\/www.europesays.com\/es\/wp-json\/wp\/v2\/tags?post=252303"}],"curies":[{"name":"wp","href":"https:\/\/api.w.org\/{rel}","templated":true}]}}