{"id":252305,"date":"2025-11-24T00:56:11","date_gmt":"2025-11-24T00:56:11","guid":{"rendered":"https:\/\/www.europesays.com\/es\/252305\/"},"modified":"2025-11-24T00:56:11","modified_gmt":"2025-11-24T00:56:11","slug":"cabe-el-alcalde-de-madrid","status":"publish","type":"post","link":"https:\/\/www.europesays.com\/es\/252305\/","title":{"rendered":"\u00bfCabe el alcalde de Madrid?"},"content":{"rendered":"<p class=\"article-text\">\n        <strong>Maruja Torres<\/strong> fue la nueva invitada de <strong>Al cielo con ella<\/strong> en <strong>La 2<\/strong>. La periodista se sent\u00f3 frente a <strong>Henar \u00c1lvarez<\/strong>, vestida con una camiseta con la bandera de Palestina: \u201c<strong>Me la he querido poner para que no olvidemos, para que sepamos que sigue y para ver si alg\u00fan d\u00eda llevamos ante alg\u00fan tipo de justicia a los perpetradores del genocidio\u201d<\/strong>.\n    <\/p>\n<p>    <a href=\"https:\/\/www.eldiario.es\/vertele\/noticias\/asier-etxeandia-recuerda-dejo-un-paso-adelante-bizarro-les-mande-culo_1_12773344.html\" data-mrf-recirculation=\"saber-mas\" data-dl-event=\"saber-mas\" rel=\"nofollow noopener\" target=\"_blank\"><\/p>\n<p class=\"know-more__title\">Asier Etxeandia recuerda por qu\u00e9 dej\u00f3 &#8216;Un paso adelante&#8217;: \u00abTodo era tan bizarro que les mand\u00e9 a tomar por culo\u00bb<\/p>\n<p>            <img decoding=\"async\" class=\"lazy\" loading=\"lazy\" data-src=\"https:\/\/static.eldiario.es\/clip\/df8d7289-189a-40c3-947b-66cf990159c6_16-9-aspect-ratio_default_0.jpg\" src=\"data:image\/svg+xml,%3Csvg xmlns=\" http:=\"\" viewbox=\"0 0 880 495\" alt=\"Asier Etxeandia recuerda por qu\u00e9 dej\u00f3 'Un paso adelante': &quot;Todo era tan bizarro que les mand\u00e9 a tomar por culo&quot;\"\/><\/p>\n<p>                        <\/a><\/p>\n<p class=\"article-text\">\n        La presentadora le pregunt\u00f3 c\u00f3mo se viv\u00eda en la \u00e9poca de Franco &#8211; coincidiendo con el aniversario de su muerte- y Torres respondi\u00f3: \u201c<strong>Aquello era gris en todos los sentidos.<\/strong> La polic\u00eda iba vestida de gris, las mujeres est\u00e1bamos muy mal y los hombres tambi\u00e9n. La mitad hab\u00edan sido humillados y vencidos y a la otra mitad les estaban pisoteando\u201d.\n    <\/p>\n<p class=\"article-text\">\n        Por lo que lament\u00f3 las \u00faltimas encuestas que se\u00f1alan que un alto porcentaje de j\u00f3venes volver\u00eda a la dictadura: <strong>\u201cQue los j\u00f3venes sean tan tontos como para creer que saben todo sobre el franquismo es para estrangularlos\u201d<\/strong>, asegur\u00f3.\n    <\/p>\n<blockquote class=\"twitter-tweet\" data-lang=\"es\"><p><a href=\"https:\/\/twitter.com\/X\/status\/1992704206667649073?ref_src=twsrc%5Etfw\" rel=\"nofollow noopener\" target=\"_blank\"><\/p><\/blockquote>\n<p class=\"article-text\">\n        La invitada hizo un repaso a su \u00e9poca de enviada especial a distintas guerras, y habl\u00f3 de las pocas mujeres que ejerc\u00edan el periodismo. Tambi\u00e9n agradeci\u00f3 a <strong>Jordi \u00c9vole<\/strong> que le lanzara \u201cde nuevo a la pista circense\u201d, con su <a href=\"https:\/\/www.eldiario.es\/vertele\/noticias\/16-lecciones-vida-dejo-maruja-torres-pregunta-evole-quiso-hacerle-solas_1_9986647.html\" target=\"_blank\" data-mrf-recirculation=\"links-noticia\" class=\"link\" rel=\"nofollow noopener\">entrevista en laSexta<\/a>.\n    <\/p>\n<p class=\"article-text\">\n        Para acabar, Henar le pidi\u00f3 que escribiera el nombre de alguien a quien congelar en la nevera. El juego habitual del programa que consiste en simular la idea de <strong>\u201ccongelar gente\u201d<\/strong> &#8211; sin da\u00f1ar a nadie- en un juego de comedia relacionado con un concepto de brujer\u00eda y la congelaci\u00f3n de bebidas para la diversi\u00f3n.\n    <\/p>\n<p class=\"article-text\">\n        A lo que la periodista accedi\u00f3 con total sinceridad, ya que la mayor\u00eda de invitados suelen escribir el nombre en silencio y en secreto, pero ella los desvel\u00f3: \u201cHay personas que tuvieron relieve y que parec\u00edan patriotas y en este momento los considero traidores:<strong> el Rey Juan Carlos, Felipe Gonz\u00e1lez y Juan Luis Cebri\u00e1n\u201d. <\/strong>\n    <\/p>\n<p>    <a href=\"https:\/\/www.eldiario.es\/vertele\/series\/ena-rtve-serie-javier-olivares-ataque-directo-eliminar-competidora-ficcion-la-1_1_12781512.html\" data-mrf-recirculation=\"saber-mas-abajo\" data-dl-event=\"saber-mas-abajo\" rel=\"nofollow noopener\" target=\"_blank\"><\/p>\n<p class=\"know-more__title\">La 1 estrena &#8216;ENA&#8217; y Olivares denuncia el \u201cataque directo\u201d a RTVE: \u201cQuieren eliminarla como competidora de ficci\u00f3n\u201d<\/p>\n<p>            <img decoding=\"async\" class=\"lazy\" loading=\"lazy\" data-src=\"https:\/\/static.eldiario.es\/clip\/de44e753-c781-44fd-b1b8-69cf1e65fe0c_16-9-aspect-ratio_default_0.jpg\" src=\"data:image\/svg+xml,%3Csvg xmlns=\" http:=\"\" viewbox=\"0 0 880 495\" alt=\"La 1 estrena 'ENA' y Olivares denuncia el &quot;ataque directo&quot; a RTVE: &quot;Quieren eliminarla como competidora de ficci\u00f3n&quot;\"\/><\/p>\n<p>                        <\/a><\/p>\n<blockquote class=\"twitter-tweet\" data-lang=\"es\"><p><a href=\"https:\/\/twitter.com\/X\/status\/1992706975021593010?ref_src=twsrc%5Etfw\" rel=\"nofollow noopener\" target=\"_blank\"><\/p><\/blockquote>\n<p class=\"article-text\">\n        Escribi\u00f3 los tres nombres y antes de acabar pregunt\u00f3: \u201c<strong>\u00bfCabe el alcalde de Madrid?\u201d<\/strong>, una ocurrencia sobre <strong>Jos\u00e9 Luis Mart\u00ednez-Almeida<\/strong> que hizo re\u00edr a la presentadora que acept\u00f3 la propuesta. Y antes de meterlos en el congelador, Torres tambi\u00e9n los maldigo.\n    <\/p>\n<p>                                <script async src=\"https:\/\/platform.twitter.com\/widgets.js\" charset=\"utf-8\"><\/script><\/p>\n","protected":false},"excerpt":{"rendered":"Maruja Torres fue la nueva invitada de Al cielo con ella en La 2. La periodista se sent\u00f3&hellip;\n","protected":false},"author":2,"featured_media":252306,"comment_status":"","ping_status":"","sticky":false,"template":"","format":"standard","meta":{"footnotes":""},"categories":[171],"tags":[1201,5593,6884,63811,43205,146,147,25,24,205,46040,23,4655,63810,603,214,1447],"class_list":{"0":"post-252305","1":"post","2":"type-post","3":"status-publish","4":"format-standard","5":"has-post-thumbnail","7":"category-tv","8":"tag-alcalde","9":"tag-alta","10":"tag-cielo","11":"tag-congelo","12":"tag-desvelo","13":"tag-entertainment","14":"tag-entretenimiento","15":"tag-es","16":"tag-espana","17":"tag-madrid","18":"tag-maruja","19":"tag-spain","20":"tag-torres","21":"tag-traidores","22":"tag-tres","23":"tag-tv","24":"tag-voz"},"share_on_mastodon":{"url":"https:\/\/pubeurope.com\/@es\/115601957352524982","error":""},"_links":{"self":[{"href":"https:\/\/www.europesays.com\/es\/wp-json\/wp\/v2\/posts\/252305","targetHints":{"allow":["GET"]}}],"collection":[{"href":"https:\/\/www.europesays.com\/es\/wp-json\/wp\/v2\/posts"}],"about":[{"href":"https:\/\/www.europesays.com\/es\/wp-json\/wp\/v2\/types\/post"}],"author":[{"embeddable":true,"href":"https:\/\/www.europesays.com\/es\/wp-json\/wp\/v2\/users\/2"}],"replies":[{"embeddable":true,"href":"https:\/\/www.europesays.com\/es\/wp-json\/wp\/v2\/comments?post=252305"}],"version-history":[{"count":0,"href":"https:\/\/www.europesays.com\/es\/wp-json\/wp\/v2\/posts\/252305\/revisions"}],"wp:featuredmedia":[{"embeddable":true,"href":"https:\/\/www.europesays.com\/es\/wp-json\/wp\/v2\/media\/252306"}],"wp:attachment":[{"href":"https:\/\/www.europesays.com\/es\/wp-json\/wp\/v2\/media?parent=252305"}],"wp:term":[{"taxonomy":"category","embeddable":true,"href":"https:\/\/www.europesays.com\/es\/wp-json\/wp\/v2\/categories?post=252305"},{"taxonomy":"post_tag","embeddable":true,"href":"https:\/\/www.europesays.com\/es\/wp-json\/wp\/v2\/tags?post=252305"}],"curies":[{"name":"wp","href":"https:\/\/api.w.org\/{rel}","templated":true}]}}