{"id":252307,"date":"2025-11-24T00:58:12","date_gmt":"2025-11-24T00:58:12","guid":{"rendered":"https:\/\/www.europesays.com\/es\/252307\/"},"modified":"2025-11-24T00:58:12","modified_gmt":"2025-11-24T00:58:12","slug":"la-corunesa-vaca-films-anuncia-el-estreno-de-dimelo-bajito-en-amazon-prime","status":"publish","type":"post","link":"https:\/\/www.europesays.com\/es\/252307\/","title":{"rendered":"La coru\u00f1esa Vaca Films anuncia el estreno de &#8216;D\u00edmelo bajito&#8217; en Amazon Prime"},"content":{"rendered":"<p><img decoding=\"async\" width=\"1280\" height=\"732\" fetchpriority=\"high\" alt=\"Protagonistas de 'D\u00edmelo bajito'\" src=\"https:\/\/www.europesays.com\/es\/wp-content\/uploads\/2025\/11\/6922e4f2b9c90.jpeg\"\/><\/p>\n<p>Protagonistas de &#8216;D\u00edmelo bajito&#8217;<\/p>\n<p>Vaca Films<\/p>\n<p class=\"\"><b>&#8216;Los Di Bianco han vuelto y ya nada volver\u00e1 a ser igual&#8217;<\/b>. De esta forma tan particular, la productora herculina<b> Vaca Films<\/b> anuncia el estreno de <b>&#8216;D\u00edmelo bajito&#8217;<\/b>. Tras finalizar el rodaje a finales de 2024, la pel\u00edcula ver\u00e1 la luz un a\u00f1o despu\u00e9s: el <b>12 de diciembre<\/b>.<\/p>\n<p class=\"\"><b>Siete semanas de rodaje<\/b> bastaron para recorrerse media Galicia y poner en marcha la primera de las tres partes que tiene la trilog\u00eda &#8216;D\u00edmelo&#8217; de <b>Mercedes Ron<\/b>. El largometraje cont\u00f3 con una ayuda de 300.000 euros del fondo de atracci\u00f3n de rodajes convocado por la Xunta.<\/p>\n<p class=\"\"><b>Bergondo, Perbes o Ledo\u00f1o<\/b> se han colado en esta pel\u00edcula que explora el tri\u00e1ngulo amoroso entre Kamila y los hermanos Di Bianco, quienes se reencuentran despu\u00e9s de seis a\u00f1os y se enfrentan a sentimientos complejos y un pasado doloroso.\u00a0<\/p>\n","protected":false},"excerpt":{"rendered":"Protagonistas de &#8216;D\u00edmelo bajito&#8217; Vaca Films &#8216;Los Di Bianco han vuelto y ya nada volver\u00e1 a ser igual&#8217;.&hellip;\n","protected":false},"author":2,"featured_media":252308,"comment_status":"","ping_status":"","sticky":false,"template":"","format":"standard","meta":{"footnotes":""},"categories":[169],"tags":[177,146,147,25,24,176,175,23],"class_list":{"0":"post-252307","1":"post","2":"type-post","3":"status-publish","4":"format-standard","5":"has-post-thumbnail","7":"category-cine","8":"tag-cine","9":"tag-entertainment","10":"tag-entretenimiento","11":"tag-es","12":"tag-espana","13":"tag-film","14":"tag-movies","15":"tag-spain"},"share_on_mastodon":{"url":"https:\/\/pubeurope.com\/@es\/115601965578863445","error":""},"_links":{"self":[{"href":"https:\/\/www.europesays.com\/es\/wp-json\/wp\/v2\/posts\/252307","targetHints":{"allow":["GET"]}}],"collection":[{"href":"https:\/\/www.europesays.com\/es\/wp-json\/wp\/v2\/posts"}],"about":[{"href":"https:\/\/www.europesays.com\/es\/wp-json\/wp\/v2\/types\/post"}],"author":[{"embeddable":true,"href":"https:\/\/www.europesays.com\/es\/wp-json\/wp\/v2\/users\/2"}],"replies":[{"embeddable":true,"href":"https:\/\/www.europesays.com\/es\/wp-json\/wp\/v2\/comments?post=252307"}],"version-history":[{"count":0,"href":"https:\/\/www.europesays.com\/es\/wp-json\/wp\/v2\/posts\/252307\/revisions"}],"wp:featuredmedia":[{"embeddable":true,"href":"https:\/\/www.europesays.com\/es\/wp-json\/wp\/v2\/media\/252308"}],"wp:attachment":[{"href":"https:\/\/www.europesays.com\/es\/wp-json\/wp\/v2\/media?parent=252307"}],"wp:term":[{"taxonomy":"category","embeddable":true,"href":"https:\/\/www.europesays.com\/es\/wp-json\/wp\/v2\/categories?post=252307"},{"taxonomy":"post_tag","embeddable":true,"href":"https:\/\/www.europesays.com\/es\/wp-json\/wp\/v2\/tags?post=252307"}],"curies":[{"name":"wp","href":"https:\/\/api.w.org\/{rel}","templated":true}]}}