{"id":252312,"date":"2025-11-24T01:01:27","date_gmt":"2025-11-24T01:01:27","guid":{"rendered":"https:\/\/www.europesays.com\/es\/252312\/"},"modified":"2025-11-24T01:01:27","modified_gmt":"2025-11-24T01:01:27","slug":"juan-del-val-sobre-el-error-que-aparece-en-la-novela-con-la-que-ha-ganado-el-premio-planeta-se-me-paso","status":"publish","type":"post","link":"https:\/\/www.europesays.com\/es\/252312\/","title":{"rendered":"Juan del Val sobre el error que aparece en la novela con la que ha ganado el Premio Planeta: \u00abSe me pas\u00f3\u00bb"},"content":{"rendered":"<p><a class=\"v-mdl-ath__fig-a\" href=\"https:\/\/www.elcorreo.com\/autor\/marina-leon-6788.html\" title=\"Marina Le\u00f3n\" rel=\"nofollow noopener\" target=\"_blank\"><br \/>\n<img decoding=\"async\" class=\"v-mdl-ath__img\" src=\"https:\/\/www.europesays.com\/es\/wp-content\/uploads\/2025\/09\/autor-6788-foto-1.jpeg\" alt=\"Marina Le\u00f3n\"\/><br \/>\n<\/a><\/p>\n<p class=\"v-mdl-ath__p v-mdl-ath__p--6\">\nDomingo, 23 de noviembre 2025, 17:15<\/p>\n<p class=\"v-p\"><a href=\"https:\/\/www.elcorreo.com\/gente-estilo\/romantica-dedicatoria-juan-val-nuria-roca-tras-20251016104848-nt.html\" target=\"_blank\" title=\"La rom\u00e1ntica dedicatoria de Juan del Val a Nuria Roca tras ganar el Premio Planeta: \u00abSin ti esto ser\u00eda imposible\u00bb\" data-voc-vtm-id=\"in-text-traffic\" data-mrf-link=\"www.elcorreo.com\" rel=\"nofollow noopener\">Juan del Val<\/a> ha recibido una buena dosis de cr\u00edticas desde que recibi\u00f3 el premio Planeta 2025 por su libro &#8216;Vera, una historia de amor&#8217; El escritor, periodista y colaborador de &#8216;El Hormiguero&#8217; ha asegurado que acepta todo tipo de comentarios, \u00abpero que haya gente que hable de la novela sin leerla es lamentable\u00bb. El autor del libro, que ha demostrado no tener pelos en la lengua, tambi\u00e9n reconoce que cometi\u00f3 un error en la escritura de la novela: \u00abSe me pas\u00f3\u00bb, confiesa.<\/p>\n<p class=\"v-p\">El galardonado libro cuenta la historia de Vera, una mujer de la alta sociedad sevillana que a sus 45 a\u00f1os decide romper con su matrimonio con un marqu\u00e9s y se adentra en una apasionada relaci\u00f3n con Antonio, un joven de origen humilde. Ha sido precisamente Sevilla, el escenario que ha enamorado a los lectores el que tambi\u00e9n le ha jugado una mala pasada a Juan del Val. <\/p>\n<p class=\"v-p\">\u00abHay un error en la novela que me fastidia mucho\u00bb, reconoce. Seg\u00fan a declarado a &#8216;Diez Minutos&#8217;, el fallo est\u00e1 cuando describe el primer d\u00eda de la Feria de Sevilla, el del &#8216;pesca\u00edto&#8217;, y habla de las mujeres vestidas con sus trajes de flamencas. \u00c9l mismo rectifica ahora diciendo que ese d\u00eda nunca van vestidas sino con trajes de c\u00f3ctel o de fiesta. Es m\u00e1s, recalca que lo sab\u00eda pero que el error est\u00e1 ah\u00ed. \u00abEs un error peque\u00f1o, pero me molesta porque lo sab\u00eda y se me pas\u00f3\u00bb, asume.<\/p>\n<p>Reporta un error<\/p>\n","protected":false},"excerpt":{"rendered":"Domingo, 23 de noviembre 2025, 17:15 Juan del Val ha recibido una buena dosis de cr\u00edticas desde que&hellip;\n","protected":false},"author":2,"featured_media":252313,"comment_status":"","ping_status":"","sticky":false,"template":"","format":"standard","meta":{"footnotes":""},"categories":[91],"tags":[62994,146,147,12863,25,24,1487,409,1645,4191,5635,843,57,23,32693],"class_list":{"0":"post-252312","1":"post","2":"type-post","3":"status-publish","4":"format-standard","5":"has-post-thumbnail","7":"category-entretenimiento","8":"tag-cometio","9":"tag-entertainment","10":"tag-entretenimiento","11":"tag-error","12":"tag-es","13":"tag-espana","14":"tag-ganado","15":"tag-juan","16":"tag-novela","17":"tag-paso","18":"tag-planeta","19":"tag-premio","20":"tag-sobre","21":"tag-spain","22":"tag-val"},"share_on_mastodon":{"url":"https:\/\/pubeurope.com\/@es\/115601977667382415","error":""},"_links":{"self":[{"href":"https:\/\/www.europesays.com\/es\/wp-json\/wp\/v2\/posts\/252312","targetHints":{"allow":["GET"]}}],"collection":[{"href":"https:\/\/www.europesays.com\/es\/wp-json\/wp\/v2\/posts"}],"about":[{"href":"https:\/\/www.europesays.com\/es\/wp-json\/wp\/v2\/types\/post"}],"author":[{"embeddable":true,"href":"https:\/\/www.europesays.com\/es\/wp-json\/wp\/v2\/users\/2"}],"replies":[{"embeddable":true,"href":"https:\/\/www.europesays.com\/es\/wp-json\/wp\/v2\/comments?post=252312"}],"version-history":[{"count":0,"href":"https:\/\/www.europesays.com\/es\/wp-json\/wp\/v2\/posts\/252312\/revisions"}],"wp:featuredmedia":[{"embeddable":true,"href":"https:\/\/www.europesays.com\/es\/wp-json\/wp\/v2\/media\/252313"}],"wp:attachment":[{"href":"https:\/\/www.europesays.com\/es\/wp-json\/wp\/v2\/media?parent=252312"}],"wp:term":[{"taxonomy":"category","embeddable":true,"href":"https:\/\/www.europesays.com\/es\/wp-json\/wp\/v2\/categories?post=252312"},{"taxonomy":"post_tag","embeddable":true,"href":"https:\/\/www.europesays.com\/es\/wp-json\/wp\/v2\/tags?post=252312"}],"curies":[{"name":"wp","href":"https:\/\/api.w.org\/{rel}","templated":true}]}}