{"id":252314,"date":"2025-11-24T01:02:20","date_gmt":"2025-11-24T01:02:20","guid":{"rendered":"https:\/\/www.europesays.com\/es\/252314\/"},"modified":"2025-11-24T01:02:20","modified_gmt":"2025-11-24T01:02:20","slug":"el-microprocesador-que-adelanto-al-intel-4004-no-estaba-en-un-ordenador-sino-un-lugar-secreto-un-f-14","status":"publish","type":"post","link":"https:\/\/www.europesays.com\/es\/252314\/","title":{"rendered":"El microprocesador que adelant\u00f3 al Intel 4004 no estaba en un ordenador, sino un lugar secreto: un F-14"},"content":{"rendered":"<p>Estamos acostumbrados a pensar que la historia de los microprocesadores empieza con el <a class=\"text-outboundlink\" href=\"https:\/\/www.xataka.com\/componentes\/intel-4004-cuarenta-anos-para-la-historia\" data-vars-post-title=\"Intel 4004, cuarenta a\u00f1os para la historia\" data-vars-post-url=\"https:\/\/www.xataka.com\/componentes\/intel-4004-cuarenta-anos-para-la-historia\" rel=\"nofollow noopener\" target=\"_blank\">Intel 4004<\/a>. Incluso quienes no son expertos lo tienen asociado como el primer gran chip que inaugur\u00f3 la era de la computaci\u00f3n personal. Pero esa no es la \u00fanica historia posible. Hubo otro dise\u00f1o, menos conocido y fuera de los circuitos comerciales, que empez\u00f3 a funcionar antes de que el 4004 llegara al mercado. <strong>No apareci\u00f3 en un ordenador ni en una calculadora<\/strong>, sino en un <a rel=\"noopener, noreferrer nofollow\" href=\"https:\/\/www.history.navy.mil\/content\/history\/museums\/nnam\/explore\/collections\/aircraft\/f\/f-14a-tomcat.html\" target=\"_blank\">F-14 Tomcat<\/a>, y durante casi treinta a\u00f1os fue invisible para el p\u00fablico.<\/p>\n<p>Lo que aquel avi\u00f3n llevaba en su interior era un procesador dise\u00f1ado para hacer algo que ning\u00fan chip comercial hac\u00eda entonces: calcular autom\u00e1ticamente velocidad, altitud o posici\u00f3n de las alas mientras el piloto maniobraba. Ese sistema, conocido como MP944, estaba en servicio desde 1970, cuando el 4004 a\u00fan no se hab\u00eda presentado. Su contexto era completamente distinto al de Intel, porque no estaba pensado para el mercado ni para ser licenciado, sino para cumplir un requisito del programa militar marcado por las tensiones de la Guerra Fr\u00eda.<\/p>\n<p><strong>Un microprocesador secreto en las entra\u00f1as de un F-14<\/strong><\/p>\n<p>La novedad no era solo que hiciera c\u00e1lculos, sino que lo hiciera de forma autom\u00e1tica y digital, algo poco habitual en sistemas embarcados de finales de los sesenta. <strong>El MP944 procesaba lecturas de sensores<\/strong>, aplicaba ecuaciones aerodin\u00e1micas y entregaba datos que influ\u00edan en el comportamiento del avi\u00f3n, reduciendo la carga de trabajo del piloto. No era un asistente pasivo, sino un m\u00f3dulo capaz de interpretar esas lecturas y proporcionar resultados con la velocidad suficiente como para integrarse en el control de vuelo real. Por eso se consider\u00f3 una tecnolog\u00eda adelantada a su tiempo.<\/p>\n<p><a rel=\"noopener, noreferrer nofollow\" href=\"https:\/\/firstmicroprocessor.com\/wp-content\/uploads\/2020\/02\/ap1-26-97.pdf\" target=\"_blank\">Los documentos desclasificados<\/a> en los noventa muestran que el MP944 combinaba tecnolog\u00eda MOS avanzada con una arquitectura paralela de 20 bits capaz de ejecutar c\u00e1lculos en pipeline, algo poco habitual para su \u00e9poca. Su frecuencia era de 375 kHz y pod\u00eda procesar operaciones matem\u00e1ticas espec\u00edficas con suficiente eficiencia como para integrarse en sistemas de vuelo reales. Seg\u00fan las cifras recogidas en el trabajo de Holt y en el repaso posterior de Tom\u2019s Hardware, ese rendimiento situaba al MP944 claramente por delante del 4004 en n\u00famero de instrucciones ejecutadas, aunque nunca se plante\u00f3 como un chip comercial de prop\u00f3sito general. Eran dos enfoques distintos: uno para un avi\u00f3n militar, el otro para un dispositivo comercial.<\/p>\n<p>                   <img class=\"centro_sinmarco\" height=\"1500\" width=\"2100\" loading=\"lazy\" decoding=\"async\"  fetchpriority=\"high\"  src=\"https:\/\/www.europesays.com\/es\/wp-content\/uploads\/2025\/11\/1763946137_291_450_1000.jpeg\" alt=\"F 141\"\/><\/p>\n<p>Cuando el trabajo de Holt sali\u00f3 a la luz d\u00e9cadas despu\u00e9s, <a rel=\"noopener, noreferrer nofollow\" href=\"https:\/\/www.wsj.com\/articles\/SB906432600598124000\" target=\"_blank\">\u00e9l defendi\u00f3 que el MP944 deb\u00eda considerarse el primer microprocesador<\/a>, aunque no estuviera en un \u00fanico chip ni se hubiera comercializado. Los ingenieros de Intel, como Ted Hoff y Federico Faggin, discreparon y argumentaron que <strong>el 4004 fue el primero<\/strong> en integrar todas las funciones esenciales de una CPU en una sola pieza de silicio y con un uso generalista. Russell Fish, exingeniero de Motorola, revis\u00f3 la documentaci\u00f3n del MP944 y lo calific\u00f3 como microprocesador avanzado para su \u00e9poca, mientras Richard Belgard lo ve\u00eda como un sistema demasiado espec\u00edfico, pensado solo para mantener un avi\u00f3n en vuelo.<\/p>\n<p>                   <img class=\"centro_sinmarco\" height=\"1500\" width=\"2100\" loading=\"lazy\" decoding=\"async\"  fetchpriority=\"high\"  src=\"https:\/\/www.europesays.com\/es\/wp-content\/uploads\/2025\/11\/1763946138_990_450_1000.jpeg\" alt=\"F 14 2\"\/><\/p>\n<p>Holt sostuvo que la raz\u00f3n por la que nadie conoci\u00f3 el MP944 durante a\u00f1os fue que su trabajo hab\u00eda estado clasificado y sujeto a restricciones militares. Afirm\u00f3 que pas\u00f3 d\u00e9cadas solicitando la liberaci\u00f3n de los documentos y que solo pudo hacerlo cuando, en 1997, consigui\u00f3 el apoyo de la congresista Zoe Lofgren para que el Navy autorizara su publicaci\u00f3n. Con la documentaci\u00f3n ya disponible, la Marina matiz\u00f3 esa versi\u00f3n y sostuvo que el trabajo de Holt en realidad no hab\u00eda estado clasificado, sino que lo que faltaba era la autorizaci\u00f3n de la empresa para liberar los registros. Desde Garrett AiResearch admitieron que ya no ten\u00edan claro qu\u00e9 hab\u00eda ocurrido, porque las personas que gestionaron el caso hab\u00edan dejado la compa\u00f1\u00eda.<\/p>\n<p>                   <img class=\"centro_sinmarco\" height=\"1707\" width=\"2560\" loading=\"lazy\" decoding=\"async\"  fetchpriority=\"high\"  src=\"https:\/\/www.europesays.com\/es\/wp-content\/uploads\/2025\/11\/1763946139_932_450_1000.jpeg\" alt=\"Intel C4004\"\/><\/p>\n<p>Cuando la informaci\u00f3n pas\u00f3 a estar disponible, Russell Fish afirm\u00f3 que el MP944 era tan avanzado para su tiempo que, de haberse conocido, <a rel=\"noopener, noreferrer nofollow\" href=\"https:\/\/www.wired.com\/story\/secret-history-of-the-first-microprocessor-f-14\" target=\"_blank\">podr\u00eda haber acelerado el desarrollo del sector hasta cinco a\u00f1os<\/a>. Los creadores del 4004, como Federico Faggin y Stan Mazor, discrepaban abiertamente y se\u00f1alaban que el m\u00e9rito del microprocesador comercial fue integrar todos los elementos esenciales en un solo chip y<strong> hacerlo viable para m\u00faltiples aplicaciones<\/strong>. Richard Belgard matizaba esa posici\u00f3n: reconoc\u00eda el valor t\u00e9cnico del MP944, pero lo ve\u00eda como un sistema dise\u00f1ado para un \u00fanico prop\u00f3sito, sin capacidad para abrir un mercado propio.<\/p>\n<p>    <a href=\"https:\/\/www.xataka.com\/historia-tecnologica\/stephen-hawking-dejo-tesoro-oculto-que-acaba-ser-descubierto-problema-que-esta-forma-disquetes\" class=\"pivot-outboundlink\" data-vars-post-title=\"Stephen Hawking dej\u00f3 un tesoro oculto que acaba de ser descubierto. El problema es que est\u00e1 en forma de disquetes \" rel=\"nofollow noopener\" target=\"_blank\"><br \/>\n     <img loading=\"lazy\" decoding=\"async\" alt=\"Stephen Hawking dej\u00f3 un tesoro oculto que acaba de ser descubierto. El problema es que est\u00e1 en forma de disquetes \" width=\"375\" height=\"142\" src=\"https:\/\/www.europesays.com\/es\/wp-content\/uploads\/2025\/11\/1763946140_885_375_142.jpeg\"\/><br \/>\n    <\/a><\/p>\n<p>El debate sobre cu\u00e1l fue el primer microprocesador no se resuelve con una fecha, sino con una definici\u00f3n. El 4004 fue el primero en llegar al mercado como chip comercial, integrado y programable, y ese m\u00e9rito explica su lugar en los manuales. El MP944, en cambio, demostr\u00f3 antes que era posible procesar datos digitalmente y alimentar sistemas de control en tiempo real, aunque lo hiciera encerrado en un avi\u00f3n y fuera del espacio p\u00fablico. Uno abri\u00f3 una industria; el otro anticip\u00f3 capacidades. Ambos representaron formas distintas de entender lo que pod\u00eda ser un microprocesador.<\/p>\n<p>Im\u00e1genes | DVIDS (<a rel=\"noopener, noreferrer nofollow\" href=\"https:\/\/www.dvidshub.net\/image\/9213038\/f-14b-tomcat-catapulted-flight-deck-aircraft-carrier-uss-harry-s-truman-cvn-75\" target=\"_blank\">1<\/a>, <a rel=\"noopener, noreferrer nofollow\" href=\"https:\/\/www.dvidshub.net\/image\/9215509\/f-14d-tomcat-pulls-up-after-performing-fly\" target=\"_blank\">2<\/a>, <a rel=\"noopener, noreferrer nofollow\" href=\"https:\/\/www.dvidshub.net\/image\/9213608\/clouds-water-vapor-rush-over-swept-wings-navy-f-14b-tomcat-performs-high\" target=\"_blank\">3<\/a>) | <a rel=\"noopener, noreferrer nofollow\" href=\"https:\/\/en.wikipedia.org\/wiki\/Intel_4004#\/media\/File:Intel_C4004.jpg\" target=\"_blank\">Thomas Nguyen<\/a><\/p>\n<p>En Xataka | <a class=\"text-outboundlink\" href=\"https:\/\/www.xataka.com\/ordenadores\/eeuu-busca-mantener-su-ventaja-estrategica-supercomputacion-amd-sera-quien-refuerce-dos-nuevas-maquinas\" data-vars-post-title=\"Estados Unidos quiere ser soberana en IA. Los nuevos supercomputadores de AMD ser\u00e1n parte del plan\" data-vars-post-url=\"https:\/\/www.xataka.com\/ordenadores\/eeuu-busca-mantener-su-ventaja-estrategica-supercomputacion-amd-sera-quien-refuerce-dos-nuevas-maquinas\" rel=\"nofollow noopener\" target=\"_blank\">Estados Unidos quiere ser soberana en IA. Los nuevos supercomputadores de AMD ser\u00e1n parte del plan<\/a><\/p>\n","protected":false},"excerpt":{"rendered":"Estamos acostumbrados a pensar que la historia de los microprocesadores empieza con el Intel 4004. Incluso quienes no&hellip;\n","protected":false},"author":2,"featured_media":252315,"comment_status":"","ping_status":"","sticky":false,"template":"","format":"standard","meta":{"footnotes":""},"categories":[81],"tags":[119,123,124,25,24,117,121,122,23,118,120],"class_list":{"0":"post-252314","1":"post","2":"type-post","3":"status-publish","4":"format-standard","5":"has-post-thumbnail","7":"category-ciencia-y-tecnologia","8":"tag-ciencia","9":"tag-ciencia-y-tecnologia","10":"tag-cienciaytecnologia","11":"tag-es","12":"tag-espana","13":"tag-science","14":"tag-science-and-technology","15":"tag-scienceandtechnology","16":"tag-spain","17":"tag-technology","18":"tag-tecnologia"},"share_on_mastodon":{"url":"https:\/\/pubeurope.com\/@es\/115601981427058709","error":""},"_links":{"self":[{"href":"https:\/\/www.europesays.com\/es\/wp-json\/wp\/v2\/posts\/252314","targetHints":{"allow":["GET"]}}],"collection":[{"href":"https:\/\/www.europesays.com\/es\/wp-json\/wp\/v2\/posts"}],"about":[{"href":"https:\/\/www.europesays.com\/es\/wp-json\/wp\/v2\/types\/post"}],"author":[{"embeddable":true,"href":"https:\/\/www.europesays.com\/es\/wp-json\/wp\/v2\/users\/2"}],"replies":[{"embeddable":true,"href":"https:\/\/www.europesays.com\/es\/wp-json\/wp\/v2\/comments?post=252314"}],"version-history":[{"count":0,"href":"https:\/\/www.europesays.com\/es\/wp-json\/wp\/v2\/posts\/252314\/revisions"}],"wp:featuredmedia":[{"embeddable":true,"href":"https:\/\/www.europesays.com\/es\/wp-json\/wp\/v2\/media\/252315"}],"wp:attachment":[{"href":"https:\/\/www.europesays.com\/es\/wp-json\/wp\/v2\/media?parent=252314"}],"wp:term":[{"taxonomy":"category","embeddable":true,"href":"https:\/\/www.europesays.com\/es\/wp-json\/wp\/v2\/categories?post=252314"},{"taxonomy":"post_tag","embeddable":true,"href":"https:\/\/www.europesays.com\/es\/wp-json\/wp\/v2\/tags?post=252314"}],"curies":[{"name":"wp","href":"https:\/\/api.w.org\/{rel}","templated":true}]}}