{"id":252316,"date":"2025-11-24T01:03:17","date_gmt":"2025-11-24T01:03:17","guid":{"rendered":"https:\/\/www.europesays.com\/es\/252316\/"},"modified":"2025-11-24T01:03:17","modified_gmt":"2025-11-24T01:03:17","slug":"si-solo-pudiera-hacer-una-comprar-este-black-friday-elegiria-estos-botines-skechers-con-pelo-perfectos-para-salir-a-caminar-en-invierno","status":"publish","type":"post","link":"https:\/\/www.europesays.com\/es\/252316\/","title":{"rendered":"Si solo pudiera hacer una comprar este Black Friday, elegir\u00eda estos botines Skechers con pelo perfectos para salir a caminar en invierno"},"content":{"rendered":"<p>El fr\u00edo se ha hecho de rogar, pero las temperaturas bajas ya han llegado a todo el pa\u00eds. Adem\u00e1s, esto coincide con una de las fechas m\u00e1s esperadas del a\u00f1o en cuanto a descuentos: <strong>el Black Friday<\/strong>.\u00a0<\/p>\n<p>Durante esta jornada, la gran mayor\u00eda de las marcas rebaja sus art\u00edculos y aunque esta tradici\u00f3n empez\u00f3 en Estados Unidos, actualmente se ha convertido en una costumbre en casi todas las partes del mundo. Esta temporada, <a href=\"https:\/\/www.clara.es\/moda\/cuando-celebra-black-friday-2025-zara-mango-o-lefties-tus-tiendas-preferidas_45047\" rel=\"nofollow noopener\" target=\"_blank\">el d\u00eda oficial es el 28 de noviembre<\/a> (siempre se celebra el \u00faltimo viernes del mes), pero <strong>muchas firmas como Skechers ya han empezado con sus ofertas<\/strong>.\u00a0<\/p>\n<p>Y echando un vistazo a su cat\u00e1logo, hemos visto los botines con pelo que todas necesitamos para <strong>sobrevivir al invierno calentitas y con estilo<\/strong>. Si quieres invertir en piezas de calidad este Black Friday, sigue leyendo.\u00a0<\/p>\n<p>Los botines con pelo de Skechers rebajados para invierno<\/p>\n<p>No s\u00e9 vosotras, pero aunque yo estaba esperando con ganas el fr\u00edo, reconozco que mi armario no estaba del todo preparado. Y es que, me he dado cuenta de que <strong>en mi zapatero falta ese calzado calentito y estiloso<\/strong> con el que poder superar el invierno.\u00a0<\/p>\n<p>&#13;<\/p>\n<p class=\"by\">RBA<\/p>\n<p>\u00bfQuieres saber cu\u00e1les van a ser las botas que van a marcar la temporada? \u00a1Haz clic en el v\u00eddeo!<\/p>\n<p>Tendencias de botas oton\u0303o\/invierno 2025-2026 segu\u0301n las pasarelas<\/p>\n<p>Por eso, el Black Friday est\u00e1 marcado en rojo en mi calendario. Quedan algunos d\u00edas para que los descuentos lleguen de forma oficial, pero yo ya he fichado <strong>los botines con pelo <\/strong>perfectos para las bajas temperaturas.\u00a0<\/p>\n<p>Est\u00e1n firmados por Skechers y ha sido amor a primera vista. En color marr\u00f3n, se trata del modelo\u00a0Skechers Hands Free Slip-ins\u00ae: GO WALK\u00ae Arch Fit\u00ae 2.0 &#8211; Cozy Stride, que promete confort absoluto y por supuesto, estilazo.<\/p>\n<p><img loading=\"lazy\" decoding=\"async\" src=\"https:\/\/www.europesays.com\/es\/wp-content\/uploads\/2025\/11\/botines-pelo-skechers_853173eb_251123121413_800x708.webp.webp\" alt=\"botines pelo skechers\" class=\"lazyload\" width=\"800\" height=\"708\" data-aspectratio=\"800\/708\"\/>&#13;Skechers<\/p>\n<p>Cuentan con una parte superior de ante <strong>con forro y ribete de piel <\/strong>sint\u00e9tica, adem\u00e1s de una plantilla extra\u00edble y media suela con amortiguaci\u00f3n, retorno de energ\u00eda y tecnolog\u00eda para un mejor apoyo.\u00a0<\/p>\n<p>&#13;<img decoding=\"async\" src=\"https:\/\/www.europesays.com\/es\/wp-content\/uploads\/2025\/11\/skechers-slip-ins-go-walk-arch-fit-20-cozy-stride_00000000_251123111531_600x531.webp.webp\" alt=\"Skechers Slip-ins: GO WALK Arch Fit 2.0 - Cozy Stride\" class=\"lazyload\"\/>&#13;<br \/>\nSkechers Slip-ins: GO WALK Arch Fit 2.0 &#8211; Cozy Stride<\/p>\n<p class=\"product-note\">* Alg\u00fan precio puede haber cambiado desde la \u00faltima revisi\u00f3n<\/p>\n<p>Con todas estas caracter\u00edsticas, estamos ante los zapatos perfectos para ir abrigadas y elegantes y <strong>caminar durante horas sin problema<\/strong>. Asimismo, aunque yo voy a optar por el dise\u00f1o en esta tonalidad, tambi\u00e9n se pueden comprar en negro, un &#8216;must have&#8217; que todas deber\u00edamos tener.\u00a0<\/p>\n<p>&#13;<img loading=\"lazy\" decoding=\"async\"   src=\"https:\/\/www.europesays.com\/es\/wp-content\/uploads\/2025\/11\/amazon-baja-a-precios-de-black-friday-las-botas-y-botines-de-skechers-cuadrada_8a9ac9f1_251105131256.webp\" alt=\"Amazon baja a precios de Black Friday las botas y botines de Skechers (Cuadrada)\" class=\"image lazyload\" width=\"900\" height=\"900\" data-aspectratio=\"900\/900\"\/><\/p>\n<p>Su precio es de 115\u20ac, pero Skechers nos ofrece la posibilidad de comprarlo con un <strong>descuento del 30% <\/strong>en su &#8216;early Black Friday&#8217; con tan solo inicar sesi\u00f3n en su web. Yo ya los he a\u00f1adido a mi cesta y mi recomendaci\u00f3n es que si te han gustado tanto como a m\u00ed, t\u00fa tambi\u00e9n lo hagas.\u00a0<\/p>\n<p>Otros botines que podemos comprar en el &#8216;Early Black Friday&#8217; de Skechers<img loading=\"lazy\" decoding=\"async\" src=\"https:\/\/www.europesays.com\/es\/wp-content\/uploads\/2025\/11\/skechers-negros_bbb1b5c0_251123122242_800x708.webp.webp\" alt=\"skechers negros\" class=\"lazyload\" width=\"800\" height=\"708\" data-aspectratio=\"800\/708\"\/>&#13;Skechers<\/p>\n<p>De estilo casual, pero elegante, este otro modelo de Skechers tambi\u00e9n est\u00e1 disponible en color marr\u00f3n y en color negro, aptos para todos los gustos. Se trata del dise\u00f1o GO WALK Glide-Step 2.0 Boot &#8211; Riley, confeccionado en ante con una suela antideslizante, cordones el\u00e1sticos fijos en la parte delantera, ribete de cuello de piel sint\u00e9tica, forro de chenilla y una media suela ligera combinada con amortiguaci\u00f3n.\u00a0<\/p>\n<p>&#13;<img decoding=\"async\" src=\"https:\/\/content-aff.rba.es\/medio\/2025\/11\/23\/go-walk-glide-step-20-boot-riley_00000000_251123112109_600x531.webp\" alt=\"GO WALK Glide-Step 2.0 Boot - Riley\" class=\"lazyload\"\/>&#13;<br \/>\nGO WALK Glide-Step 2.0 Boot &#8211; Riley<\/p>\n<p class=\"product-note\">* Alg\u00fan precio puede haber cambiado desde la \u00faltima revisi\u00f3n<\/p>\n<p><img loading=\"lazy\" decoding=\"async\" src=\"https:\/\/www.europesays.com\/es\/wp-content\/uploads\/2025\/11\/botin-pelo_9c9cf96d_251123122608_800x708.webp.webp\" alt=\"botin pelo\" class=\"lazyload\" width=\"800\" height=\"708\" data-aspectratio=\"800\/708\"\/>&#13;Skechers<\/p>\n<p>Las Skechers Slip-ins Waterproof: Graceful &#8211;\u00a0Misty Strolls son otro acierto asegurado.\u00a0Estas botas impermeables sin cordones presentan una parte superior sint\u00e9tica con cuello de piel sint\u00e9tica, cordones el\u00e1sticos sin nudos, un suave forro de chenilla para mayor calidez y una plantilla acolchada. Ideales, por tanto, para cuando las condiciones meteorol\u00f3gicas vegan con lluvia e incluso nieve. Este modelo se sale un poco de lo tradicional y se puede comprar en blanco crudo, verde militar y azul marino.\u00a0<\/p>\n<p>&#13;<img decoding=\"async\" src=\"https:\/\/content-aff.rba.es\/medio\/2025\/11\/23\/skechers-slip-ins-waterproof-graceful-misty-strolls_00000000_251123112533_600x531.webp\" alt=\"Skechers Slip-ins Waterproof: Graceful -\u00a0Misty Strolls\" class=\"lazyload\"\/>&#13;<br \/>\nSkechers Slip-ins Waterproof: Graceful &#8211;\u00a0Misty Strolls<\/p>\n<p class=\"product-note\">* Alg\u00fan precio puede haber cambiado desde la \u00faltima revisi\u00f3n<\/p>\n<p>Si no quieres quedarte sin ellas, a\u00f1\u00e1delas a la cesta y dale al bot\u00f3n de comprar. Estamos seguras de que no te arrepentir\u00e1s.\u00a0<\/p>\n<p>Cuando compras a trav\u00e9s de nuestros enlaces podemos ganar una comisi\u00f3n. <a href=\"https:\/\/www.clara.es\/pagina\/politica-comercial-clara.html\" rel=\"nofollow noopener\" target=\"_blank\">M\u00e1s informaci\u00f3n<\/a>.<\/p>\n","protected":false},"excerpt":{"rendered":"El fr\u00edo se ha hecho de rogar, pero las temperaturas bajas ya han llegado a todo el pa\u00eds.&hellip;\n","protected":false},"author":2,"featured_media":252317,"comment_status":"","ping_status":"","sticky":false,"template":"","format":"standard","meta":{"footnotes":""},"categories":[80],"tags":[82,95,94,25,24,23],"class_list":{"0":"post-252316","1":"post","2":"type-post","3":"status-publish","4":"format-standard","5":"has-post-thumbnail","7":"category-economia","8":"tag-business","9":"tag-economia","10":"tag-economy","11":"tag-es","12":"tag-espana","13":"tag-spain"},"share_on_mastodon":{"url":"https:\/\/pubeurope.com\/@es\/115601985731617039","error":""},"_links":{"self":[{"href":"https:\/\/www.europesays.com\/es\/wp-json\/wp\/v2\/posts\/252316","targetHints":{"allow":["GET"]}}],"collection":[{"href":"https:\/\/www.europesays.com\/es\/wp-json\/wp\/v2\/posts"}],"about":[{"href":"https:\/\/www.europesays.com\/es\/wp-json\/wp\/v2\/types\/post"}],"author":[{"embeddable":true,"href":"https:\/\/www.europesays.com\/es\/wp-json\/wp\/v2\/users\/2"}],"replies":[{"embeddable":true,"href":"https:\/\/www.europesays.com\/es\/wp-json\/wp\/v2\/comments?post=252316"}],"version-history":[{"count":0,"href":"https:\/\/www.europesays.com\/es\/wp-json\/wp\/v2\/posts\/252316\/revisions"}],"wp:featuredmedia":[{"embeddable":true,"href":"https:\/\/www.europesays.com\/es\/wp-json\/wp\/v2\/media\/252317"}],"wp:attachment":[{"href":"https:\/\/www.europesays.com\/es\/wp-json\/wp\/v2\/media?parent=252316"}],"wp:term":[{"taxonomy":"category","embeddable":true,"href":"https:\/\/www.europesays.com\/es\/wp-json\/wp\/v2\/categories?post=252316"},{"taxonomy":"post_tag","embeddable":true,"href":"https:\/\/www.europesays.com\/es\/wp-json\/wp\/v2\/tags?post=252316"}],"curies":[{"name":"wp","href":"https:\/\/api.w.org\/{rel}","templated":true}]}}