{"id":252318,"date":"2025-11-24T01:04:15","date_gmt":"2025-11-24T01:04:15","guid":{"rendered":"https:\/\/www.europesays.com\/es\/252318\/"},"modified":"2025-11-24T01:04:15","modified_gmt":"2025-11-24T01:04:15","slug":"eeuu-se-abre-a-negociar-puntos-del-plan-de-paz-para-ucrania-en-una-contrarreloj-forzada-por-trump","status":"publish","type":"post","link":"https:\/\/www.europesays.com\/es\/252318\/","title":{"rendered":"EEUU se abre a negociar puntos del &#8216;plan de paz&#8217; para Ucrania en una contrarreloj forzada por Trump"},"content":{"rendered":"\n<p> El intenso trabajo diplom\u00e1tico de los aliados de Kiev este fin de semana ha dado contrarreloj un primer y peque\u00f1o resultado. El secretario de Estado de Estados Unidos, <strong>Marco Rubio,<\/strong> anunci\u00f3 la tarde del domingo que se ha hecho \u00abun gran progreso\u00bb en las conversaciones sobre el fin de la guerra en Ucrania y que \u00ab[hoy] estamos mucho m\u00e1s adelantados que hace una semana\u00bb. Sin embargo, tambi\u00e9n a\u00f1adi\u00f3 que<strong> \u00abqueda mucho por hacer\u00bb<\/strong>, un comentario que da un poco de aire a la postura de Ucrania y los pa\u00edses europeos, que han reaccionado con sorpresa may\u00fascula y algo de enfado a la publicaci\u00f3n \u2014y acto seguido, casi imposici\u00f3n\u2014 del \u00abPlan de Paz de 28 puntos\u00bb de EEUU-Rusia, que calcaba mucha de las pretensiones de Mosc\u00fa.  <\/p>\n<p> En el fin de semana en el que se celebran las negociaciones de paz para el conflicto Rusia-Ucrania, Rubio asegur\u00f3 haber hablado con el <strong>presidente Trump, <\/strong>y que este se encontraba \u00abbastante satisfecho\u00bb frente a un acuerdo que todav\u00eda est\u00e1 \u00abvivo y <strong>cambiante<\/strong>\u00bb a medida que las partes interesadas aportan m\u00e1s modificaciones. Para terminar, el secretario de Estado confirm\u00f3 que las conversaciones seguir\u00e1n este lunes en Ginebra. La reuni\u00f3n entre Estados Unidos y Ucrania se celebra en la Misi\u00f3n Diplom\u00e1tica estadounidense ante la ONU en Ginebra, pero sin la participaci\u00f3n de Rusia, que ha se\u00f1alado que todav\u00eda debe \u00abdiscutir con Washington\u00bb los detalles de su propuesta. <\/p>\n<p> Pero lo cierto es que la posici\u00f3n de Marco Rubio es mucho m\u00e1s conciliadora de lo que luego abandera el propio Trump. A \u00faltima hora del domingo, el presidente <strong>volvi\u00f3 a arremeter contra Ucrania,<\/strong> asegurando que los l\u00edderes en Kiev han mostrado \u00abcero gratitud\u00bb por el apoyo estadunidense, ampliando la presi\u00f3n para que acepten el Plan de 28 puntos en los pr\u00f3ximos d\u00edas. <\/p>\n<p> Desde la parte ucraniana se ha tomado la estrategia p\u00fablica de <strong>no rechazar el acuerdo de plano<\/strong>, por miedo a recibir un trato desde la Administraci\u00f3n Trump como el de principios de a\u00f1o, cuando la Casa Blanca culp\u00f3 a Kiev de la falta de avances. En su lugar, el funcionario ucraniano encargado de las conversaciones, <strong>Andriy Yermak<\/strong>, celebr\u00f3 el domingo que las \u00faltimas reuniones hayan sido \u00abproductivas\u00bb y a\u00f1adi\u00f3 que las negociaciones est\u00e1n avanzando hacia una \u00abpaz justa y duradera\u00bb. Adem\u00e1s, ha agradecido el trabajo de Estados Unidos, y de manera personal, el del presidente Donald Trump. <\/p>\n<p> Una l\u00ednea de estrategia que busca no antagonizar radicalmente a Trump, pero tratando de ignorar los <a href=\"https:\/\/www.elconfidencial.com\/mundo\/2025-11-21\/se-filtra-el-plan-de-paz-trazado-por-eeuu-y-rusia-para-ucrania-estos-son-los-28-puntos_4251716\/\" target=\"_self\" rel=\"nofollow noopener\">puntos m\u00e1s pro-rusos del acuerdo filtrado hasta el momento. <\/a> <\/p>\n<p>              <img decoding=\"async\" class=\"inTextNews__img\" alt=\"Foto: plan-paz-ucrania-europa-rusia-1hms\" src=\"https:\/\/www.europesays.com\/es\/wp-content\/uploads\/2025\/11\/f.elconfidencial.com\/original\/af4\/0bc\/96d\/af40bc96de7a63b5d0b0a9b0070a8cd1.jpg\"  \/>     <\/p>\n<p>TE PUEDE INTERESAR<\/p>\n<p>      <a class=\"inTextNews__title\" href=\"https:\/\/www.elconfidencial.com\/mundo\/2025-11-22\/plan-paz-ucrania-europa-rusia-1hms_4252280\/\" onclick=\"window.ECCO.emit(&#039;amplitude&#039;, { dataEventName: &#039;click_related_article_module&#039;, data: { related_article_url: &#039;https:\/\/www.elconfidencial.com\/mundo\/2025-11-22\/plan-paz-ucrania-europa-rusia-1hms_4252280\/&#039;, related_article_author: &#039;Nacho Alarc\u00f3n,Celia Maza&#039;, related_article_section: &#039;mundo&#039; } })\" rel=\"nofollow noopener\" target=\"_blank\"> Europa, arrollada por el &#8216;blitz&#8217; del plan EEUU-Rusia para Ucrania: evitan rechazarlo, pero hay elementos \u00abinaceptables\u00bb <\/a>   <\/p>\n<p>    Nacho Alarc\u00f3n. Bruselas     Celia Maza. Londres   <\/p>\n<p> Este fin de semana, los europeos presentaron una versi\u00f3n modificada del plan de paz en el que rechazan los l\u00edmites propuestos a las<a href=\"https:\/\/www.elconfidencial.com\/mundo\/2025-11-21\/se-filtra-el-plan-de-paz-trazado-por-eeuu-y-rusia-para-ucrania-estos-son-los-28-puntos_4251716\/\" target=\"_self\" rel=\"nofollow noopener\"> fuerzas armadas de Kiev <\/a>y las concesiones territoriales [que incluir\u00edan parte del Donb\u00e1s todav\u00eda no conquistado por Rusia], seg\u00fan un documento visto por Reuters el domingo. El documento, preparado para las negociaciones del plan en Ginebra, propone que el n\u00famero de<strong> efectivos militares de Ucrania se limite a 800.000<\/strong> \u00aben tiempos de paz\u00bb, en lugar del l\u00edmite general de 600.000 propuesto por el plan estadounidense. <\/p>\n<p> Sobre la reducci\u00f3n de Ucrania de sus fuerzas armadas, la presidenta de la Comisi\u00f3n Europea ha insistido en que \u00abcomo naci\u00f3n soberana, no puede haber limitaciones porque dejar\u00edan al pa\u00eds vulnerable a futuros ataques y, por lo tanto, tambi\u00e9n socavar\u00edan la seguridad europea\u00bb. <\/p>\n<p> Asimismo, indica que \u00ablas tratativas sobre intercambios de zonas comenzar\u00e1n a partir de la<strong> L\u00ednea de Contacto<\/strong>\u00ab, en vez de definir previamente que ciertas regiones deber\u00edan ser aceptadas como \u00abrusas de hecho\u00bb, tal como plantea el <a href=\"https:\/\/www.elconfidencial.com\/mundo\/2022-10-01\/putin-kiev-zelenski-rusia-ucrania-anexion_3499679\/\" target=\"_self\" rel=\"nofollow noopener\">plan estadounidense.<\/a> Ese detalle del plan EEUU-Rusia, en el que diferencia zonas controladas \u00abde hecho\u00bb por Rusia, no as\u00ed \u00abde iure\u00bb (reconocidas legalmente) ha sido especialmente confusa para los analistas, dudosos de c\u00f3mo podr\u00eda aplicarse en la realidad, incluso pasando por alto la negativa total de Kiev a ceder territorio todav\u00eda no conquistado por Rusia. <\/p>\n<p>              <img decoding=\"async\" class=\"inTextNews__img\" alt=\"Foto: trump-plan-paz-ucrania-1tps\" src=\"https:\/\/www.europesays.com\/es\/wp-content\/uploads\/2025\/11\/f.elconfidencial.com\/original\/dd5\/956\/094\/dd5956094225882b40dccec0bc0e1b9d.jpg\"  \/>     <\/p>\n<p>TE PUEDE INTERESAR<\/p>\n<p>      <a class=\"inTextNews__title\" href=\"https:\/\/www.elconfidencial.com\/mundo\/2025-11-22\/trump-plan-paz-ucrania-1tps_4252812\/\" onclick=\"window.ECCO.emit(&#039;amplitude&#039;, { dataEventName: &#039;click_related_article_module&#039;, data: { related_article_url: &#039;https:\/\/www.elconfidencial.com\/mundo\/2025-11-22\/trump-plan-paz-ucrania-1tps_4252812\/&#039;, related_article_author: &#039;Pablo Montalvo&#039;, related_article_section: &#039;mundo&#039; } })\" rel=\"nofollow noopener\" target=\"_blank\"> Trump matiza que su plan de paz para Ucrania no es una propuesta definitiva <\/a>   <\/p>\n<p>    Europa Press   <\/p>\n<p> Los pa\u00edses europeos han manifestado u malestar por haber sido marginados en estas conversaciones y en momentos en que se teme que Estados Unidos refuerce su presi\u00f3n para que el Gobierno ucraniano acepte el plan, que se inclina claramente a favor de los intereses de Rusia. Sin embargo, hay diferencias en el enfoque que tomar ahora en las negociaciones con EEUU. La m\u00e1s clara ha sido la italiana Giorgia Meloni, afirm\u00f3 este domingo que el plan de paz de Trump es una \u00abbase de discusi\u00f3n\u00bb para lograr una paz \u00abjusta y duradera\u00bb en Ucrania, y defendi\u00f3 no elaborar una \u00ab<strong>contrapropuesta<\/strong>\u00bb europea, sino centrarse en los \u00abpuntos decisivos\u00bb del plan estadounidense. <\/p>\n<p> Con un tono pesimista, el canciller alem\u00e1n, <strong>Friedrich Merz, <\/strong>se mostr\u00f3 esc\u00e9ptico acerca de la posibilidad de alcanzar un plan de paz aceptable para Ucrania y Europa en los pr\u00f3ximos d\u00edas, por lo que ha propuesto intentar llegar a un acuerdo sobre un <strong>n\u00famero inferior a los 28 puntos presentados<\/strong> por EEUU en un borrador en el que los pa\u00edses europeos han marcado en rojo<strong> varios cambios que consideran necesarios. <\/strong>Especialmente cuando, ha dejado caer, \u00abno sabemos qui\u00e9n lo escribi\u00f3 [el plan] exactamente\u00bb. La poco velada referencia a que habr\u00eda sido Rusia quien ha pr\u00e1cticamente dictado el plan al negociador estadounidense fue recogida tambi\u00e9n por el polaco Donald Tusk quien ha planteado que antes de comenzar a trabajar en el plan ser\u00eda bueno<strong> \u00absaber con certeza qui\u00e9n es el autor del plan y d\u00f3nde fue elaborado\u00bb.<\/strong> <\/p>\n<p>                Los puntos clave de las negociaciones           <\/p>\n<p> Los puntos del plan de paz de Trump que suscitan mayores desacuerdos son los relativos a la entrega de la regi\u00f3n oriental del Donb\u00e1s a Rusia, el reconocimiento de la pen\u00ednsula de Crimea como parte de su territorio, la reducci\u00f3n del n\u00famero de soldados ucranianos de los 900.000 actuales a 600.000 o <a href=\"https:\/\/www.elconfidencial.com\/mundo\/2025-11-21\/trump-ucrania-plan-paz-aceptar-jueves_4252247\/\" target=\"_self\" rel=\"nofollow noopener\">el compromiso de Kiev <\/a>de no entrar jam\u00e1s en la OTAN. <\/p>\n<p> Adem\u00e1s, Ucrania considera ambiguas las garant\u00edas de seguridad planteadas por la administraci\u00f3n estadounidense, que no convencen tampoco a los socios comunitarios, que recuerdan que, en el pasado,<strong> la renuncia por parte de Kiev al arsenal nuclear <\/strong>ucraniano a cambio de promesas rusas de que respetar\u00e1 plenamente su integridad territorial <strong>no han impedido una nueva invasi\u00f3n.<\/strong> <\/p>\n<p>              <img decoding=\"async\" class=\"inTextNews__img\" alt=\"Foto: ucrania-guerra-apoyo-espana-1tps\" src=\"https:\/\/www.europesays.com\/es\/wp-content\/uploads\/2025\/11\/f.elconfidencial.com\/original\/29f\/bfc\/6aa\/29fbfc6aa173eb076914ae272b797173.jpg\"  \/>     <\/p>\n<p>TE PUEDE INTERESAR<\/p>\n<p>      <a class=\"inTextNews__title\" href=\"https:\/\/www.elconfidencial.com\/mundo\/2025-11-18\/ucrania-guerra-apoyo-espana-1tps_4249465\/\" onclick=\"window.ECCO.emit(&#039;amplitude&#039;, { dataEventName: &#039;click_related_article_module&#039;, data: { related_article_url: &#039;https:\/\/www.elconfidencial.com\/mundo\/2025-11-18\/ucrania-guerra-apoyo-espana-1tps_4249465\/&#039;, related_article_author: &#039;Arantxa Palacios&#039;, related_article_section: &#039;mundo&#039; } })\" rel=\"nofollow noopener\" target=\"_blank\"> Zelenski expresa su deseo de que Espa\u00f1a \u00abincremente su apoyo\u00bb a Ucrania durante su visita  <\/a>   <\/p>\n<p>    Europa Press   <\/p>\n<p> No obstante, a pesar de los desacuerdos, el presidente ucraniano<strong> ha reconocido tener esperanza en alcanzar un acuerdo<\/strong> porque considera que es necesario \u00abdetener el derramamiento de sangre\u00bb, aunque matiza:<strong> \u00abCon garant\u00edas\u00bb. <\/strong>\u00abLos equipos ucraniano y estadounidense, as\u00ed como los equipos de nuestros socios europeos, est\u00e1n en estrecho contacto, y espero sinceramente que haya un resultado\u00bb, <a href=\"https:\/\/x.com\/ZelenskyyUa\/status\/1992592941840277871\" target=\"_blank\" rel=\"nofollow\">ha escrito en X<\/a>. <\/p>\n<p> El intenso trabajo diplom\u00e1tico de los aliados de Kiev este fin de semana ha dado contrarreloj un primer y peque\u00f1o resultado. El secretario de Estado de Estados Unidos, <strong>Marco Rubio,<\/strong> anunci\u00f3 la tarde del domingo que se ha hecho \u00abun gran progreso\u00bb en las conversaciones sobre el fin de la guerra en Ucrania y que \u00ab[hoy] estamos mucho m\u00e1s adelantados que hace una semana\u00bb. Sin embargo, tambi\u00e9n a\u00f1adi\u00f3 que<strong> \u00abqueda mucho por hacer\u00bb<\/strong>, un comentario que da un poco de aire a la postura de Ucrania y los pa\u00edses europeos, que han reaccionado con sorpresa may\u00fascula y algo de enfado a la publicaci\u00f3n \u2014y acto seguido, casi imposici\u00f3n\u2014 del \u00abPlan de Paz de 28 puntos\u00bb de EEUU-Rusia, que calcaba mucha de las pretensiones de Mosc\u00fa.  <\/p>\n","protected":false},"excerpt":{"rendered":"El intenso trabajo diplom\u00e1tico de los aliados de Kiev este fin de semana ha dado contrarreloj un primer&hellip;\n","protected":false},"author":2,"featured_media":252319,"comment_status":"","ping_status":"","sticky":false,"template":"","format":"standard","meta":{"footnotes":""},"categories":[42],"tags":[17,18,13,14,11,61,62,63,64,19,20,9,10,15,16,12,21,22,65,66,67],"class_list":{"0":"post-252318","1":"post","2":"type-post","3":"status-publish","4":"format-standard","5":"has-post-thumbnail","7":"category-internacional","8":"tag-breaking-news","9":"tag-breakingnews","10":"tag-featured-news","11":"tag-featurednews","12":"tag-headlines","13":"tag-internacional","14":"tag-international","15":"tag-international-news","16":"tag-internationalnews","17":"tag-latest-news","18":"tag-latestnews","19":"tag-news","20":"tag-noticias","21":"tag-noticias-destacadas","22":"tag-noticiasdestacadas","23":"tag-titulares","24":"tag-ultimas-noticias","25":"tag-ultimasnoticias","26":"tag-world","27":"tag-world-news","28":"tag-worldnews"},"share_on_mastodon":{"url":"https:\/\/pubeurope.com\/@es\/115601989086151508","error":""},"_links":{"self":[{"href":"https:\/\/www.europesays.com\/es\/wp-json\/wp\/v2\/posts\/252318","targetHints":{"allow":["GET"]}}],"collection":[{"href":"https:\/\/www.europesays.com\/es\/wp-json\/wp\/v2\/posts"}],"about":[{"href":"https:\/\/www.europesays.com\/es\/wp-json\/wp\/v2\/types\/post"}],"author":[{"embeddable":true,"href":"https:\/\/www.europesays.com\/es\/wp-json\/wp\/v2\/users\/2"}],"replies":[{"embeddable":true,"href":"https:\/\/www.europesays.com\/es\/wp-json\/wp\/v2\/comments?post=252318"}],"version-history":[{"count":0,"href":"https:\/\/www.europesays.com\/es\/wp-json\/wp\/v2\/posts\/252318\/revisions"}],"wp:featuredmedia":[{"embeddable":true,"href":"https:\/\/www.europesays.com\/es\/wp-json\/wp\/v2\/media\/252319"}],"wp:attachment":[{"href":"https:\/\/www.europesays.com\/es\/wp-json\/wp\/v2\/media?parent=252318"}],"wp:term":[{"taxonomy":"category","embeddable":true,"href":"https:\/\/www.europesays.com\/es\/wp-json\/wp\/v2\/categories?post=252318"},{"taxonomy":"post_tag","embeddable":true,"href":"https:\/\/www.europesays.com\/es\/wp-json\/wp\/v2\/tags?post=252318"}],"curies":[{"name":"wp","href":"https:\/\/api.w.org\/{rel}","templated":true}]}}