{"id":252320,"date":"2025-11-24T01:05:24","date_gmt":"2025-11-24T01:05:24","guid":{"rendered":"https:\/\/www.europesays.com\/es\/252320\/"},"modified":"2025-11-24T01:05:24","modified_gmt":"2025-11-24T01:05:24","slug":"quien-es-la-mujer-de-cerdan-la-paqui-a-quien-conocen-todas-las-vendedoras-de-el-corte-ingles-el-economista","status":"publish","type":"post","link":"https:\/\/www.europesays.com\/es\/252320\/","title":{"rendered":"Qui\u00e9n es la mujer de Cerd\u00e1n, La Paqui, a quien conocen todas las vendedoras de El Corte Ingl\u00e9s &#8211; El Economista"},"content":{"rendered":"<ol>\n<li><a href=\"https:\/\/news.google.com\/rss\/articles\/CBMi_AFBVV95cUxOaFRpS3JLSUFsVlZZajRJWXZEWl9VSHdENnlaM202SWxPTi0zcDVJampyeG83c2w1NHN1aUpncjE2aU1pb2RjVE1LUEh2TGdPUXA3ODRVT1A3RmQ4czdmY0hLcjhqQ2ZKeFNERjJ2R3NjZjFUcnBXTDNlT0xuVEFsTjBIX2M1SlVCQWJZTWRzZmFQTEtxd3BtR1ZfcUJPdFdJYmZib1Y1c2pqbkpZc3VCakNPaWZyM2FzdmphZkoybm1Id1NqUGk1UWtDSUVHbWJJZkZsVE9WU0R5b2NJMVNfaFpMVmlHT0c1MUpmMGdPQ0lkSkRNMXNjSEN2YzfSAecBQVVfeXFMT0lsYlZmNjlHUll2WXltTmxNLTBJcXd2aW5jRHZmVlZteHJDLXhKb1J0T0dUS0ViT2dwTnduMWVZcDgycGp2NWQwQ1l0c2ZnenlUdEJtdm1UbG51cGNLb254eVYtLWE3OEpzdXI5WllqdTIzelhNY05fdk1naVJiM3IwWWo0SlNIOENDdndXa21fNmJwTE5fa212Y1JtMzVqT3lEcmdGWFpSbTNocDdTUUlHRFliVVEwLWdxOTAxekljeG5HdHhpVThvV05jYzlESDMzSW56WXhDSXVyUG5KRmNKYWZfN3JR?oc=5\" target=\"_blank\" rel=\"nofollow noopener\">Qui\u00e9n es la mujer de Cerd\u00e1n, La Paqui, a quien conocen todas las vendedoras de El Corte Ingl\u00e9s<\/a>&nbsp;&nbsp;El Economista<\/li>\n<li><a href=\"https:\/\/news.google.com\/rss\/articles\/CBMinAFBVV95cUxNQ21acUtDNkFVcl9FMDNQTmo1LWdmSlRzYk1WOVRCVC0xOEQxbm5OZnR0bktsWmQtZk9NUnZGR2tHXzRycGFva3BTcm9wajJfbDEtVDZFcTlqM3VUWGpwU3NteU4yQ09lSVhGaUFWajhKQWx5ZEljb0dxME51YWIyTmxnWVJCb21NeXlYcU5TWHVJZUkxSU9HUlQyM0Q?oc=5\" target=\"_blank\" rel=\"nofollow noopener\">Cerd\u00e1n se apoy\u00f3 en un c\u00edrculo \u00edntimo que no salt\u00f3 hasta las pistas de Aldama<\/a>&nbsp;&nbsp;ABC<\/li>\n<li><a href=\"https:\/\/news.google.com\/rss\/articles\/CBMingJBVV95cUxNaXhlbGRnRURzZnRnUEREZlRtOXRnWlNOeF9uTTg5WE9rU0ExeEE1TGFxVzMwRV9VMGZsQkl3OG4telMxTUt0SE5qREVMU0l6MzVLck9CWTVya29rMF9nbU11V2ZTOVdTZ19oMjNTamEtampTMGoyZ0hyTGVKRVU0LU8yTEpqQTFlMEx6NTRvQ3R0SDkwdjJVdWR2SDJKOHl1cElIVGhHbkxPTXhlVXFCRHBsbG5uYW1wc2Z2TDdKR2RWRlhoSHRucFB3THg5ZndJb3pPRklvaTdKT2Utb1EwZWRzOXlDbkVZQUhfM01kRWkwbkJfeTlxcnFseFlBWjVFVGdZaGhmRFFMZ3plYVdRaGpVSUtCZnk4WVI1UlpR0gGeAkFVX3lxTE5WMGN4cjhKRzJ1aHlfRG0xZXlzRVp1RWlQQUZNY2g1bVRmQk5pSGktV09LWlFaMWo5QTJGdHhYUDBrT250ODloSm9veXhwb1pxS216UHRVRVJqazg0QmF1Q2R2OGp1M0pFRHdSc3F5UjN0TDVmWXVlWE1kUU5VSExmZ215Mnl6SXNPd196UVhFdVZSZUFPTVV5aWFoTmh6OG5JaS1tQnlCY0YwMjJRVTJidVFfYXVxY3hST0p4VUJwaHgzS1NOcEJMOVhTamNkYlB1dkh0ZF83bVFWMlptcEcydGV6NElab21DY281V0dPbGljMGJWRzhVTjJDT2RqRGhheF8xRW1sb0MwanljdDNLZnc3TE9xUHFwOHRKZmc?oc=5\" target=\"_blank\" rel=\"nofollow noopener\">Carlos Cu\u00e9, sobre Santos Cerd\u00e1n: \u00ab\u00bfC\u00f3mo se le puede ocurrir al &#8216;n\u00famero 2&#8217; del PSOE usar una tarjeta de una<\/a>&nbsp;&nbsp;LaSexta<\/li>\n<li><a href=\"https:\/\/news.google.com\/rss\/articles\/CBMi9AFBVV95cUxQUjFqSDVJSVptZUltM2FmUnQtNFcyWlNXYmdWN0dHYWhONzd0aGd6TnZQamQ5NFhnWjNEaGlNQjNfcVlGbzhHbWRuTkxaczQ4RUdnYjE1UWJEeHRHNWpJYzZXeHlUSW9kU1JOQVo1M3ozYUd1WHZDV3dQWndvSkdFSXVRSk14MmRRcVgzQzJHVk5wMk0wLWstQUN3dXN0QXplNmszYU9EZFg5QUdIR0xRQ1pDLVRtOEVoLVF1LVJxY2JvRjdhbzNiQmxzLWVmdWliWGJtT1ZQdnUyNU9OVXhBczV4LVc1TzMydEtyWVF3SzQ0Uk9B?oc=5\" target=\"_blank\" rel=\"nofollow noopener\">Contratos, cobros, pisos y viajes: todos los privilegios de Paqui, Bel\u00e9n Cerd\u00e1n, J\u00e9sica o Ana\u00eds, las mujeres de la banda del Peugeot<\/a>&nbsp;&nbsp;El Espa\u00f1ol<\/li>\n<li><a href=\"https:\/\/news.google.com\/rss\/articles\/CBMipwFBVV95cUxOYl94b0YxVW5CLV9HUW5hODc2R1FMTGxvZG92UWhHN1VXUWpzVXd5dzFGT193eVZhTlZYQkNvNHAya19fY2JVZDZaT1cyMS1ydjdUNkhCYVhlb1JLQmZVSWV0WkRzOW5laGdVaTV6ZE0zblNKQjF2aVJqbTlJUGl4V0N2Ty1adjlXVVcyT1lsXzNtRWFtdllxSldVeDRubXBzWmdXYmhITQ?oc=5\" target=\"_blank\" rel=\"nofollow noopener\">Cerd\u00e1n pag\u00f3 bares y restaurantes en la campa\u00f1a andaluza del PSOE con dinero de las comisiones ilegales<\/a>&nbsp;&nbsp;El Confidencial<\/li>\n<\/ol>\n","protected":false},"excerpt":{"rendered":"Qui\u00e9n es la mujer de Cerd\u00e1n, La Paqui, a quien conocen todas las vendedoras de El Corte Ingl\u00e9s&nbsp;&nbsp;El&hellip;\n","protected":false},"author":2,"featured_media":248356,"comment_status":"","ping_status":"","sticky":false,"template":"","format":"standard","meta":{"footnotes":""},"categories":[8],"tags":[17,18,25,24,13,14,11,19,20,9,10,15,16,23,12,21,22],"class_list":{"0":"post-252320","1":"post","2":"type-post","3":"status-publish","4":"format-standard","5":"has-post-thumbnail","7":"category-espana","8":"tag-breaking-news","9":"tag-breakingnews","10":"tag-es","11":"tag-espana","12":"tag-featured-news","13":"tag-featurednews","14":"tag-headlines","15":"tag-latest-news","16":"tag-latestnews","17":"tag-news","18":"tag-noticias","19":"tag-noticias-destacadas","20":"tag-noticiasdestacadas","21":"tag-spain","22":"tag-titulares","23":"tag-ultimas-noticias","24":"tag-ultimasnoticias"},"share_on_mastodon":{"url":"https:\/\/pubeurope.com\/@es\/115601993016956408","error":""},"_links":{"self":[{"href":"https:\/\/www.europesays.com\/es\/wp-json\/wp\/v2\/posts\/252320","targetHints":{"allow":["GET"]}}],"collection":[{"href":"https:\/\/www.europesays.com\/es\/wp-json\/wp\/v2\/posts"}],"about":[{"href":"https:\/\/www.europesays.com\/es\/wp-json\/wp\/v2\/types\/post"}],"author":[{"embeddable":true,"href":"https:\/\/www.europesays.com\/es\/wp-json\/wp\/v2\/users\/2"}],"replies":[{"embeddable":true,"href":"https:\/\/www.europesays.com\/es\/wp-json\/wp\/v2\/comments?post=252320"}],"version-history":[{"count":0,"href":"https:\/\/www.europesays.com\/es\/wp-json\/wp\/v2\/posts\/252320\/revisions"}],"wp:featuredmedia":[{"embeddable":true,"href":"https:\/\/www.europesays.com\/es\/wp-json\/wp\/v2\/media\/248356"}],"wp:attachment":[{"href":"https:\/\/www.europesays.com\/es\/wp-json\/wp\/v2\/media?parent=252320"}],"wp:term":[{"taxonomy":"category","embeddable":true,"href":"https:\/\/www.europesays.com\/es\/wp-json\/wp\/v2\/categories?post=252320"},{"taxonomy":"post_tag","embeddable":true,"href":"https:\/\/www.europesays.com\/es\/wp-json\/wp\/v2\/tags?post=252320"}],"curies":[{"name":"wp","href":"https:\/\/api.w.org\/{rel}","templated":true}]}}