{"id":252321,"date":"2025-11-24T01:06:16","date_gmt":"2025-11-24T01:06:16","guid":{"rendered":"https:\/\/www.europesays.com\/es\/252321\/"},"modified":"2025-11-24T01:06:16","modified_gmt":"2025-11-24T01:06:16","slug":"el-barca-se-abona-a-la-defensa-en-la-primera-victoria-de-pascual","status":"publish","type":"post","link":"https:\/\/www.europesays.com\/es\/252321\/","title":{"rendered":"El Bar\u00e7a se abona a la defensa en la primera victoria de Pascual"},"content":{"rendered":"<p class=\"ft-text\"><strong>Xavi Pascual<\/strong> se apunt\u00f3 su primera victoria con el <a class=\"ft-link ft-link--decoration\" href=\"https:\/\/www.sport.es\/es\/barca\/baloncesto\/\" rel=\"nofollow noopener\" target=\"_blank\"><strong>Bar\u00e7a<\/strong><\/a> tras su regreso al club, despu\u00e9s de una excelente versi\u00f3n defensiva de sus jugadores en el Gran Canaria Arena. El conjunto catal\u00e1n se impuso al <strong>Dreamland<\/strong> por <strong>61-72<\/strong> en una tarde en la que ya se vio la mano del nuevo t\u00e9cnico azulgrana en el desempe\u00f1o defensivo de sus hombres, que no encajaron 18 o m\u00e1s puntos en ninguno de los cuatro periodos.<\/p>\n<p><img decoding=\"async\" src=\"https:\/\/www.europesays.com\/es\/wp-content\/uploads\/2025\/11\/dreamland-gran-canaria.png\" width=\"35\" height=\"35\" alt=\"DREAMLAND GRAN CANARIA, 61\" class=\"ft-mol-dataSheed__image\" loading=\"lazy\"\/><\/p>\n<p class=\"ft-text\">GCA<\/p>\n<p>61<\/p>\n<p>72<\/p>\n<p><img decoding=\"async\" src=\"https:\/\/www.europesays.com\/es\/wp-content\/uploads\/2025\/10\/barca-4ccd3bc.png\" width=\"35\" height=\"35\" alt=\"BAR\u00c7A, 72\" class=\"ft-mol-dataSheed__image\" loading=\"lazy\"\/><\/p>\n<p class=\"ft-text\">FCB<\/p>\n<p>Alineaciones<\/p>\n<tr\/>\n<tr class=\"ft-mol-dataSheed__equipPlayers\">\n<td>(17+12+17+15): Albicy (2), Wong (7), Brussino (5), Labeyrie (6) y Tobey (16) -quinteto titular-; Maniema (-), Angola (7), Salv\u00f3 (2), Samar (3), Pelos (5) y Kuath (8)<\/td>\n<\/tr>\n<tr class=\"ft-mol-dataSheed__equipPlayers\"><\/tr>\n<tr\/>\n<tr class=\"ft-mol-dataSheed__equipPlayers\">\n<td>(14+18+14+26): Punter (13), Shengelia (14), Laprovittola (14), Vesely (8) y Clyburn (8), -quinteto titular-; Marcos (-), Cale (6), Brizuela (-), Satoransky (1), Hernang\u00f3mez (2) y Parra (6)<\/td>\n<\/tr>\n<tr class=\"ft-mol-dataSheed__equipPlayers\"><\/tr>\n<p class=\"ft-text\"><strong>Tornike Shengelia,<\/strong> con 14 puntos y seis rebotes, y <strong>Nico Laprovittola,<\/strong> tambi\u00e9n con 14 tantos y un inmaculado 4\/4 desde el triple, lideraron la anotaci\u00f3n azulgrana, mientras que en el equipo de Jaka Lakovic, el exazulgrana <strong>Mike Tobey<\/strong> firm\u00f3 una gran actuaci\u00f3n rozando las dobles figuras (16-9).<\/p>\n<p class=\"ft-text\"><strong>No fue la mejor puesta en escena,<\/strong> la protagonizada por el Bar\u00e7a en el Gran Canaria Arena. Porcentajes bajos, un rosco en el tiro libre (0\/4) durante el primer cuarto, y cuatro p\u00e9rdidas que contrastaban con lo visto en los \u00faltimos encuentros. <strong>Braian Angola<\/strong> coloc\u00f3 desde el triple un +5 para los locales (13-8), pero el Bar\u00e7a se rehizo para cerrar el primer acto solo tres puntos por debajo en el marcador (17-14).<\/p>\n<p>Gran reacci\u00f3n azulgrana<\/p>\n<p class=\"ft-text\">Las prestaciones defensivas del equipo siguen creciendo, aunque hay todav\u00eda trabajo por delante. Los de <strong>Xavi Pascual<\/strong> se apuntaron un 0-8 de salida en el segundo periodo, con dos triples de <strong>Myles Cale y Nico Laprovittola<\/strong> que obligaron a <strong>Jaka Lakovic<\/strong> a detener el encuentro (17-22). El nuevo t\u00e9cnico azulgrana agitaba al equipo moviendo constantemente el quinteto.<\/p>\n<p><img decoding=\"async\" src=\"https:\/\/www.europesays.com\/es\/wp-content\/uploads\/2025\/11\/3953b16b-784b-4814-941e-19ae2d5227ff_alta-libre-aspect-ratio_default_0.jpg\" width=\"1200\" height=\"675\" alt=\"Myles Cale, en el partido que el Bar\u00e7a disput\u00f3 en Gran Canaria\" class=\"ft-helper-img-rd\" loading=\"lazy\"\/><\/p>\n<p class=\"ft-helper-fontColor-quaternary ft-helper-fontSize-body-S ft-helper-spacer-t-xxs\">Myles Cale, en el partido que el Bar\u00e7a disput\u00f3 en Gran Canaria  \/ ACB Photo &#8211; Miguel Henr\u00edquez<\/p>\n<p>Solo 12 puntos encajados en el segundo cuarto<\/p>\n<p class=\"ft-text\"><strong>Subi\u00f3 filas el Bar\u00e7a detr\u00e1s, encajando \u00fanicamente 12 puntos en el cuarto.<\/strong> Lamentaba Pascual la defensa en los \u00faltimos segundos de posesi\u00f3n, instantes en los que el &#8216;Granca&#8217; encontraba anotaci\u00f3n, y ese 29-32 al descanso quiz\u00e1s se qued\u00f3 algo corto tras la diferencia de ambos equipos en el periodo. El Bar\u00e7a estaba sosteniendo bien a <strong>Isaiah Wong,<\/strong> la estrella de los insulares que se march\u00f3 a vestuario con tan solo cuatro tantos. En cambio, el exazulgrana <strong>Mike Tobey<\/strong> estaba castigando a los interiores azulgranas, con siete puntos en algo menos de 10 minutos.<\/p>\n<p class=\"ft-text\">Quedaba por ver si el ritmo del partido, algo sostenido en la primera mitad, iba a aumentar en la segunda. No hubo novedades en el tercer cuarto, tal y como indica el tanteo (17-14). La producci\u00f3n ofensiva del Bar\u00e7a estaba experimentando much\u00edsimos problemas, y pese a que <strong>Will Clyburn y &#8216;Lapro&#8217;<\/strong> se apuntaron los primeros aciertos de los azulgranas, Gran Canaria reaccion\u00f3 con un parcial de 8-0 para recuperar la iniciativa en el electr\u00f3nico (39-36). Tobey segu\u00eda castigando la indolente defensa de Willy Hernang\u00f3mez, y no tard\u00f3 Pascual en meter en pista de nuevo a Vesely.<\/p>\n<p><img decoding=\"async\" src=\"https:\/\/www.europesays.com\/es\/wp-content\/uploads\/2025\/11\/d28dbf7a-798a-425b-8cc6-9a8c7d515187_alta-libre-aspect-ratio_default_0.jpg\" width=\"1200\" height=\"675\" alt=\"Mike Tobey cuaj\u00f3 un gran partido ante su exequipo\" class=\"ft-helper-img-rd\" loading=\"lazy\"\/><\/p>\n<p class=\"ft-helper-fontColor-quaternary ft-helper-fontSize-body-S ft-helper-spacer-t-xxs\">Mike Tobey cuaj\u00f3 un gran partido ante su exequipo  \/ ACB Photo &#8211; Miguel Henr\u00edquez<\/p>\n<p>Todo por decidir en el \u00faltimo cuarto<\/p>\n<p class=\"ft-text\"><strong>Joel Parra,<\/strong> con una gran canasta bajo aros, situ\u00f3 de nuevo al cuadro catal\u00e1n por delante, pero un tiro libre del exp\u00edvot azulgrana hizo que se entrase al asalto final con la batalla equilibrada a 46 puntos. Tornike Shengelia, que nunca se esconde (es importante remarcarlo), arranc\u00f3 como un tiro el cuarto, y tras dos acciones suyas, y un triple de un inspirado Laprovittola desde el 6,75, situaron al Bar\u00e7a +6 (48-54), obligando a Lakovic a detener el encuentro.<\/p>\n<p class=\"ft-text\">El argentino, asumiendo la batuta del equipo, vivi\u00f3 una gran tarde en el Gran Canaria Arena, y con su cuarto acierto desde el triple en cuatro intentos, empezaba a poner tierra de por medio: el Bar\u00e7a mandaba por siete (52-59) a falta de cuatro minutos para el final. Segu\u00edan sin llegar las canastas de ambos equipos, y <strong>Clyburn dedici\u00f3 aparecer<\/strong> con dos acciones consecutivas para dejar el partido pr\u00e1cticamente visto para sentencia antes de entrar en el \u00faltimo minuto (56-65).<\/p>\n<p><img decoding=\"async\" src=\"https:\/\/www.europesays.com\/es\/wp-content\/uploads\/2025\/11\/869ea153-30d7-4253-95ca-7d4687d0efe2_alta-libre-aspect-ratio_default_0.jpg\" width=\"1200\" height=\"675\" alt=\"Xavi Pascual charla con Kevin Punter durante el partido ante el Gran Canaria\" class=\"ft-helper-img-rd\" loading=\"lazy\"\/><\/p>\n<p class=\"ft-helper-fontColor-quaternary ft-helper-fontSize-body-S ft-helper-spacer-t-xxs\">Xavi Pascual charla con Kevin Punter durante el partido ante el Gran Canaria  \/ EFE<\/p>\n<p>Victoria y ya son s\u00e9ptimos en la ACB<\/p>\n<p class=\"ft-text\">El Bar\u00e7a ten\u00eda el triunfo m\u00e1s que encarrilado, y despu\u00e9s de un triple de Punter, la victoria regres\u00f3 a la capital catalana por 61-72. <strong>Los azulgranas equilibran a cuatro el balance de victorias y derrotas,<\/strong> y ya son s\u00e9ptimos en la tabla clasificatoria. El pr\u00f3ximo mi\u00e9rcoles (20:30h CET), el reencuentro esperado con el Palau en el partido de Euroliga ante Asvel.<\/p>\n","protected":false},"excerpt":{"rendered":"Xavi Pascual se apunt\u00f3 su primera victoria con el Bar\u00e7a tras su regreso al club, despu\u00e9s de una&hellip;\n","protected":false},"author":2,"featured_media":252322,"comment_status":"","ping_status":"","sticky":false,"template":"","format":"standard","meta":{"footnotes":""},"categories":[5],"tags":[302,299,2296,17,18,7221,5293,25,24,13,14,3956,11,19,20,665,9,10,15,16,1045,5814,23,12,21,22],"class_list":{"0":"post-252321","1":"post","2":"type-post","3":"status-publish","4":"format-standard","5":"has-post-thumbnail","7":"category-titulares","8":"tag-acb","9":"tag-baloncesto","10":"tag-barca","11":"tag-breaking-news","12":"tag-breakingnews","13":"tag-canaria","14":"tag-cronica","15":"tag-es","16":"tag-espana","17":"tag-featured-news","18":"tag-featurednews","19":"tag-gran","20":"tag-headlines","21":"tag-latest-news","22":"tag-latestnews","23":"tag-liga-endesa","24":"tag-news","25":"tag-noticias","26":"tag-noticias-destacadas","27":"tag-noticiasdestacadas","28":"tag-partido","29":"tag-resultado","30":"tag-spain","31":"tag-titulares","32":"tag-ultimas-noticias","33":"tag-ultimasnoticias"},"share_on_mastodon":{"url":"https:\/\/pubeurope.com\/@es\/115601997320609298","error":""},"_links":{"self":[{"href":"https:\/\/www.europesays.com\/es\/wp-json\/wp\/v2\/posts\/252321","targetHints":{"allow":["GET"]}}],"collection":[{"href":"https:\/\/www.europesays.com\/es\/wp-json\/wp\/v2\/posts"}],"about":[{"href":"https:\/\/www.europesays.com\/es\/wp-json\/wp\/v2\/types\/post"}],"author":[{"embeddable":true,"href":"https:\/\/www.europesays.com\/es\/wp-json\/wp\/v2\/users\/2"}],"replies":[{"embeddable":true,"href":"https:\/\/www.europesays.com\/es\/wp-json\/wp\/v2\/comments?post=252321"}],"version-history":[{"count":0,"href":"https:\/\/www.europesays.com\/es\/wp-json\/wp\/v2\/posts\/252321\/revisions"}],"wp:featuredmedia":[{"embeddable":true,"href":"https:\/\/www.europesays.com\/es\/wp-json\/wp\/v2\/media\/252322"}],"wp:attachment":[{"href":"https:\/\/www.europesays.com\/es\/wp-json\/wp\/v2\/media?parent=252321"}],"wp:term":[{"taxonomy":"category","embeddable":true,"href":"https:\/\/www.europesays.com\/es\/wp-json\/wp\/v2\/categories?post=252321"},{"taxonomy":"post_tag","embeddable":true,"href":"https:\/\/www.europesays.com\/es\/wp-json\/wp\/v2\/tags?post=252321"}],"curies":[{"name":"wp","href":"https:\/\/api.w.org\/{rel}","templated":true}]}}