{"id":252323,"date":"2025-11-24T01:12:25","date_gmt":"2025-11-24T01:12:25","guid":{"rendered":"https:\/\/www.europesays.com\/es\/252323\/"},"modified":"2025-11-24T01:12:25","modified_gmt":"2025-11-24T01:12:25","slug":"el-memorial-ma-isabel-calvero-celebra-su-edicion-xxxiv-c","status":"publish","type":"post","link":"https:\/\/www.europesays.com\/es\/252323\/","title":{"rendered":"El\u00a0Memorial M\u00aa Isabel Calvero celebra su edici\u00f3n XXXIV c&#8230;"},"content":{"rendered":"<p>                    Ra\u00fal Garc\u00eda Pierna (Ark\u00e9a) se alz\u00f3 con la jornada por delante de Omar Fraile (INEOS) y Pablo Torres (UAE).<\/p>\n<p class=\"c-news-list__author\">Ciclismoafondo.es. Foto: \u00a0Memorial M\u00aa Isabel Calvero<\/p>\n<p class=\"c-mainarticle__date\">\n<p>                    22 de noviembre de 2025 (17:54 CET)<\/p>\n<p>                                                                                                                                        <img fetchpriority=\"high\" decoding=\"async\" src=\"https:\/\/www.europesays.com\/es\/wp-content\/uploads\/2025\/11\/memorial.jpeg\" alt=\"El\u00a0Memorial M\u00aa Isabel Calvero celebra su edici\u00f3n  XXXIV con gran \u00e9xito\" title=\"El\u00a0Memorial M\u00aa Isabel Calvero celebra su edici\u00f3n  XXXIV con gran \u00e9xito\" class=\"c-mainarticle__img\" loading=\"eager\" width=\"790\" height=\"454\"\/><\/p>\n<p>                    El\u00a0Memorial M\u00aa Isabel Calvero celebra su edici\u00f3n  XXXIV con gran \u00e9xito<\/p>\n<p>El Memorial Isabel Calvero confirm\u00f3 su capacidad de convocatoria en la que el fr\u00edo no fue freno para toda una cita referente en el mundo del ciclismo espa\u00f1ol. La prueba\u00a0impulsada por el ex ciclista profesional\u00a0<strong>Dani Clavero<\/strong>\u00a0con la colaboraci\u00f3n\u00a0del\u00a0<strong>Ayuntamiento de Las Rozas<\/strong>\u00a0ha sido una edici\u00f3n m\u00e1s, la XXXIV, una aut\u00e9ntica fiesta del ciclismo.<\/p>\n<p>El evento, que ha inundado Las Rozas (Madrid) de bicicletas y un ambiente \u00fanico de camarader\u00eda, ha celebrado un a\u00f1o m\u00e1s una jornada\u00a0de \u00e9xito y de conmuni\u00f3n con el p\u00fablico que ha asistido a la cita.\u00a0La victoria -lo de menos en estos casos- en categor\u00eda \u00e9lite ha sido para R<strong>a\u00fal Garc\u00eda Pierna (Ark\u00e9a) por delante de Omar Fraile (INEOS) y Pablo Torres (UAE). <\/strong>Entre las f\u00e9minas se ha impuesto Almudena Morales seguida por Eva Anguela.<\/p>\n<p><img decoding=\"async\" loading=\"lazy\" alt=\"Foto:\" data-id=\"14653540\" data-resize=\"3\" height=\"325\" src=\"https:\/\/www.europesays.com\/es\/wp-content\/uploads\/2025\/11\/clavero_3_565x325.jpeg\" title=\"Foto:\" width=\"565\"\/>&#13;<br \/>\nFoto:\u00a0Memorial M\u00aa Isabel Calvero&#13;<\/p>\n<p>Dos cl\u00e1sicos de la cita, Javier Pascual Rodr\u00edguez y Chechu Rubiera, han cruzado los primeros la l\u00ednea de meta en la carrera de viejas glorias, con David L\u00f3pez en tercera posici\u00f3n.\u00a0La jornada empez\u00f3\u00a0a las 11:00 de la ma\u00f1ana de este\u00a0s\u00e1bado 22 y cont\u00f3\u00a0este a\u00f1o\u00a0de nuevo con cinco\u00a0mangas\u00a0<strong>en el circuito habitual de 1 km,\u00a0<\/strong>que discurri\u00f3\u00a0por el\u00a0<strong>Parque Empresarial de Las Rozas, <\/strong>d\u00f3nde\u00a0tuvo su localizaci\u00f3n el\u00a0p\u00f3dium, la\u00a0carpas y los patrocinadores.<\/p>\n","protected":false},"excerpt":{"rendered":"Ra\u00fal Garc\u00eda Pierna (Ark\u00e9a) se alz\u00f3 con la jornada por delante de Omar Fraile (INEOS) y Pablo Torres&hellip;\n","protected":false},"author":2,"featured_media":252324,"comment_status":"","ping_status":"","sticky":false,"template":"","format":"standard","meta":{"footnotes":""},"categories":[273],"tags":[313,312,168,25,24,23,167],"class_list":{"0":"post-252323","1":"post","2":"type-post","3":"status-publish","4":"format-standard","5":"has-post-thumbnail","7":"category-ciclismo","8":"tag-ciclismo","9":"tag-cycling","10":"tag-deportes","11":"tag-es","12":"tag-espana","13":"tag-spain","14":"tag-sports"},"share_on_mastodon":{"url":"https:\/\/pubeurope.com\/@es\/115602020664890905","error":""},"_links":{"self":[{"href":"https:\/\/www.europesays.com\/es\/wp-json\/wp\/v2\/posts\/252323","targetHints":{"allow":["GET"]}}],"collection":[{"href":"https:\/\/www.europesays.com\/es\/wp-json\/wp\/v2\/posts"}],"about":[{"href":"https:\/\/www.europesays.com\/es\/wp-json\/wp\/v2\/types\/post"}],"author":[{"embeddable":true,"href":"https:\/\/www.europesays.com\/es\/wp-json\/wp\/v2\/users\/2"}],"replies":[{"embeddable":true,"href":"https:\/\/www.europesays.com\/es\/wp-json\/wp\/v2\/comments?post=252323"}],"version-history":[{"count":0,"href":"https:\/\/www.europesays.com\/es\/wp-json\/wp\/v2\/posts\/252323\/revisions"}],"wp:featuredmedia":[{"embeddable":true,"href":"https:\/\/www.europesays.com\/es\/wp-json\/wp\/v2\/media\/252324"}],"wp:attachment":[{"href":"https:\/\/www.europesays.com\/es\/wp-json\/wp\/v2\/media?parent=252323"}],"wp:term":[{"taxonomy":"category","embeddable":true,"href":"https:\/\/www.europesays.com\/es\/wp-json\/wp\/v2\/categories?post=252323"},{"taxonomy":"post_tag","embeddable":true,"href":"https:\/\/www.europesays.com\/es\/wp-json\/wp\/v2\/tags?post=252323"}],"curies":[{"name":"wp","href":"https:\/\/api.w.org\/{rel}","templated":true}]}}