{"id":252327,"date":"2025-11-24T01:15:11","date_gmt":"2025-11-24T01:15:11","guid":{"rendered":"https:\/\/www.europesays.com\/es\/252327\/"},"modified":"2025-11-24T01:15:11","modified_gmt":"2025-11-24T01:15:11","slug":"este-es-el-1x1-y-las-notas-del-malaga-cf-ante-el-cd-mirandes","status":"publish","type":"post","link":"https:\/\/www.europesays.com\/es\/252327\/","title":{"rendered":"Este es el 1&#215;1 y las notas del M\u00e1laga CF ante el CD Mirand\u00e9s"},"content":{"rendered":"<p>\t\tCompartir esta publicaci\u00f3n\t\t\t\t\t<\/p>\n<p><strong>Este es el 1\u00d71 y las notas del <\/strong><strong><a href=\"http:\/\/malagacf.com\/\" target=\"_blank\" rel=\"noopener nofollow\">M\u00e1laga CF<\/a> ante el CD Mirand\u00e9s. <\/strong>En el debut de Funes como entrenador del primer equipo, el cuadro de Martiricos consigui\u00f3 una <a href=\"https:\/\/www.merchanendirecto.es\/portada\/cronica-funes-malaga-cf-jornada-15\/\" target=\"_blank\" rel=\"noopener nofollow\">victoria \u00e9pica en la \u00faltima jugada del partido<\/a>. Tres puntos que sacan al cuadro boquer\u00f3n del descenso tras ver como el combinado jabato le empataba un 2-0 en la segunda parte.<\/p>\n<p><strong>ALFONSO HERRERO (7): <\/strong>Valiente y seguro por arriba, cont\u00f3 con varias buenas intervenciones. Sobre todo la que salva el 2-3 Algo precipitado en la salida de bal\u00f3n. No pudo hacer mucho en los dos goles.<\/p>\n<p><strong>C. PUGA (5): <\/strong>Le falt\u00f3 intensidad al encimar en el centro del empate. Muy lejos del nivel que ha demostrado en otras ocasiones. Se le nota a\u00fan ciertamente falto de ritmo.<\/p>\n<p><strong>A. RECIO (5): <\/strong>Muy bien con bal\u00f3n. Le falt\u00f3 valent\u00eda en los \u00faltimos minutos y no estuvo fino en los duelos.<\/p>\n<p><strong>EINAR G. (6): <\/strong>El gol de la victoria le salva del suspenso. Se\u00f1alado y superado en los dos goles del Mirand\u00e9s. Mar\u00ed le gana la espalda en el primero y Petit el duelo a\u00e9reo en el segundo.<\/p>\n<p><strong>V\u00cdCTOR G. (5): <\/strong>De nuevo le volvieron a superar f\u00e1cilmente a la espalda con balones largos. Tuvo una buena intervenci\u00f3n defensiva con el 2-2.<\/p>\n<p><strong>IZAN M. (6): <\/strong>Baluarte en la salida de pelota del equipo, tanto con pases como conduciendo desde atr\u00e1s. Preciso y de mente \u00e1gil. Defensivamente debe seguir mejorando.<\/p>\n<p><strong>CARLOS DOTOR (7): <\/strong>Buen partido del madrile\u00f1o. Participativo en la medular, preciso y da\u00f1ino cerca del \u00e1rea. Tambi\u00e9n acertado en lo defensivo. Asisti\u00f3 a Ni\u00f1o en el primer gol y causaba mucho peligro cuando llegaba en banda derecha con centros.<\/p>\n<p><strong>DANI LORENZO (7): <\/strong>En la l\u00ednea de los \u00faltimos partidos. Solo fall\u00f3 un pase. Fundamental en la circulaci\u00f3n de pelota.<\/p>\n<p><strong>LARRUBIA (5): <\/strong>Insistente, pero sin determinaci\u00f3n arriba. Tuvo alguna que otra buena conducci\u00f3n con desborde, pero sin peligro en los metros finales.<\/p>\n<p><strong>JOAQU\u00cdN M. (7): <\/strong>El poste le neg\u00f3 el que era el 3-1 despu\u00e9s de una buena combinaci\u00f3n con Ni\u00f1o. Estuvo intenso e inteligente en el segundo gol que termina con el gol de Ni\u00f1o.<\/p>\n<p><strong>A. NI\u00d1O (8,5): <\/strong>Volvi\u00f3 el Adri\u00e1n Ni\u00f1o de la pretemporada. Decisivo con dos goles al primer toque y amenaza en el \u00e1rea.<\/p>\n<p>\u2014\u2014\u2014\u2014\u2014\u2014\u2014\u2014\u2014\u2014\u2014\u2014\u2014\u2014\u2014\u2014\u2014\u2014\u2014\u2014\u2014\u2014\u2014\u2014\u2014\u2014\u2014<\/p>\n<p>Notas y 1\u00d71 de los suplentes<\/p>\n<p><strong>RAFA R. (6,5):<\/strong> Le dio otro aire al equipo. Tir\u00f3 de corpulencia para ganar muchos duelos. Lo intent\u00f3 de cara a porter\u00eda como siempre.<\/p>\n<p><strong>LOBETE (5):<\/strong> Con toques de m\u00e1s y poca finura.<\/p>\n<p><strong>CHUPETE (5):<\/strong> Bien jugando de primeras e incomodando centrales. Apenas tuvo oportunidad de buscar porter\u00eda.<\/p>\n<p><strong>HAITAM (S\/N)\u00a0<\/strong><\/p>\n<p><strong>ENEKO JAUREGI (S\/N)<\/strong><\/p>\n<p>\u2014\u2014\u2014\u2014\u2014\u2014\u2014\u2014\u2014\u2014\u2014\u2014\u2014\u2014\u2014\u2014\u2014\u2014\u2014\u2014\u2014\u2014\u2014\u2014\u2014<\/p>\n<p><strong>FUNES (5):<\/strong> Similitudes con lo anterior, pero con cambio de suerte. El equipo fue de m\u00e1s a menos y el gol de Galilea le salva de una semana convulsa. Es cierto que el equipo apuesta m\u00e1s por el bal\u00f3n, sobre todo a la hora de no rifar el bal\u00f3n. Implant\u00f3 su idea. Pero, los jugadores se vuelven a caer y el rival termina empatando el partido.<\/p>\n<p class=\"auto-featured-caption\">Dise\u00f1o: Alba Arquillos Torres<\/p>\n","protected":false},"excerpt":{"rendered":"Compartir esta publicaci\u00f3n Este es el 1\u00d71 y las notas del M\u00e1laga CF ante el CD Mirand\u00e9s. En&hellip;\n","protected":false},"author":2,"featured_media":252328,"comment_status":"","ping_status":"","sticky":false,"template":"","format":"standard","meta":{"footnotes":""},"categories":[268],"tags":[168,25,24,280,282,281,23,167],"class_list":{"0":"post-252327","1":"post","2":"type-post","3":"status-publish","4":"format-standard","5":"has-post-thumbnail","7":"category-futbol","8":"tag-deportes","9":"tag-es","10":"tag-espana","11":"tag-football","12":"tag-futbol","13":"tag-soccer","14":"tag-spain","15":"tag-sports"},"share_on_mastodon":{"url":"https:\/\/pubeurope.com\/@es\/115602032168075870","error":""},"_links":{"self":[{"href":"https:\/\/www.europesays.com\/es\/wp-json\/wp\/v2\/posts\/252327","targetHints":{"allow":["GET"]}}],"collection":[{"href":"https:\/\/www.europesays.com\/es\/wp-json\/wp\/v2\/posts"}],"about":[{"href":"https:\/\/www.europesays.com\/es\/wp-json\/wp\/v2\/types\/post"}],"author":[{"embeddable":true,"href":"https:\/\/www.europesays.com\/es\/wp-json\/wp\/v2\/users\/2"}],"replies":[{"embeddable":true,"href":"https:\/\/www.europesays.com\/es\/wp-json\/wp\/v2\/comments?post=252327"}],"version-history":[{"count":0,"href":"https:\/\/www.europesays.com\/es\/wp-json\/wp\/v2\/posts\/252327\/revisions"}],"wp:featuredmedia":[{"embeddable":true,"href":"https:\/\/www.europesays.com\/es\/wp-json\/wp\/v2\/media\/252328"}],"wp:attachment":[{"href":"https:\/\/www.europesays.com\/es\/wp-json\/wp\/v2\/media?parent=252327"}],"wp:term":[{"taxonomy":"category","embeddable":true,"href":"https:\/\/www.europesays.com\/es\/wp-json\/wp\/v2\/categories?post=252327"},{"taxonomy":"post_tag","embeddable":true,"href":"https:\/\/www.europesays.com\/es\/wp-json\/wp\/v2\/tags?post=252327"}],"curies":[{"name":"wp","href":"https:\/\/api.w.org\/{rel}","templated":true}]}}