{"id":252331,"date":"2025-11-24T01:17:12","date_gmt":"2025-11-24T01:17:12","guid":{"rendered":"https:\/\/www.europesays.com\/es\/252331\/"},"modified":"2025-11-24T01:17:12","modified_gmt":"2025-11-24T01:17:12","slug":"30-aniversario-del-pintor-urrejola-en-la-galeria-benot","status":"publish","type":"post","link":"https:\/\/www.europesays.com\/es\/252331\/","title":{"rendered":"30 aniversario del pintor Urr\u00e9jola en la Galer\u00eda Benot"},"content":{"rendered":"<p class=\"paragraph-atom&#10;        &#10;        B-510-400-550-N B-525-400-700-N--md&#10;        &#10;        \">\n    La Galer\u00eda Benot se ha vestido de gala con motivo del 30 aniversario de colaboraci\u00f3n del pintor Ricardo Gal\u00e1n Urr\u00e9jola  con dicha galer\u00eda. Por tal motivo se ha inaugurado una exposici\u00f3n de 24 obras del reconocido pintor, sus creaciones m\u00e1s recientes de su larga trayectoria. En esta muestra del 30 aniversario, Urr\u00e9jola ha elegido una tem\u00e1tica de faros y paisajes urbanos utilizando el \u00f3leo sobre lienzo. La muestra, que reuni\u00f3 a un gran n\u00famero de amigos y seguidores del pintor, permanecer\u00e1 abierta hasta el 10 de enero. Los presentes pudieron disfrutar de una copa de vino espa\u00f1ol. Entre ellos se encontraban Jos\u00e9 Ram\u00f3n Castro, Teresa Dom\u00ednguez, Juan L\u00f3pez-Cancio, Diego Bar\u00f3n y Fernando Osuna.\n    <\/p>\n<p>                                                            <img decoding=\"async\" loading=\"lazy\" src=\"https:\/\/www.europesays.com\/es\/wp-content\/uploads\/2025\/11\/0479f904-831b-4e77-891d-b462d971a4f2_16-9-aspect-ratio_1600w_0.jpg\" alt=\"Jos\u00e9 Keko Romero, la galerista Luc\u00eda Benot y Concha Garc\u00eda Calzada,  visitando la exposici\u00f3n.\" title=\"Jos\u00e9 Keko Romero, la galerista Luc\u00eda Benot y Concha Garc\u00eda Calzada,  visitando la exposici\u00f3n.\" height=\"900\" width=\"1600\"\/><\/p>\n<p>            Jos\u00e9 Keko Romero, la galerista Luc\u00eda Benot y Concha Garc\u00eda Calzada,  visitando la exposici\u00f3n.<br \/>\n                    \/ Ignacio Casas de Ciria<\/p>\n<p>                                                            <img decoding=\"async\" loading=\"lazy\" src=\"https:\/\/www.europesays.com\/es\/wp-content\/uploads\/2025\/11\/0319ae04-5d11-49ca-a536-f6dc5ae79f44_16-9-aspect-ratio_1600w_0.jpg\" alt=\"Juan L\u00f3pez Cancio, Marisa Rebolledo, Fernando Osuna, Faly Benot y el pintor Pepe Palacios coincidieron durante la inauguraci\u00f3n de la muestra.\" title=\"Juan L\u00f3pez Cancio, Marisa Rebolledo, Fernando Osuna, Faly Benot y el pintor Pepe Palacios coincidieron durante la inauguraci\u00f3n de la muestra.\" height=\"900\" width=\"1600\"\/><\/p>\n<p>            Juan L\u00f3pez Cancio, Marisa Rebolledo, Fernando Osuna, Faly Benot y el pintor Pepe Palacios coincidieron durante la inauguraci\u00f3n de la muestra.<br \/>\n                    \/ Ignacio Casas de Ciria<\/p>\n","protected":false},"excerpt":{"rendered":"La Galer\u00eda Benot se ha vestido de gala con motivo del 30 aniversario de colaboraci\u00f3n del pintor Ricardo&hellip;\n","protected":false},"author":2,"featured_media":252332,"comment_status":"","ping_status":"","sticky":false,"template":"","format":"standard","meta":{"footnotes":""},"categories":[173],"tags":[1881,9807,229,233,231,230,232,234,146,147,25,24,9192,475,23,62636],"class_list":{"0":"post-252331","1":"post","2":"type-post","3":"status-publish","4":"format-standard","5":"has-post-thumbnail","7":"category-arte-y-diseno","8":"tag-1881","9":"tag-aniversario","10":"tag-arte","11":"tag-arte-y-diseno","12":"tag-arts","13":"tag-arts-and-design","14":"tag-design","15":"tag-diseno","16":"tag-entertainment","17":"tag-entretenimiento","18":"tag-es","19":"tag-espana","20":"tag-galeria","21":"tag-pintor","22":"tag-spain","23":"tag-urrejola"},"share_on_mastodon":{"url":"https:\/\/pubeurope.com\/@es\/115602040314872317","error":""},"_links":{"self":[{"href":"https:\/\/www.europesays.com\/es\/wp-json\/wp\/v2\/posts\/252331","targetHints":{"allow":["GET"]}}],"collection":[{"href":"https:\/\/www.europesays.com\/es\/wp-json\/wp\/v2\/posts"}],"about":[{"href":"https:\/\/www.europesays.com\/es\/wp-json\/wp\/v2\/types\/post"}],"author":[{"embeddable":true,"href":"https:\/\/www.europesays.com\/es\/wp-json\/wp\/v2\/users\/2"}],"replies":[{"embeddable":true,"href":"https:\/\/www.europesays.com\/es\/wp-json\/wp\/v2\/comments?post=252331"}],"version-history":[{"count":0,"href":"https:\/\/www.europesays.com\/es\/wp-json\/wp\/v2\/posts\/252331\/revisions"}],"wp:featuredmedia":[{"embeddable":true,"href":"https:\/\/www.europesays.com\/es\/wp-json\/wp\/v2\/media\/252332"}],"wp:attachment":[{"href":"https:\/\/www.europesays.com\/es\/wp-json\/wp\/v2\/media?parent=252331"}],"wp:term":[{"taxonomy":"category","embeddable":true,"href":"https:\/\/www.europesays.com\/es\/wp-json\/wp\/v2\/categories?post=252331"},{"taxonomy":"post_tag","embeddable":true,"href":"https:\/\/www.europesays.com\/es\/wp-json\/wp\/v2\/tags?post=252331"}],"curies":[{"name":"wp","href":"https:\/\/api.w.org\/{rel}","templated":true}]}}