{"id":25234,"date":"2025-08-04T15:02:08","date_gmt":"2025-08-04T15:02:08","guid":{"rendered":"https:\/\/www.europesays.com\/es\/25234\/"},"modified":"2025-08-04T15:02:08","modified_gmt":"2025-08-04T15:02:08","slug":"las-cartas-congolenas-que-averguenzan-al-barca-el-mundo","status":"publish","type":"post","link":"https:\/\/www.europesays.com\/es\/25234\/","title":{"rendered":"Las cartas congole\u00f1as que averg\u00fcenzan al Bar\u00e7a &#8211; El Mundo"},"content":{"rendered":"<ol>\n<li><a href=\"https:\/\/news.google.com\/rss\/articles\/CBMie0FVX3lxTE1PVUlKTmxOSzIxcHlPRGxseTNtSERLUzJsdHdOTUQ2dkZQMDJBa1hoZUhLYV9KZHppUG9uWDJQajVLaEE2azFxbVh6ZmQzY3ltTk9kUE9oNzA1U3JWZzNRQVp0RXFQcTVwejZyVlYyWDJmcXU2UlhSUzUwUdIBe0FVX3lxTE85QkZVVG8zQ3kzRUNUT1JIQnZvOFUxcjJuYWFiXzFEX0NIcXdaWkpQcy1Wd1dMYVdrd0k2eF9iekoyVU9XU0lnTVJEVXpyTVY0STl6VU9kLVR6T0UtR1psbHJYSFMzdndKLWRXRlJtdzFBWlNjc0ZhS2RjOA?oc=5\" target=\"_blank\" rel=\"nofollow noopener\">Las cartas congole\u00f1as que averg\u00fcenzan al Bar\u00e7a<\/a>&nbsp;&nbsp;El Mundo<\/li>\n<li><a href=\"https:\/\/news.google.com\/rss\/articles\/CBMitwFBVV95cUxNN3BEUEpVUExSemdpX28zcG5xWWE3NGg0eTNqemhJbGd4MWlncFpwa3lsMlZCa05JMHEyUENTZy1Dajh0QmRHX2F3M3Itck9udUVpQ2p2M3ZIdGlObW5aUG9KZnpVRGRIbWQ4a01UM000UVBlbzV6UTEzejEtTi1Pak8yMHl6REpPQkJsMllSSW5GTmZWOWVrdDlfcWlfb3ZJaEJjSUJlSnl4Z2RWUzJENGpYZlFueVXSAbwBQVVfeXFMUGg0VEM3Mk54VUxzQmVxVTFkTUZWM01ybXd6TXZKeC1CQVhkTUxZT3IxMGhKeG5SdkhkODBfb25IY21ObDQ3emtNNGtlb2VzQ3Rja01ralBYNEJSRFZGdS1qeGE2X2diQmJvTVVUYzlzb0FsRFBuQ2ZyRlhoZGRNLTRmWkY4aDZxZnRDdml2T1FWYU50YmxCaXRTbkJ2MzUzQTB4cVFYajRGRzNQQmpaVXRqNGh6bHd2VXZXODI?oc=5\" target=\"_blank\" rel=\"nofollow noopener\">El acuerdo entre Bar\u00e7a y RD del Congo salpica a Suecia: \u00abNi un c\u00e9ntimo va a ir al patrocinio\u00bb<\/a>&nbsp;&nbsp;El Confidencial<\/li>\n<li><a href=\"https:\/\/news.google.com\/rss\/articles\/CBMikgFBVV95cUxNT2RwTEZVOUcwVldJUEVDWElQMHQtUHZsT1R0NEo4Qmc0cmptY1NsZnI2MVVfeFpzZzRUa0VfNGpqMTlzYlhQX0RFeWQwT1NJalhaUU12TnYyTkpOekJCVFNnMWlRY0VKZm9qTloxUVZhNERaSW9hS1NBMHdkNnZPdnVtRWxkMDN4N1lwQk54N3hvdw?oc=5\" target=\"_blank\" rel=\"nofollow noopener\">UNICEF : El dinero del Congo alimenta al Bar\u00e7a | F\u00fatbol | Deportes<\/a>&nbsp;&nbsp;EL PA\u00cdS<\/li>\n<li><a href=\"https:\/\/news.google.com\/rss\/articles\/CBMiogFBVV95cUxNM0p3Ty1MOWJ5VjVGcEdDcHJCRnVlN3hGeDhVenVmNkN0aVNuS0FFekZMR1lubUt4YU5MYVllOUhDQi1aX1ltd2hhMzZVa2didWRZUmFKZTNtaFRTQ1A3ZGtzdnRlUHVpMUtkbGt3RDRYYzVDM0VMQ0M2NWE0S1VsSmpBdXFKWU5NRnQ2bTl1aFR0TWI0bUN3cGcweFVtVEVRX2c?oc=5\" target=\"_blank\" rel=\"nofollow noopener\">Salvador Sostres: El Bar\u00e7a se mancha en la guerra del Congo<\/a>&nbsp;&nbsp;ABC<\/li>\n<li><a href=\"https:\/\/news.google.com\/rss\/articles\/CBMi2AFBVV95cUxOUGZwcy1NRG44V0JreUhxYU9jSVAtRkljZFJqaUJ2TnpuYUdJNWEyM2tCU1RyWTBlTWNXajR6TUhsbmlCQUc0ck5nNTdVYXZMYUtsWXo4R2plbUxkLVZZM3V3NmpzeXRMRVluUE5XX0FjNkd2NUpEMG1IVWN2eW1GTmIxSjdDX0NxR0lCcUdURzJlbWlJQUtUMjdubHNNSmMxWDIxQ0FIbGRncFBISEt3aUE1akQzY3RUY2gzdWlBVTBVZWwtWDVfRHo2d0lMUDl2ZkdHWHd6R3fSAewBQVVfeXFMUHJ1cGlkN2FmNm9fRnVmMm5wdkpkOGZ1X0FHU3pzbTM1SFFoa2wyVzZhRGc5R25udVZxaDF4S21rNUFqemM0bnBrUzBZNEdYYncxS04zMDNqQVZ0dDFkWTEzNEVnRXFjbGVFZm5xUnNPYnZqTnA2MEp5NkdiNm5mRkxVa0tGSnhDb3I5bUhQR3VLcG1aQlpiMVJWNlVyYUR4bWpaalJBNWE3T1hLMHZINGE5VThoTGo3amh3TVliWEFraDZFSnMyaEdSS2dxd3Brd2VhcExzb0l2eFEtVEw0bWhSdExOUUxMWHhiWU4?oc=5\" target=\"_blank\" rel=\"nofollow noopener\">El Barca, en el punto de mira en Suecia por la \u00faltima palanca de Joan Laporta: \u00abNi un s\u00f3lo c\u00e9ntimo&#8230;&amp;quo<\/a>&nbsp;&nbsp;La Raz\u00f3n<\/li>\n<\/ol>\n","protected":false},"excerpt":{"rendered":"Las cartas congole\u00f1as que averg\u00fcenzan al Bar\u00e7a&nbsp;&nbsp;El Mundo El acuerdo entre Bar\u00e7a y RD del Congo salpica a&hellip;\n","protected":false},"author":2,"featured_media":25235,"comment_status":"","ping_status":"","sticky":false,"template":"","format":"standard","meta":{"footnotes":""},"categories":[93],"tags":[5404,210,5293,168,25,24,881,4467,23,167],"class_list":{"0":"post-25234","1":"post","2":"type-post","3":"status-publish","4":"format-standard","5":"has-post-thumbnail","7":"category-deportes","8":"tag-africa","9":"tag-barcelona","10":"tag-cronica","11":"tag-deportes","12":"tag-es","13":"tag-espana","14":"tag-fc-barcelona","15":"tag-joan-laporta","16":"tag-spain","17":"tag-sports"},"share_on_mastodon":{"url":"","error":""},"_links":{"self":[{"href":"https:\/\/www.europesays.com\/es\/wp-json\/wp\/v2\/posts\/25234","targetHints":{"allow":["GET"]}}],"collection":[{"href":"https:\/\/www.europesays.com\/es\/wp-json\/wp\/v2\/posts"}],"about":[{"href":"https:\/\/www.europesays.com\/es\/wp-json\/wp\/v2\/types\/post"}],"author":[{"embeddable":true,"href":"https:\/\/www.europesays.com\/es\/wp-json\/wp\/v2\/users\/2"}],"replies":[{"embeddable":true,"href":"https:\/\/www.europesays.com\/es\/wp-json\/wp\/v2\/comments?post=25234"}],"version-history":[{"count":0,"href":"https:\/\/www.europesays.com\/es\/wp-json\/wp\/v2\/posts\/25234\/revisions"}],"wp:featuredmedia":[{"embeddable":true,"href":"https:\/\/www.europesays.com\/es\/wp-json\/wp\/v2\/media\/25235"}],"wp:attachment":[{"href":"https:\/\/www.europesays.com\/es\/wp-json\/wp\/v2\/media?parent=25234"}],"wp:term":[{"taxonomy":"category","embeddable":true,"href":"https:\/\/www.europesays.com\/es\/wp-json\/wp\/v2\/categories?post=25234"},{"taxonomy":"post_tag","embeddable":true,"href":"https:\/\/www.europesays.com\/es\/wp-json\/wp\/v2\/tags?post=25234"}],"curies":[{"name":"wp","href":"https:\/\/api.w.org\/{rel}","templated":true}]}}