{"id":252349,"date":"2025-11-24T01:28:17","date_gmt":"2025-11-24T01:28:17","guid":{"rendered":"https:\/\/www.europesays.com\/es\/252349\/"},"modified":"2025-11-24T01:28:17","modified_gmt":"2025-11-24T01:28:17","slug":"cientificos-descubren-que-el-estrecho-de-gibraltar-esta-a-punto-de-desaparecer-va-a-ser-pronto","status":"publish","type":"post","link":"https:\/\/www.europesays.com\/es\/252349\/","title":{"rendered":"Cient\u00edficos descubren que el Estrecho de Gibraltar est\u00e1 \u00aba punto de desaparecer\u00bb: \u00abVa a ser pronto\u00bb"},"content":{"rendered":"<p>El Estrecho de Gibraltar separa Europa de \u00c1frica, y m\u00e1s concretamente, <a title=\"Espa\u00f1a de Marruecos\" href=\"https:\/\/www.larazon.es\/economia\/marruecos-celebra-que-espana-disene-primer-proyecto-tunel-estrecho-gibraltar_202511216920801bdf41134465e3da1a.html\" target=\"_blank\" rel=\"nofollow noopener\">Espa\u00f1a de Marruecos<\/a>, as\u00ed como es el paso del mar Mediterr\u00e1neo al oc\u00e9ano Atl\u00e1ntico. Un arco que se form\u00f3 hace millones de a\u00f1os y que, seg\u00fan un estudio cient\u00edfico, podr\u00eda <b>estar \u00abpronto\u00bb de desaparecer,<\/b> as\u00ed como<b> los dos continentes volver\u00edan a unirse.<\/b><\/p>\n<p>Se trata de un estudio que fue publicado por la Sociedad Geol\u00f3gica de Am\u00e9rica, resultado de una colaboraci\u00f3n entre ge\u00f3logos portugueses y alemanes, desarrollando un <b>modelo inform\u00e1tico tridimensional para calcular el fen\u00f3meno.<\/b> Un estudio llevado a cabo por profesores de la Facultad de Ciencias de la Universidad de Lisboa e investigadores del Instituto Dom Luiz (Jo\u00e3o Duarte y Filipe Rosas) e investigadores de la Universidad Johannes Gutenberg de Mainz (Nicolas Riel, Anton Popov, Christian Schuler y Boris Kaus).<\/p>\n<p>En el estudio, se demuestra que las fuerzas tect\u00f3nicas del Estrecho de Gibraltar, es decir, el l\u00edmite entre las<b> placas tect\u00f3nicas africana y euroasi\u00e1tica<\/b>, est\u00e1n sufriendo un cambio: en concreto, se est\u00e1<b> hundiendo la placa del Mediterr\u00e1neo occidental bajo la del Atl\u00e1ntico en el estrecho.<\/b><\/p>\n<p>La situaci\u00f3n se le denomina zona de subducci\u00f3n, que se desarroll\u00f3 en la \u00faltima cuenca mediterr\u00e1neo y que aunque muchos consideraban que estaba inactiva, lo cierto es que continua su actividad, algo que se puede demostrar sobre todo por la cantidad de se\u00edsmos que se dan en la zona (algunos tan significativos como los del Alto Atlas).<\/p>\n<p>Adi\u00f3s al Estrecho de Gibraltar: Europa y \u00c1frica volver\u00e1n a estar unidas, seg\u00fan un estudio<\/p>\n<p>Los investigadores ponen en contexto, para predecir este cambio en el Estrecho de Gibraltar, que \u00abpara que un oc\u00e9ano como el Atl\u00e1ntico deje de crecer y comience a cerrarse, deben formarse nuevas zonas de subducci\u00f3n en su interior: \u00e1reas donde dos placas tect\u00f3nicas convergen y una se sumerge debajo de la otra\u00bb. No obstante, matizan que \u00abes dif\u00edcil formar nuevas zonas de subducci\u00f3n, ya que el proceso requiere que las placas tect\u00f3nicas se fracturen y se doblen, pero las placas son muy fuertes y resistentes\u00bb.<\/p>\n<p>As\u00ed, con respecto al Estrecho de Gibraltar, explican que \u00abuna posible soluci\u00f3n es considerar que las zonas de subducci\u00f3n pueden migrar desde un oc\u00e9ano al final de su vida (como el Mediterr\u00e1neo) a oc\u00e9anos en el apogeo de su vida geol\u00f3gica (como el Atl\u00e1ntico)\u00bb.<\/p>\n<p>De esta forma, los cient\u00edficos concluyen que el Estrecho de Gibraltar est\u00e1 \u00aba punto de desaparecer\u00bb, aunque <b>ser\u00e1 dentro de 20 millones de a\u00f1os<\/b>, seg\u00fan demuestra la investigaci\u00f3n. Los modelos, adem\u00e1s, muestran c\u00f3mo una zona de subducci\u00f3n que comienza en un oc\u00e9ano que se cierra.<\/p>\n<p>\u00abLa invasi\u00f3n por subducci\u00f3n es probablemente un mecanismo com\u00fan de inicio de subducci\u00f3n en oc\u00e9anos de tipo Atl\u00e1ntico y un proceso fundamental en la reciente evoluci\u00f3n geol\u00f3gica de la Tierra\u00bb.<\/p>\n<p>Asimismo, hablan de la <b>creaci\u00f3n de un Anillo de Fuego \u00absimilar al del Pac\u00edfico<\/b>, una cadena tect\u00f3nica de cuarenta mil kil\u00f3metros que tiene forma de herradura y se caracteriza por una gran actividad s\u00edsmica y volc\u00e1nica\u00bb.<\/p>\n","protected":false},"excerpt":{"rendered":"El Estrecho de Gibraltar separa Europa de \u00c1frica, y m\u00e1s concretamente, Espa\u00f1a de Marruecos, as\u00ed como es el&hellip;\n","protected":false},"author":2,"featured_media":252350,"comment_status":"","ping_status":"","sticky":false,"template":"","format":"standard","meta":{"footnotes":""},"categories":[8],"tags":[17,18,25,24,13,14,11,19,20,9,10,15,16,23,12,21,22],"class_list":{"0":"post-252349","1":"post","2":"type-post","3":"status-publish","4":"format-standard","5":"has-post-thumbnail","7":"category-espana","8":"tag-breaking-news","9":"tag-breakingnews","10":"tag-es","11":"tag-espana","12":"tag-featured-news","13":"tag-featurednews","14":"tag-headlines","15":"tag-latest-news","16":"tag-latestnews","17":"tag-news","18":"tag-noticias","19":"tag-noticias-destacadas","20":"tag-noticiasdestacadas","21":"tag-spain","22":"tag-titulares","23":"tag-ultimas-noticias","24":"tag-ultimasnoticias"},"share_on_mastodon":{"url":"https:\/\/pubeurope.com\/@es\/115602083286786807","error":""},"_links":{"self":[{"href":"https:\/\/www.europesays.com\/es\/wp-json\/wp\/v2\/posts\/252349","targetHints":{"allow":["GET"]}}],"collection":[{"href":"https:\/\/www.europesays.com\/es\/wp-json\/wp\/v2\/posts"}],"about":[{"href":"https:\/\/www.europesays.com\/es\/wp-json\/wp\/v2\/types\/post"}],"author":[{"embeddable":true,"href":"https:\/\/www.europesays.com\/es\/wp-json\/wp\/v2\/users\/2"}],"replies":[{"embeddable":true,"href":"https:\/\/www.europesays.com\/es\/wp-json\/wp\/v2\/comments?post=252349"}],"version-history":[{"count":0,"href":"https:\/\/www.europesays.com\/es\/wp-json\/wp\/v2\/posts\/252349\/revisions"}],"wp:featuredmedia":[{"embeddable":true,"href":"https:\/\/www.europesays.com\/es\/wp-json\/wp\/v2\/media\/252350"}],"wp:attachment":[{"href":"https:\/\/www.europesays.com\/es\/wp-json\/wp\/v2\/media?parent=252349"}],"wp:term":[{"taxonomy":"category","embeddable":true,"href":"https:\/\/www.europesays.com\/es\/wp-json\/wp\/v2\/categories?post=252349"},{"taxonomy":"post_tag","embeddable":true,"href":"https:\/\/www.europesays.com\/es\/wp-json\/wp\/v2\/tags?post=252349"}],"curies":[{"name":"wp","href":"https:\/\/api.w.org\/{rel}","templated":true}]}}