{"id":252351,"date":"2025-11-24T01:29:15","date_gmt":"2025-11-24T01:29:15","guid":{"rendered":"https:\/\/www.europesays.com\/es\/252351\/"},"modified":"2025-11-24T01:29:15","modified_gmt":"2025-11-24T01:29:15","slug":"el-eibar-vuelve-de-vacio-de-valdebebas-sd-eibar","status":"publish","type":"post","link":"https:\/\/www.europesays.com\/es\/252351\/","title":{"rendered":"El Eibar vuelve de vac\u00edo de Valdebebas | SD Eibar"},"content":{"rendered":"<p>El Eibar llegaba al Alfredo Di St\u00e9fano con una tarea muy dif\u00edcil. Puntuar, en un momento en el que adem\u00e1s los rivales directos tambi\u00e9n siguen sumando, era importante para el Eibar; pero ante un rival de lo alto de la tabla.<\/p>\n<p>El Real Madrid ha comenzado el encuentro con una clara declaraci\u00f3n de intenciones: un tempranero gol en el segundo minuto del encuentro. Marcaba Weir, al ras de fuera de juego \u2014que la colegiada ha considerado legal\u2014 con el que, las de I\u00f1aki Goikoetxea pod\u00edan haberse venido abajo. Lejos de ello, el equipo ha levantado el muro alrededor de Eunate y lo ha intentado tambi\u00e9n en la ofensiva: jugando mucho m\u00e1s en campo contrario en ese primer cuarto de hora. Rozando el 15&#8242;, Sara Mart\u00edn forzaba un saque de esquina, ocasi\u00f3n m\u00e1s clara para el Eibar por el momento, que no lograba rematar.\u00a0<\/p>\n<p>Cumplida la primera media hora del encuentro, un duro golpe entre Eunate e Iris en el aire hac\u00eda salir a la asistencia m\u00e9dica, pero afortunadamente todo ha quedado en un susto. Ha seguido el Real Madrid imponiendo su juego, pero sin evitar que el Eibar tambi\u00e9n intentase aprovechar cualquier ocasi\u00f3n para igualar el marcador. Cerca ha estado Carla con un remate de cabeza a un saque de esquina, y minutos despu\u00e9s Garazi desde la frontal del \u00e1rea. Pero finalmente, con el 1-0 en el marcador se han marchado las 22 jugadoras al vestuario.\u00a0<\/p>\n<p>El juego se ha reanudado de igual manera, pero en el 47, ha marcado el segundo el Real Madrid. De nuevo ha anotado Weir. La sensaci\u00f3n, sin embargo, era de competici\u00f3n. Sobrepasada la primera hora de partido, el Real Madrid hab\u00eda disparado a puerta hasta ocho veces, mientras el Eibar lo hab\u00eda hecho en cuatro ocasiones, con mucha menos fortuna.\u00a0<\/p>\n<p>En el minuto 70, han llegado los primeros cambios: Iara Lacosta sustitu\u00eda a Emma Moreno y Adela Rico a Amaia Iribarren. Minutos despu\u00e9s, tambi\u00e9n han salido al terreno de juego Ane Etxezarreta y Opa Clement, sustituyendo a Alimata y Carmen \u00c1lvarez. Al Eibar, le han venido bien los cambios a nivel f\u00edsico, que ya comenzaba a notar la fatiga en algunas de sus jugadoras. Eunate Astralaga hac\u00eda un parad\u00f3n en el 82, evitando el tercero, que llegaba finalmente unos minutos despu\u00e9s de la mano de Roc\u00edo.\u00a0<\/p>\n<p>La pr\u00f3xima semana, el Eibar parar\u00e1 por el par\u00f3n de selecciones, lo que supondr\u00e1 una buena oportunidad para recobrar fuerzas de cara a un partido contra el que solo valdr\u00e1 puntuar: las de I\u00f1aki Goikoetxea viajar\u00e1n a Logro\u00f1o para enfrentarse al DUX, que todav\u00eda no conoce la victoria en lo que va de temporada.\u00a0<\/p>\n","protected":false},"excerpt":{"rendered":"El Eibar llegaba al Alfredo Di St\u00e9fano con una tarea muy dif\u00edcil. Puntuar, en un momento en el&hellip;\n","protected":false},"author":2,"featured_media":252352,"comment_status":"","ping_status":"","sticky":false,"template":"","format":"standard","meta":{"footnotes":""},"categories":[5],"tags":[17,18,25,24,13,14,11,19,20,9,10,15,16,23,12,21,22],"class_list":{"0":"post-252351","1":"post","2":"type-post","3":"status-publish","4":"format-standard","5":"has-post-thumbnail","7":"category-titulares","8":"tag-breaking-news","9":"tag-breakingnews","10":"tag-es","11":"tag-espana","12":"tag-featured-news","13":"tag-featurednews","14":"tag-headlines","15":"tag-latest-news","16":"tag-latestnews","17":"tag-news","18":"tag-noticias","19":"tag-noticias-destacadas","20":"tag-noticiasdestacadas","21":"tag-spain","22":"tag-titulares","23":"tag-ultimas-noticias","24":"tag-ultimasnoticias"},"share_on_mastodon":{"url":"https:\/\/pubeurope.com\/@es\/115602087164735484","error":""},"_links":{"self":[{"href":"https:\/\/www.europesays.com\/es\/wp-json\/wp\/v2\/posts\/252351","targetHints":{"allow":["GET"]}}],"collection":[{"href":"https:\/\/www.europesays.com\/es\/wp-json\/wp\/v2\/posts"}],"about":[{"href":"https:\/\/www.europesays.com\/es\/wp-json\/wp\/v2\/types\/post"}],"author":[{"embeddable":true,"href":"https:\/\/www.europesays.com\/es\/wp-json\/wp\/v2\/users\/2"}],"replies":[{"embeddable":true,"href":"https:\/\/www.europesays.com\/es\/wp-json\/wp\/v2\/comments?post=252351"}],"version-history":[{"count":0,"href":"https:\/\/www.europesays.com\/es\/wp-json\/wp\/v2\/posts\/252351\/revisions"}],"wp:featuredmedia":[{"embeddable":true,"href":"https:\/\/www.europesays.com\/es\/wp-json\/wp\/v2\/media\/252352"}],"wp:attachment":[{"href":"https:\/\/www.europesays.com\/es\/wp-json\/wp\/v2\/media?parent=252351"}],"wp:term":[{"taxonomy":"category","embeddable":true,"href":"https:\/\/www.europesays.com\/es\/wp-json\/wp\/v2\/categories?post=252351"},{"taxonomy":"post_tag","embeddable":true,"href":"https:\/\/www.europesays.com\/es\/wp-json\/wp\/v2\/tags?post=252351"}],"curies":[{"name":"wp","href":"https:\/\/api.w.org\/{rel}","templated":true}]}}