{"id":252357,"date":"2025-11-24T01:39:11","date_gmt":"2025-11-24T01:39:11","guid":{"rendered":"https:\/\/www.europesays.com\/es\/252357\/"},"modified":"2025-11-24T01:39:11","modified_gmt":"2025-11-24T01:39:11","slug":"el-talento-corunes-afincado-en-nueva-york-reunido-en-una-cafeteria-llamada-riazor","status":"publish","type":"post","link":"https:\/\/www.europesays.com\/es\/252357\/","title":{"rendered":"El talento coru\u00f1\u00e9s afincado en Nueva York, reunido en una cafeter\u00eda llamada Riazor"},"content":{"rendered":"<p class=\"paragraph\" id=\"paragraph_1\">La ciudad que nunca duerme tambi\u00e9n tiene rincones que huelen un poco a <strong>mar de Orz\u00e1n<\/strong>. Uno de ellos es el hist\u00f3rico <strong>Caf\u00e9 Riazor, en pleno barrio de Chelsea<\/strong>, un local fundado en 1974 que mantiene como emblema la playa coru\u00f1esa del mismo nombre.<\/p>\n<p><img loading=\"lazy\" decoding=\"async\" alt=\"Imagen del acto.\" height=\"180\" src=\"https:\/\/www.europesays.com\/es\/wp-content\/uploads\/2025\/11\/1003744025227_260088812_320x180.jpg\" width=\"320\" data-lazy-status=\"processed\" data-lazy-info=\"remove loading item 1\"\/><\/p>\n<p class=\"paragraph\" id=\"paragraph_2\">All\u00ed, entre tazas de caf\u00e9 y recuerdos de la ciudad, <strong>la alcaldesa In\u00e9s Rey<\/strong> y el presidente de la<strong> Autoridad Portuaria, Mart\u00edn Fern\u00e1ndez Prado<\/strong>, aprovechando su visita por el Congreso de Ciudades y Puertos celebrado en Nueva York esta semana, se reunieron este s\u00e1bado con un grupo de coru\u00f1eses afincados en la ciudad estadounidense que desarrollan su carrera profesional en la Gran Manzana.<\/p>\n<p class=\"paragraph\" id=\"paragraph_3\">Al encuentro acudieron perfiles de distintos \u00e1mbitos \u2014<strong>cient\u00edfico, tecnol\u00f3gico, period\u00edstico, acad\u00e9mico y cultural<\/strong>\u2014 que llevan a\u00f1os dejando huella fuera de Galicia.<\/p>\n<p class=\"paragraph\" id=\"paragraph_4\">Durante la conversaci\u00f3n se habl\u00f3 del futuro de A Coru\u00f1a, de innovaci\u00f3n y ciencia, y de c\u00f3mo todos ellos, desde la distancia, pueden seguir contribuyendo a que la ciudad gane <strong>presencia internacional.<\/strong><\/p>\n<p class=\"paragraph\" id=\"paragraph_5\">Rey destac\u00f3 el orgullo que supone para A Coru\u00f1a contar con profesionales que lideran proyectos de referencia en lugares tan competitivos como Nueva York. Y puso el foco en las <strong>mujeres cient\u00edficas presentes,<\/strong> a las que defini\u00f3 como \u00abun ejemplo de excelencia\u00bb:<\/p>\n<p class=\"paragraph\" id=\"paragraph_6\">\u00abEs un honor contar con investigadoras que est\u00e1n haciendo avanzar la neurolog\u00eda, la gen\u00e9tica o el tratamiento del c\u00e1ncer. Son un orgullo para A Coru\u00f1a y una inspiraci\u00f3n para las nuevas generaciones, especialmente para las ni\u00f1as que sue\u00f1an con dedicarse a la ciencia\u00bb, se dirig\u00eda a ellos la alcaldesa.<\/p>\n<p>Profesionales de todos los sectores<\/p>\n<p class=\"paragraph\" id=\"paragraph_7\">Entre los asistentes estuvieron <strong>Susana Mart\u00ednez-Conde<\/strong>, profesora en la Universidad Estatal de Nueva York y experta en oftalmolog\u00eda y neurociencia;<strong>\u00a0Juana Fern\u00e1ndez, ingeniera en Microsoft<\/strong> y una de las 100 mujeres m\u00e1s influyentes de Galicia; Sandra Barral, <strong>investigadora en gen\u00e9tica y Alzheimer en la Universidad de Columbia<\/strong>; y<strong>\u00a0Vera Garc\u00eda Outeiral, posdoctoral en Columbia<\/strong> centrada en nuevas terapias contra el carcinoma hepatocelular.<\/p>\n<p class=\"paragraph\" id=\"paragraph_8\">Tambi\u00e9n participaron profesionales de otros \u00e1mbitos, como el periodista coru\u00f1\u00e9s<strong> \u00c1lex Maro\u00f1o Porto<\/strong>, editor asociado en <strong>The Atlantic<\/strong>, y el arquitecto <strong>Sergio Pardo L\u00f3pez,<\/strong> que trabaja en el <strong>Departamento de Asuntos Culturales de la Ciudad de Nueva York.<\/strong><\/p>\n<p class=\"paragraph\" id=\"paragraph_9\">El presidente de la<strong> Autoridad Portuaria, Mart\u00edn Fern\u00e1ndez Prado,<\/strong> destac\u00f3 el inter\u00e9s mostrado por estos profesionales hacia Coru\u00f1a Mar\u00edtima, un proyecto que \u2014seg\u00fan asegur\u00f3\u2014 puede abrir nuevas oportunidades para la ciudad.<\/p>\n<p>\u00abA Coru\u00f1a no entiende de distancias\u00bb<\/p>\n<p class=\"paragraph\" id=\"paragraph_10\">Entre los <strong>muros del Caf\u00e9 Riazor<\/strong>, donde cuelgan fotos antiguas y ondea un trocito de identidad herculina, la alcaldesa resumi\u00f3 el esp\u00edritu del encuentro con una frase: \u00abEste local es la prueba de que A Coru\u00f1a no entiende de distancias\u00bb.<\/p>\n<p class=\"paragraph\" id=\"paragraph_11\">Y quiz\u00e1 esa sea la clave: que por muy lejos que uno est\u00e9, siempre habr\u00e1 un lugar donde el acento se reconoce, la nostalgia se comparte\u2026 y las ra\u00edces siguen vivas, incluso en Nueva York.<\/p>\n","protected":false},"excerpt":{"rendered":"La ciudad que nunca duerme tambi\u00e9n tiene rincones que huelen un poco a mar de Orz\u00e1n. Uno de&hellip;\n","protected":false},"author":2,"featured_media":252358,"comment_status":"","ping_status":"","sticky":false,"template":"","format":"standard","meta":{"footnotes":""},"categories":[174],"tags":[5843,39615,255,6689,146,147,25,24,256,896,23],"class_list":{"0":"post-252357","1":"post","2":"type-post","3":"status-publish","4":"format-standard","5":"has-post-thumbnail","7":"category-famosos","8":"tag-a-coruna","9":"tag-a-coruna-ciudad","10":"tag-celebrities","11":"tag-comarca-de-a-coruna","12":"tag-entertainment","13":"tag-entretenimiento","14":"tag-es","15":"tag-espana","16":"tag-famosos","17":"tag-nueva-york","18":"tag-spain"},"share_on_mastodon":{"url":"https:\/\/pubeurope.com\/@es\/115602126973737060","error":""},"_links":{"self":[{"href":"https:\/\/www.europesays.com\/es\/wp-json\/wp\/v2\/posts\/252357","targetHints":{"allow":["GET"]}}],"collection":[{"href":"https:\/\/www.europesays.com\/es\/wp-json\/wp\/v2\/posts"}],"about":[{"href":"https:\/\/www.europesays.com\/es\/wp-json\/wp\/v2\/types\/post"}],"author":[{"embeddable":true,"href":"https:\/\/www.europesays.com\/es\/wp-json\/wp\/v2\/users\/2"}],"replies":[{"embeddable":true,"href":"https:\/\/www.europesays.com\/es\/wp-json\/wp\/v2\/comments?post=252357"}],"version-history":[{"count":0,"href":"https:\/\/www.europesays.com\/es\/wp-json\/wp\/v2\/posts\/252357\/revisions"}],"wp:featuredmedia":[{"embeddable":true,"href":"https:\/\/www.europesays.com\/es\/wp-json\/wp\/v2\/media\/252358"}],"wp:attachment":[{"href":"https:\/\/www.europesays.com\/es\/wp-json\/wp\/v2\/media?parent=252357"}],"wp:term":[{"taxonomy":"category","embeddable":true,"href":"https:\/\/www.europesays.com\/es\/wp-json\/wp\/v2\/categories?post=252357"},{"taxonomy":"post_tag","embeddable":true,"href":"https:\/\/www.europesays.com\/es\/wp-json\/wp\/v2\/tags?post=252357"}],"curies":[{"name":"wp","href":"https:\/\/api.w.org\/{rel}","templated":true}]}}