{"id":252359,"date":"2025-11-24T01:40:14","date_gmt":"2025-11-24T01:40:14","guid":{"rendered":"https:\/\/www.europesays.com\/es\/252359\/"},"modified":"2025-11-24T01:40:14","modified_gmt":"2025-11-24T01:40:14","slug":"esta-casa-moderna-une-el-estilo-mediterraneo-con-un-giro-contemporaneo","status":"publish","type":"post","link":"https:\/\/www.europesays.com\/es\/252359\/","title":{"rendered":"Esta casa moderna une el estilo mediterr\u00e1neo con un giro contempor\u00e1neo"},"content":{"rendered":"<p><img decoding=\"async\" alt=\"cocinita de juguete\" loading=\"lazy\" class=\"ResponsiveImageContainer-eNxvmU cfBbTk responsive-image__image\"   src=\"https:\/\/www.europesays.com\/es\/wp-content\/uploads\/2025\/11\/1763948411_599_Cubro-Mar-013W.jpg\"\/><\/p>\n<p>Un poster de David Shrigley preside la zona de juegos y la llena de color.<\/p>\n<p>@sergio_pradana<\/p>\n<p>\u201cPara poder <strong>modificar la distribuci\u00f3n y conservar las <a href=\"https:\/\/www.admagazine.com\/galerias\/casa-moderna-la-nueva-vida-elegante-de-una-construccion-historica\" rel=\"nofollow noopener\" target=\"_blank\">b\u00f3vedas originales de la casa moderna<\/a><\/strong>, fue necesario apuntalar toda la casa e incorporar nuevas vigas estructurales, tanto en la parte superior como en la inferior. Adem\u00e1s, se decidi\u00f3 abrir lucernarios en la planta superior, un gesto que a\u00f1adi\u00f3 un nivel extra de complejidad, ya que el techo original presentaba una estructura antigua y delicada\u201d, contin\u00faa Torrent\u00f3.<\/p>\n<p>Para hacer realidad este equilibrio entre tradici\u00f3n, t\u00e9cnica y sustentabilidad, contaron con dos aliados locales con gran experiencia en rehabilitaciones y reformas sostenibles, el estudio de arquitectura Taller 17300 y la constructora Juanjo.<\/p>\n<p>Un regalo inesperado<\/p>\n<p>Las dificultades trajeron tambi\u00e9n algunas alegr\u00edas, como el descubrimiento de los preciosos techos originales abovedados. \u201cLos ladrillos estaban en excelente condici\u00f3n y, en algunos, incluso aparecieron inscripciones de la \u00e9poca de su construcci\u00f3n, un hallazgo lleno de historia y encanto\u201d, explica la directora de Salat Studio.<\/p>\n<p><img decoding=\"async\" alt=\"cocina de casa moderna\" loading=\"lazy\" class=\"ResponsiveImageContainer-eNxvmU cfBbTk responsive-image__image\"   src=\"https:\/\/www.europesays.com\/es\/wp-content\/uploads\/2025\/11\/1763948412_982_Cubro-Mar-011W.jpg\"\/><\/p>\n<p>Entre la cocina y la sala, al fondo, se dej\u00f3 un gran espacio di\u00e1fano que funciona de espacio de juegos para las ni\u00f1as.<\/p>\n<p>@sergio_pradana<img decoding=\"async\" alt=\"sala de casa moderna\" loading=\"lazy\" class=\"ResponsiveImageContainer-eNxvmU cfBbTk responsive-image__image\"   src=\"https:\/\/www.europesays.com\/es\/wp-content\/uploads\/2025\/11\/1763948413_716_Cubro-Mar-014W.jpg\"\/><\/p>\n<p>La sala se ubic\u00f3 en la zona original de la <strong>casa moderna<\/strong>, m\u00e1s sombr\u00eda, donde el tipo de luz favorece la relajaci\u00f3n y el descanso.<\/p>\n<p>@sergio_pradana<\/p>\n<p>Toda <a href=\"https:\/\/www.admagazine.com\/articulos\/casa-moderna-un-espacio-en-equilibrio-que-no-olvida-el-pasado\" rel=\"nofollow noopener\" target=\"_blank\">la <strong>casa moderna<\/strong> es un equilibrio<\/a> sereno del hoy y del ayer. En la planta baja se dio forma a un espacio di\u00e1fano y flexible que alberga la cocina y el comedor, junto al patio, y la sala en la zona m\u00e1s sombr\u00eda, donde la luz entra con m\u00e1s suavidad. El car\u00e1cter de las b\u00f3vedas y los arcos se contrarresta, por ejemplo, con detalles como las ventanas y vigas verdes que la llenan de personalidad. La combinaci\u00f3n de suelo de hormig\u00f3n pulido, techos de ladrillo visto \u2014la tradicional volta catalana\u2014 y madera en la cocina llena de riqueza el lienzo.<\/p>\n<p>\u201cElegimos CUBRO por la amplia variedad de opciones de personalizaci\u00f3n y por su excelente equilibrio entre calidad y precio. En la cocina optamos por acabados en roble y el tirador Pill, por su atemporalidad, autenticidad y calidez. <strong>Su dise\u00f1o permite realzar otros elementos del espacio,<\/strong> como el verde de las ventanas, el terrazo de la encimera o el tono burdeos de las l\u00e1mparas\u201d, dice.<\/p>\n<p><img decoding=\"async\" alt=\"cocina de casa moderna\" loading=\"lazy\" class=\"ResponsiveImageContainer-eNxvmU cfBbTk responsive-image__image\"   src=\"https:\/\/www.europesays.com\/es\/wp-content\/uploads\/2025\/11\/1763948414_507_Cubro-Mar-001W.jpg\"\/><\/p>\n<p>\u201cElegimos CUBRO por la amplia variedad de opciones de personalizaci\u00f3n \u2014medidas, colores y acabados\u2014 y por su excelente equilibrio entre calidad y precio. Adem\u00e1s, la marca refleja un estilo de vida y una est\u00e9tica muy afines a los nuestros\u201d, a\u00f1ade Torrent\u00f3.<\/p>\n<p>@sergio_pradanaUna redistribuci\u00f3n tras la remodelaci\u00f3n<\/p>\n<p>La planta superior fue la m\u00e1s compleja del proyecto, \u201cya que hubo que reorganizar todos los espacios, adem\u00e1s de realizar la ampliaci\u00f3n\u201d, a\u00f1ade Torrent\u00f3. Para ello, se separaron las zonas de noche de las de trabajo mediante un ba\u00f1o central y una zona de lavander\u00eda. Los suelos y puertas se eligieron aqu\u00ed de madera y se pintaron las nuevas vigas de blanco. Para los armarios, eligieron puertas lacadas en tonos claros de CUBRO \u201cbuscando un ambiente m\u00e1s ligero y tranquilo\u201d.<\/p>\n","protected":false},"excerpt":{"rendered":"Un poster de David Shrigley preside la zona de juegos y la llena de color. @sergio_pradana \u201cPara poder&hellip;\n","protected":false},"author":2,"featured_media":252360,"comment_status":"","ping_status":"","sticky":false,"template":"","format":"standard","meta":{"footnotes":""},"categories":[173],"tags":[229,233,231,230,3738,232,234,146,147,25,24,12234,23],"class_list":{"0":"post-252359","1":"post","2":"type-post","3":"status-publish","4":"format-standard","5":"has-post-thumbnail","7":"category-arte-y-diseno","8":"tag-arte","9":"tag-arte-y-diseno","10":"tag-arts","11":"tag-arts-and-design","12":"tag-casas","13":"tag-design","14":"tag-diseno","15":"tag-entertainment","16":"tag-entretenimiento","17":"tag-es","18":"tag-espana","19":"tag-interiorismo","20":"tag-spain"},"share_on_mastodon":{"url":"https:\/\/pubeurope.com\/@es\/115602130677929772","error":""},"_links":{"self":[{"href":"https:\/\/www.europesays.com\/es\/wp-json\/wp\/v2\/posts\/252359","targetHints":{"allow":["GET"]}}],"collection":[{"href":"https:\/\/www.europesays.com\/es\/wp-json\/wp\/v2\/posts"}],"about":[{"href":"https:\/\/www.europesays.com\/es\/wp-json\/wp\/v2\/types\/post"}],"author":[{"embeddable":true,"href":"https:\/\/www.europesays.com\/es\/wp-json\/wp\/v2\/users\/2"}],"replies":[{"embeddable":true,"href":"https:\/\/www.europesays.com\/es\/wp-json\/wp\/v2\/comments?post=252359"}],"version-history":[{"count":0,"href":"https:\/\/www.europesays.com\/es\/wp-json\/wp\/v2\/posts\/252359\/revisions"}],"wp:featuredmedia":[{"embeddable":true,"href":"https:\/\/www.europesays.com\/es\/wp-json\/wp\/v2\/media\/252360"}],"wp:attachment":[{"href":"https:\/\/www.europesays.com\/es\/wp-json\/wp\/v2\/media?parent=252359"}],"wp:term":[{"taxonomy":"category","embeddable":true,"href":"https:\/\/www.europesays.com\/es\/wp-json\/wp\/v2\/categories?post=252359"},{"taxonomy":"post_tag","embeddable":true,"href":"https:\/\/www.europesays.com\/es\/wp-json\/wp\/v2\/tags?post=252359"}],"curies":[{"name":"wp","href":"https:\/\/api.w.org\/{rel}","templated":true}]}}