{"id":252361,"date":"2025-11-24T01:42:10","date_gmt":"2025-11-24T01:42:10","guid":{"rendered":"https:\/\/www.europesays.com\/es\/252361\/"},"modified":"2025-11-24T01:42:10","modified_gmt":"2025-11-24T01:42:10","slug":"sandra-barneda-explota-contra-un-participante-de-la-isla-de-las-tentaciones-me-mentiste-a-mi","status":"publish","type":"post","link":"https:\/\/www.europesays.com\/es\/252361\/","title":{"rendered":"Sandra Barneda explota contra un participante de &#8216;La isla de las tentaciones&#8217;: \u00ab\u00a1Me mentiste a m\u00ed!\u00bb"},"content":{"rendered":"<p class=\"c-paragraph\"><b><a href=\"https:\/\/www.20minutos.es\/tags\/temas\/la-isla-de-las-tentaciones.html\" title=\"La isla de las tentaciones\" rel=\"nofollow noopener\" target=\"_blank\">El debate de las tentaciones<\/a><\/b>\u00a0estuvo marcado por la tensi\u00f3n con Juanpi Vega. <b><a href=\"https:\/\/www.20minutos.es\/tags\/autores\/sandra-barneda-1.html\" title=\"Sandra Barneda\" rel=\"nofollow noopener\" target=\"_blank\">Sandra Barneda<\/a><\/b> lo encar\u00f3 arrodillada, sorprendida por la situaci\u00f3n, para reprocharle que <b>hab\u00eda negado su infidelidad en la segunda hoguera<\/b>, a pesar de haberlo confesado en el casting. \u00abJuanpi, m\u00edrame a los ojos: <b>me mentiste a m\u00ed<\/b>\u00ab, le dijo directamente.<\/p>\n<p class=\"c-paragraph\">Durante la conversaci\u00f3n, los colaboradores quisieron aclarar si Juanpi hab\u00eda dado motivos a su novia, Sandra, para ser celosa. \u00ab<b>Motivos, que ella supiera, no le he dado ninguno<\/b>\u00ab, respondi\u00f3. La <b>deslealtad<\/b>, conocida desde el casting, parec\u00eda desconocida para su novia hasta que viajaron a Rep\u00fablica Dominicana, lo que gener\u00f3 indignaci\u00f3n en plat\u00f3.<\/p>\n<p class=\"c-paragraph\">Barneda le pregunt\u00f3 por qu\u00e9 hab\u00eda ocultado la verdad en la segunda hoguera. <b>Juanpi admiti\u00f3 su error <\/b>y asegur\u00f3 que<b> quer\u00eda que la informaci\u00f3n saliera de \u00e9l <\/b>antes que por terceros. \u00abLo admito, <b>soy un cobarde, un cagado<\/b>. Pero antes de que ella lo viera y lo contara, lo cuento yo\u00bb, reconoci\u00f3 entre risas nerviosas y disculpas.<\/p>\n<p class=\"c-paragraph\">La tensi\u00f3n aument\u00f3 con las intervenciones de <b><a href=\"https:\/\/www.20minutos.es\/tags\/personas\/marta-penate.html\" title=\"Marta Pe\u00f1ate\" rel=\"nofollow noopener\" target=\"_blank\">Marta Pe\u00f1ate<\/a><\/b> y <b><a href=\"https:\/\/www.20minutos.es\/tags\/personas\/alejandra-rubio.html\" title=\"Alejandra Rubio\" rel=\"nofollow noopener\" target=\"_blank\">Alejandra Rubio<\/a><\/b>, quienes criticaron la actitud del gaditano. \u00ab<b>Cuando t\u00fa has puesto los cuernos y no te dol\u00eda<\/b>, pues cuando te los ponen, te fastidias\u00bb, se\u00f1al\u00f3 Pe\u00f1ate. Rubio a\u00f1adi\u00f3: \u00abLo cuenta en el casting y luego te lo niega, <b>un gesto supercobarde<\/b>\u00ab.<\/p>\n<p class=\"c-paragraph\">El enfrentamiento concluy\u00f3 con Barneda manteniendo la presi\u00f3n sobre Juanpi para <b>que asumiera su responsabilidad<\/b>. \u00c9l intent\u00f3 justificarse: \u00abNo sab\u00eda qui\u00e9n lo sab\u00eda y qui\u00e9n no\u00bb, mientras alternaba disculpas con sonrisas nerviosas. La presentadora dej\u00f3 claro que <b>la sinceridad era clave<\/b>, dejando en evidencia la disputa y el conflicto vivido en plat\u00f3.<\/p>\n","protected":false},"excerpt":{"rendered":"El debate de las tentaciones\u00a0estuvo marcado por la tensi\u00f3n con Juanpi Vega. Sandra Barneda lo encar\u00f3 arrodillada, sorprendida&hellip;\n","protected":false},"author":2,"featured_media":252362,"comment_status":"","ping_status":"","sticky":false,"template":"","format":"standard","meta":{"footnotes":""},"categories":[171],"tags":[7280,19913,146,147,25,24,12774,7279,23,214,16743],"class_list":{"0":"post-252361","1":"post","2":"type-post","3":"status-publish","4":"format-standard","5":"has-post-thumbnail","7":"category-tv","8":"tag-barneda","9":"tag-contra","10":"tag-entertainment","11":"tag-entretenimiento","12":"tag-es","13":"tag-espana","14":"tag-explota","15":"tag-sandra","16":"tag-spain","17":"tag-tv","18":"tag-un"},"share_on_mastodon":{"url":"https:\/\/pubeurope.com\/@es\/115602138339591936","error":""},"_links":{"self":[{"href":"https:\/\/www.europesays.com\/es\/wp-json\/wp\/v2\/posts\/252361","targetHints":{"allow":["GET"]}}],"collection":[{"href":"https:\/\/www.europesays.com\/es\/wp-json\/wp\/v2\/posts"}],"about":[{"href":"https:\/\/www.europesays.com\/es\/wp-json\/wp\/v2\/types\/post"}],"author":[{"embeddable":true,"href":"https:\/\/www.europesays.com\/es\/wp-json\/wp\/v2\/users\/2"}],"replies":[{"embeddable":true,"href":"https:\/\/www.europesays.com\/es\/wp-json\/wp\/v2\/comments?post=252361"}],"version-history":[{"count":0,"href":"https:\/\/www.europesays.com\/es\/wp-json\/wp\/v2\/posts\/252361\/revisions"}],"wp:featuredmedia":[{"embeddable":true,"href":"https:\/\/www.europesays.com\/es\/wp-json\/wp\/v2\/media\/252362"}],"wp:attachment":[{"href":"https:\/\/www.europesays.com\/es\/wp-json\/wp\/v2\/media?parent=252361"}],"wp:term":[{"taxonomy":"category","embeddable":true,"href":"https:\/\/www.europesays.com\/es\/wp-json\/wp\/v2\/categories?post=252361"},{"taxonomy":"post_tag","embeddable":true,"href":"https:\/\/www.europesays.com\/es\/wp-json\/wp\/v2\/tags?post=252361"}],"curies":[{"name":"wp","href":"https:\/\/api.w.org\/{rel}","templated":true}]}}