{"id":252371,"date":"2025-11-24T01:48:16","date_gmt":"2025-11-24T01:48:16","guid":{"rendered":"https:\/\/www.europesays.com\/es\/252371\/"},"modified":"2025-11-24T01:48:16","modified_gmt":"2025-11-24T01:48:16","slug":"asi-se-rompe-la-gama-baja","status":"publish","type":"post","link":"https:\/\/www.europesays.com\/es\/252371\/","title":{"rendered":"as\u00ed se rompe la gama baja"},"content":{"rendered":"<p>El POCO M7 Pro 5G vuelve a dejar claro por qu\u00e9 esta marca domina el rango econ\u00f3mico: <b>por 120,84 euros aplicando el c\u00f3digo BFES20 en AliExpress<\/b>, tienes un m\u00f3vil con pantalla AMOLED de 120 Hz, una c\u00e1mara Sony con OIS \u2014s\u00ed, estabilizaci\u00f3n \u00f3ptica real en gama baja\u2014 y un rendimiento m\u00e1s que s\u00f3lido para el d\u00eda a d\u00eda. Es el t\u00edpico tel\u00e9fono que te hace preguntar: \u201c\u00bfDe verdad necesito gastar m\u00e1s?\u201d.<\/p>\n<p>Un gama baja que parece de otra liga<img decoding=\"async\" loading=\"lazy\" src=\"https:\/\/www.europesays.com\/es\/wp-content\/uploads\/2025\/11\/poco-pro_58.jpg\" alt=\"POCO M7 Pro 5G\" width=\"1000\" height=\"567\"\/><b>POCO M7 Pro 5G<\/b>Xiaomi<\/p>\n<p>La <b>pantalla AMOLED de 6,67&#8243; <\/b>es la primera se\u00f1al de que este M7 Pro no juega en la misma liga que el resto de su precio. Colores vivos, buen brillo y 120 Hz para animaciones m\u00e1s fluidas: perfecto tanto para redes sociales como para v\u00eddeos, juegos o simplemente para que todo se sienta m\u00e1s moderno.<\/p>\n<p>La c\u00e1mara principal es otro punto que sorprende. POCO monta un <b>sensor Sony de 50 MP con OIS,<\/b> algo rar\u00edsimo por este precio. \u00bfQu\u00e9 significa en la pr\u00e1ctica? Fotos m\u00e1s estables de noche, menos movimiento en v\u00eddeos y una calidad general que supera lo esperable en un m\u00f3vil de poco m\u00e1s de 100 \u20ac. No es magia\u2026 pero se acerca.<\/p>\n<p>En el uso diario, sus <b>8GB de RAM y los 256GB de almacenamiento <\/b>(otro lujo inesperado) permiten llevar apps, WhatsApp, redes y multitarea sin tirones. Y si vienes de un m\u00f3vil antiguo, vas a notar el salto solo con encenderlo. La bater\u00eda de 5100 mAh con carga r\u00e1pida de 45W asegura un d\u00eda y medio de uso sin preocuparte de enchufarlo.<\/p>\n<p>Es, en pocas palabras, un m\u00f3vil que cubre las necesidades reales del d\u00eda a d\u00eda sin renunciar a detalles que antes solo ve\u00edamos en m\u00f3viles m\u00e1s caros.<\/p>\n<p>Los art\u00edculos publicados en la secci\u00f3n \u201cDe compras\u201d est\u00e1n pensados para ayudarte a descubrir productos que pueden interesarte. Algunos de los enlaces incluidos son de afiliados lo que significa que si realizas una compra a trav\u00e9s de ellos La Raz\u00f3n podr\u00eda recibir una peque\u00f1a comisi\u00f3n sin que esto influya en nuestras recomendaciones ni en el precio que pagas.<\/p>\n","protected":false},"excerpt":{"rendered":"El POCO M7 Pro 5G vuelve a dejar claro por qu\u00e9 esta marca domina el rango econ\u00f3mico: por&hellip;\n","protected":false},"author":2,"featured_media":252372,"comment_status":"","ping_status":"","sticky":false,"template":"","format":"standard","meta":{"footnotes":""},"categories":[81],"tags":[119,123,124,25,24,117,121,122,23,118,120],"class_list":{"0":"post-252371","1":"post","2":"type-post","3":"status-publish","4":"format-standard","5":"has-post-thumbnail","7":"category-ciencia-y-tecnologia","8":"tag-ciencia","9":"tag-ciencia-y-tecnologia","10":"tag-cienciaytecnologia","11":"tag-es","12":"tag-espana","13":"tag-science","14":"tag-science-and-technology","15":"tag-scienceandtechnology","16":"tag-spain","17":"tag-technology","18":"tag-tecnologia"},"share_on_mastodon":{"url":"https:\/\/pubeurope.com\/@es\/115602162249403114","error":""},"_links":{"self":[{"href":"https:\/\/www.europesays.com\/es\/wp-json\/wp\/v2\/posts\/252371","targetHints":{"allow":["GET"]}}],"collection":[{"href":"https:\/\/www.europesays.com\/es\/wp-json\/wp\/v2\/posts"}],"about":[{"href":"https:\/\/www.europesays.com\/es\/wp-json\/wp\/v2\/types\/post"}],"author":[{"embeddable":true,"href":"https:\/\/www.europesays.com\/es\/wp-json\/wp\/v2\/users\/2"}],"replies":[{"embeddable":true,"href":"https:\/\/www.europesays.com\/es\/wp-json\/wp\/v2\/comments?post=252371"}],"version-history":[{"count":0,"href":"https:\/\/www.europesays.com\/es\/wp-json\/wp\/v2\/posts\/252371\/revisions"}],"wp:featuredmedia":[{"embeddable":true,"href":"https:\/\/www.europesays.com\/es\/wp-json\/wp\/v2\/media\/252372"}],"wp:attachment":[{"href":"https:\/\/www.europesays.com\/es\/wp-json\/wp\/v2\/media?parent=252371"}],"wp:term":[{"taxonomy":"category","embeddable":true,"href":"https:\/\/www.europesays.com\/es\/wp-json\/wp\/v2\/categories?post=252371"},{"taxonomy":"post_tag","embeddable":true,"href":"https:\/\/www.europesays.com\/es\/wp-json\/wp\/v2\/tags?post=252371"}],"curies":[{"name":"wp","href":"https:\/\/api.w.org\/{rel}","templated":true}]}}