{"id":252375,"date":"2025-11-24T01:51:21","date_gmt":"2025-11-24T01:51:21","guid":{"rendered":"https:\/\/www.europesays.com\/es\/252375\/"},"modified":"2025-11-24T01:51:21","modified_gmt":"2025-11-24T01:51:21","slug":"como-ha-cambiado-espana-en-50-anos-veinte-graficos-de-un-pais-mas-sano-mas-igualitario-mas-educado-y-mas-rico-espana","status":"publish","type":"post","link":"https:\/\/www.europesays.com\/es\/252375\/","title":{"rendered":"\u00bfC\u00f3mo ha cambiado Espa\u00f1a en 50 a\u00f1os? Veinte gr\u00e1ficos de un pa\u00eds m\u00e1s sano, m\u00e1s igualitario, m\u00e1s educado y m\u00e1s rico | Espa\u00f1a"},"content":{"rendered":"<p class=\"\">La Espa\u00f1a de 2025 tiene poco que ver con la que enterr\u00f3 a Franco en 1975. La llegada de la democracia trajo derechos y libertades y nos llev\u00f3 a la Uni\u00f3n Europea. Tambi\u00e9n coincidi\u00f3 con transformaciones sociales y tecnol\u00f3gicas que cambiaron nuestra vida. En cincuenta a\u00f1os, Espa\u00f1a se ha convertido en un pa\u00eds m\u00e1s grande, m\u00e1s rico, m\u00e1s sano, m\u00e1s educado y m\u00e1s igualitario. Analizamos con 20 gr\u00e1ficos qu\u00e9 ha cambiado desde 1975.<\/p>\n<p class=\"\"><b>Un pa\u00eds de derechos y libertades.<\/b> La primera y principal diferencia es obvia: Espa\u00f1a ha pasado de ser una dictadura a un estado de derecho. Medir el nivel de libertad de un pa\u00eds es complicado, pero varios acad\u00e9micos del proyecto V-Dem estimaron un \u00edndice para cada pa\u00eds en las \u00faltimas d\u00e9cadas. El avance de Espa\u00f1a en este \u00edndice es extraordinario. Ha pasado de estar al nivel de algunas de las rep\u00fablicas asociadas a la extinta URSS a acercarse, e incluso superar, al de otros pa\u00edses occidentales como Estados Unidos o Alemania. <\/p>\n<p class=\"\"><b>Espa\u00f1a s\u00ed es un pa\u00eds para viejos.<\/b> Otro de los avances m\u00e1s relevantes de los \u00faltimos 50 a\u00f1os es el de la esperanza de vida. Para un ni\u00f1o nacido en 1975 la esperanza de vida rondaba los 73,5 a\u00f1os. En 2023 era de 83,7 a\u00f1os y, en 2024, <a href=\"https:\/\/elpais.com\/sociedad\/2025-11-19\/la-esperanza-de-vida-en-espana-supera-por-primera-vez-los-84-anos.html\" rel=\"nofollow noopener\" target=\"_blank\">ha superado por primera vez los 84 a\u00f1os<\/a>, seg\u00fan los \u00faltimos datos publicados por el Instituto Nacional de Estad\u00edstica. Esta cifra se eleva hasta los 86,3 a\u00f1os en el caso de las mujeres.<\/p>\n<p class=\"\">Espa\u00f1a ya destacaba en 1975 entre otros pa\u00edses de su entorno, pero la subida de estas cinco d\u00e9cadas la ha colocado entre los pa\u00edses m\u00e1s longevos del planeta, solo detr\u00e1s de Jap\u00f3n, Corea del Sur, Andorra y Suiza. <\/p>\n<p class=\"\">Este aumento progresivo de la esperanza de vida, sumado a la ca\u00edda de la natalidad, ha transformado la pir\u00e1mide demogr\u00e1fica. En este medio siglo el peso de los mayores de 65 a\u00f1os sobre el total de la poblaci\u00f3n se ha duplicado: han pasado de representar el 10% en 1975 a superar hoy el 20%.<\/p>\n<p class=\"\"><b>Espa\u00f1a es hoy un pa\u00eds m\u00e1s rico<\/b>. Vivi\u00f3 un salto econ\u00f3mico excepcional en los ochenta y noventa con la integraci\u00f3n en Europa. A principios de siglo, casi hab\u00eda duplicado el PIB per c\u00e1pita que ten\u00eda en 1975, pero desde entonces el crecimiento se ha ralentizado. Cay\u00f3 durante la crisis y durante la pandemia y ahora parece recuperarse al ritmo del aumento de empleo. <\/p>\n<p class=\"\">Pese a este crecimiento econ\u00f3mico, la desigualdad no se ha reducido dr\u00e1sticamente en las \u00faltimas d\u00e9cadas. Se aprecia en el \u00edndice Gini, que se ha movido al ritmo de los periodos de crisis y expansi\u00f3n econ\u00f3mica, y que hoy es similar al de 1980, alrededor de 0,32. Tambi\u00e9n lo muestran los datos de acumulaci\u00f3n de riqueza: en 1995 el 10% m\u00e1s rico del pa\u00eds acumulaba el 58,3% de la riqueza; hoy el 57,2%.<\/p>\n<p class=\"\"><b>Espa\u00f1a tambi\u00e9n es un pa\u00eds m\u00e1s educado. <\/b>En la Espa\u00f1a de 1975 casi uno de cada tres adultos de entre 15 y 64 a\u00f1os no ten\u00eda estudios. Un porcentaje que entonces estaba muy por encima de otros pa\u00edses de nuestro entorno como Alemania (7%), Italia (5%) o Francia (1%). La universalizaci\u00f3n educativa cambi\u00f3 esa historia: en treinta a\u00f1os, el porcentaje cay\u00f3 hasta el 0,5%.<\/p>\n<p class=\"\">Adem\u00e1s, los j\u00f3venes pasan m\u00e1s tiempo ahora en las aulas. En 1975 estudiaban unos 6 a\u00f1os; en 2020, m\u00e1s de 12. Una de las claves ha sido la expansi\u00f3n universitaria. Desde los a\u00f1os setenta, la proporci\u00f3n de adultos con estudios terciarios se ha multiplicado por cinco, del 6% al 31%.<\/p>\n<p class=\"\">Este salto ha sido especialmente fuerte entre las mujeres. En 1975 eran solo el 30% de los estudiantes universitarios. Hoy son mayor\u00eda, el 57%. <\/p>\n<p class=\"\"><b>M\u00e1s mujeres trabajando. <\/b>Otro \u00e1mbito donde la presencia de las mujeres ha aumentado es el mercado laboral. En 1977 apenas un 26% de las mujeres ten\u00edan empleo o estaba en busca de \u00e9l. Hoy es el 46%. Es un salto enorme: casi el doble en apenas tres d\u00e9cadas. Espa\u00f1a supera ya a pa\u00edses como Italia o Ruman\u00eda, aunque sigue por detr\u00e1s de los n\u00f3rdicos, donde la participaci\u00f3n femenina roza el 60%.<\/p>\n<p class=\"\"><b>Y tambi\u00e9n legislando.<\/b> En el Congreso de los Diputados a\u00fan no hay paridad, pero en los \u00faltimos 50 a\u00f1os el avance de las mujeres en el Parlamento ha sido imparable. Tras las primeras elecciones democr\u00e1ticas, en 1977, apenas 21 de los 350 esca\u00f1os de la c\u00e1mara baja \u2014un 6 %\u2014 estaban ocupados por mujeres; hoy superan el 44 %. Aunque en el Gobierno tambi\u00e9n existe esta paridad, en cincuenta a\u00f1os de democracia Espa\u00f1a a\u00fan no ha tenido una presidenta del Gobierno.<\/p>\n<p class=\"\"><b>Un pa\u00eds con 12 millones de habitantes m\u00e1s.<\/b> Espa\u00f1a ha pasado de 36 millones de habitantes en 1975 a m\u00e1s de 48 millones, seg\u00fan el \u00faltimo censo del INE. Creci\u00f3 de forma sostenida hasta los a\u00f1os 2000, cuando despeg\u00f3 con la llegada de poblaci\u00f3n migrante. Aunque el incremento demogr\u00e1fico ha sido un fen\u00f3meno global, en Espa\u00f1a este aumento ha sido especialmente notable. En estas cinco d\u00e9cadas, la poblaci\u00f3n ha crecido un 34%, ligeramente por encima de pa\u00edses de nuestro entorno, como Pa\u00edses Bajos, Suecia o Francia, y por debajo de Estados Unidos o Corea del Sur.<\/p>\n<p class=\"\"><b>Una Espa\u00f1a que crece y otra que se vac\u00eda.<\/b> Buena parte de este aumento de poblaci\u00f3n lo han absorbido las ciudades. Hace 50 a\u00f1os, el 70% de la poblaci\u00f3n espa\u00f1ola viv\u00eda en \u00e1reas urbanas; ahora este porcentaje se ha elevado hasta el 82%.<\/p>\n<p class=\"\">Esto ha dado lugar a un crecimiento desigual del territorio. En el mapa \u2014que muestra c\u00f3mo ha cambiado la poblaci\u00f3n en cada provincia\u2014 se observan incrementos notables en el centro y en la costa mediterr\u00e1nea, donde provincias como Baleares, Alicante, Almer\u00eda o Guadalajara han duplicado su poblaci\u00f3n. En el interior, varias provincias de Castilla y Le\u00f3n o Galicia tienen hoy menos habitantes que en 1975, especialmente Zamora (que ha perdido un 33% de su poblaci\u00f3n), Ourense (30%), Lugo (21%) y \u00c1vila (19%).<\/p>\n<p class=\"\"><b>Espa\u00f1a emite hoy menos CO\u2082 per c\u00e1pita.<\/b> En 1975, las emisiones por habitante rondaban las 5,1 toneladas y crecieron durante d\u00e9cadas hasta superar las 8 toneladas a mediados de los 2000, coincidiendo con el boom econ\u00f3mico. Desde entonces, la tendencia se ha invertido: las emisiones se han reducido hasta unas 4,6 toneladas por persona en la actualidad, casi la mitad que hace veinte a\u00f1os. Son tres veces menos que las de Estados Unidos y est\u00e1n muy por debajo de las de Corea del Sur, Jap\u00f3n o Alemania, aunque a\u00fan ligeramente por encima de las de Francia o Portugal.<\/p>\n<p class=\"\">Uno de los principales motivos de esta reducci\u00f3n en las dos \u00faltimas d\u00e9cadas es la expansi\u00f3n de las energ\u00edas renovables. En Espa\u00f1a, el 57 % de la electricidad se genera hoy a partir de fuentes renovables, m\u00e1s del doble que en 1985.<\/p>\n<p class=\"\"><b>Menos ni\u00f1os, pero m\u00e1s sanos.<\/b> En 1975 se registraban 2,5 nacimientos por mujer, una cifra que se ha reducido de forma significativa. En 2023, \u00faltimo a\u00f1o con datos, la tasa se situaba en 1,2 nacimientos por mujer. Espa\u00f1a ha pasado de ser uno de los pa\u00edses con mayor fertilidad a situarse entre los que tienen una de las m\u00e1s bajas. Adem\u00e1s, estos nacimientos se producen m\u00e1s tarde: la edad media de las madres en el nacimiento del primer hijo ha pasado de 28,8 a 32,5 a\u00f1os.<\/p>\n<p class=\"\">La buena noticia es que la mortalidad infantil se ha desplomado. El porcentaje de ni\u00f1os que mueren antes de cumplir los cinco a\u00f1os, se ha reducido del 2,2 % al 0,3 %, muy por debajo que la de pa\u00edses como Ruman\u00eda o Estados Unidos.<\/p>\n<p class=\"\"><b>De un pa\u00eds de emigrantes a uno de inmigrantes. <\/b>Desde la posguerra y especialmente en la d\u00e9cada de los sesenta y setenta, miles de espa\u00f1oles emigraron a otros pa\u00edses europeos, algunos huyendo de la represi\u00f3n del r\u00e9gimen y otros buscando un mejor trabajo en pa\u00edses donde la situaci\u00f3n econ\u00f3mica era mejor que la espa\u00f1ola, como Alemania, Francia o Suiza. Tras la muerte del dictador, y animados por el crecimiento econ\u00f3mico en los a\u00f1os ochenta, muchos de estos emigrantes volvieron a Espa\u00f1a. <\/p>\n<p class=\"\">En las \u00faltimas d\u00e9cadas Espa\u00f1a se ha convertido en un pa\u00eds receptor de migrantes y hoy ya representan el 20% de la poblaci\u00f3n. Su presencia es especialmente relevante en provincias como Alicante (30%), Baleares (29%) o Girona (28%).<\/p>\n<p class=\"\"><b>Menos agricultura e industria y m\u00e1s servicios.<\/b> Tambi\u00e9n ha cambiado el perfil de los trabajos. La reconversi\u00f3n industrial de los a\u00f1os ochenta, la integraci\u00f3n en el mercado europeo y la expansi\u00f3n del turismo y los servicios intensificaron el proceso de terciarizaci\u00f3n. En 1975, este sector empleaba a alrededor del 40% de los trabajadores; hoy ocupa al 75%, una cifra cercana a otros pa\u00edses de nuestro entorno como Francia o Alemania. Por el contrario, la suma de trabajadores de la agricultura y la industria ha pasado del 48% al 18%.<\/p>\n<p class=\"\"><b>Cuatro veces m\u00e1s m\u00e9dicos y el triple de profesores.<\/b> El aumento de la esperanza de vida en estas cinco d\u00e9cadas responde a varias causas: la mejora de los h\u00e1bitos, los avances m\u00e9dicos y farmacol\u00f3gicos, el progreso socioecon\u00f3mico y, especialmente, la ampliaci\u00f3n y consolidaci\u00f3n de un sistema universal de salud. Esta universalizaci\u00f3n ha venido acompa\u00f1ada de un crecimiento notable del personal sanitario: en medio siglo, el n\u00famero de m\u00e9dicos y enfermeros por cada 1.000 habitantes se ha triplicado, pasando de 3,4 a 13,7.<\/p>\n<p class=\"\">La universalizaci\u00f3n de la educaci\u00f3n tambi\u00e9n ha disparado el n\u00famero de docentes. En 1975, seg\u00fan el anuario del Ministerio de Educaci\u00f3n, Espa\u00f1a contaba con unos 300.000 profesores en niveles no universitarios, el 40 % de ellos en centros privados o concertados. Hoy el panorama es distinto: hay 800.000 docentes y el 75 % trabaja en centros p\u00fablicos.<\/p>\n<p class=\"\">El crecimiento de los campus universitarios ha sido a\u00fan m\u00e1s espectacular. Hace cinco d\u00e9cadas hab\u00eda en torno a 27.000 profesores universitarios (22.000 de ellos hombres). Hoy son m\u00e1s de 140.000, cinco veces m\u00e1s. A esta cifra se suman otros 33.000 investigadores y t\u00e9cnicos de apoyo a la investigaci\u00f3n.<\/p>\n","protected":false},"excerpt":{"rendered":"La Espa\u00f1a de 2025 tiene poco que ver con la que enterr\u00f3 a Franco en 1975. La llegada&hellip;\n","protected":false},"author":2,"featured_media":252376,"comment_status":"","ping_status":"","sticky":false,"template":"","format":"standard","meta":{"footnotes":""},"categories":[8],"tags":[17,18,1291,4875,2026,22520,25,24,13,14,17307,11,63818,19,20,9,10,15,16,1811,23,12,4737,21,22],"class_list":{"0":"post-252375","1":"post","2":"type-post","3":"status-publish","4":"format-standard","5":"has-post-thumbnail","7":"category-espana","8":"tag-breaking-news","9":"tag-breakingnews","10":"tag-contaminacion","11":"tag-democracia","12":"tag-educacion","13":"tag-envejecimiento-poblacion","14":"tag-es","15":"tag-espana","16":"tag-featured-news","17":"tag-featurednews","18":"tag-francisco-franco","19":"tag-headlines","20":"tag-igualdad-oportunidades","21":"tag-latest-news","22":"tag-latestnews","23":"tag-news","24":"tag-noticias","25":"tag-noticias-destacadas","26":"tag-noticiasdestacadas","27":"tag-sanidad","28":"tag-spain","29":"tag-titulares","30":"tag-transicion-espanola","31":"tag-ultimas-noticias","32":"tag-ultimasnoticias"},"share_on_mastodon":{"url":"https:\/\/pubeurope.com\/@es\/115602173759836879","error":""},"_links":{"self":[{"href":"https:\/\/www.europesays.com\/es\/wp-json\/wp\/v2\/posts\/252375","targetHints":{"allow":["GET"]}}],"collection":[{"href":"https:\/\/www.europesays.com\/es\/wp-json\/wp\/v2\/posts"}],"about":[{"href":"https:\/\/www.europesays.com\/es\/wp-json\/wp\/v2\/types\/post"}],"author":[{"embeddable":true,"href":"https:\/\/www.europesays.com\/es\/wp-json\/wp\/v2\/users\/2"}],"replies":[{"embeddable":true,"href":"https:\/\/www.europesays.com\/es\/wp-json\/wp\/v2\/comments?post=252375"}],"version-history":[{"count":0,"href":"https:\/\/www.europesays.com\/es\/wp-json\/wp\/v2\/posts\/252375\/revisions"}],"wp:featuredmedia":[{"embeddable":true,"href":"https:\/\/www.europesays.com\/es\/wp-json\/wp\/v2\/media\/252376"}],"wp:attachment":[{"href":"https:\/\/www.europesays.com\/es\/wp-json\/wp\/v2\/media?parent=252375"}],"wp:term":[{"taxonomy":"category","embeddable":true,"href":"https:\/\/www.europesays.com\/es\/wp-json\/wp\/v2\/categories?post=252375"},{"taxonomy":"post_tag","embeddable":true,"href":"https:\/\/www.europesays.com\/es\/wp-json\/wp\/v2\/tags?post=252375"}],"curies":[{"name":"wp","href":"https:\/\/api.w.org\/{rel}","templated":true}]}}