{"id":252377,"date":"2025-11-24T01:52:19","date_gmt":"2025-11-24T01:52:19","guid":{"rendered":"https:\/\/www.europesays.com\/es\/252377\/"},"modified":"2025-11-24T01:52:19","modified_gmt":"2025-11-24T01:52:19","slug":"milan-pawelec-campeon-de-europa-de-moto2-en-el-circuit-ricardo-tormo","status":"publish","type":"post","link":"https:\/\/www.europesays.com\/es\/252377\/","title":{"rendered":"Milan Pawelec, Campe\u00f3n de Europa de Moto2 en el Circuit Ricardo Tormo"},"content":{"rendered":"<p>El <strong>Circuit Ricardo Tormo<\/strong> ha celebrado la \u00faltima cita de la temporada del FIM JuniorGP en la que el polaco <strong>Milan Pawelec<\/strong> ha logrado el t\u00edtulo en el Campeonato de Europa de Moto2, el catal\u00e1n<strong> Iker Garc\u00eda<\/strong> el de Stock y el mallorqu\u00edn <strong>Fernando Bujosa<\/strong> se ha llevado el t\u00edtulo de la European Talent Cup<\/p>\n<p>El polaco<strong> Milan Pawelec<\/strong> ha logrado el t\u00edtulo de Moto2 tras conseguir la victoria en el Circuit. Pawelec, que logrado el t\u00edtulo en su primer a\u00f1o en la categor\u00eda, ha recuperado la desventaja de diez puntos con la que llegaba a la \u00faltima prueba, pues su m\u00e1ximo rival el riojano Unai Orradre, que s\u00f3lo ha podido ser quinto. Todo ello en una carrera en la que el piloto vasco Xabi Zurutuza y el catal\u00e1n Xavi Artigas han completado el podio.<\/p>\n<p>\u201cEstoy muy contento. Todav\u00eda no me lo creo. Es incre\u00edble conseguir el t\u00edtulo y m\u00e1s en mi primer a\u00f1o\u201d, ha se\u00f1alado Pawelec.<\/p>\n<p>En la <strong>European Talent Cup<\/strong>, el mallorqu\u00edn <strong>Fernando Bujosa <\/strong>se ha alzado con el t\u00edtulo. Bujosa ha terminado tercero la carrera, un resultado que no le val\u00eda para ser campe\u00f3n, sin embargo, tras la descalificaci\u00f3n postcarrera del murciano Carlos Cano, el mallorqu\u00edn ha logrado su primer t\u00edtulo en la categor\u00eda.<\/p>\n<p>\u00abEs incre\u00edble, no me lo esperaba. Qui\u00e9n me lo iba a decir a principio de temporada, soy campe\u00f3n de la European Talent Cup. La carrera ha sido complicada, pero he terminado dentro del podio y he podido sumar los puntos necesarios\u00bb ha se\u00f1alado el joven piloto balear de s\u00f3lo 16 a\u00f1os.<\/p>\n<p>La victoria en la European Talent Cup ha sido para el madrile\u00f1o Alex Longarela, que ha superado sobre l\u00ednea de meta al murciano \u00c1lvaro Lucas.<\/p>\n<p><strong>Doblete de Morelli<\/strong><\/p>\n<p>En JuniorGP, Morelli era el gran favorito en el Circuit y no ha fallado. En la primera carrera, Morelli ha liderado de sem\u00e1foro a bandera, sin dar opci\u00f3n a sus rivales, para lograr la victoria. Por detr\u00e1s, el c\u00e1ntabro Brian Uriarte y el marbell\u00ed Jes\u00fas R\u00edos han protagonizado un intenso duelo hasta el final, que ha terminado con Uriarte por delante por s\u00f3lo nueve mil\u00e9simas. Morelli ha repetido el triunfo en la segunda, de nuevo por delante de Uriarte, con quien ha peleado hasta la \u00faltima vuelta. El piloto del Centro Especializado de Tecnificaci\u00f3n Deportiva del Motor (CETDM) Joel Esteban ha acabado en tercera posici\u00f3n, logrando as\u00ed el tercer puesto en el campeonato.<\/p>\n<p>En cuanto a Stock, el piloto catal\u00e1n Iker Garc\u00eda se ha impuesto en la \u00faltima carrera para lograr el t\u00edtulo. Garc\u00eda ha cruzado la meta por delante de su compa\u00f1ero de equipo Alberto Garc\u00eda y del mallorqu\u00edn Marco Tapia.<\/p>\n<p>Los pilotos del FIM JuniorGP han recibido esta semana la visita de los mundialistas David Alonso y David Almansa, quienes han sido los encargados de entregar los trofeos en un fin de semana en el que m\u00e1s de 5.500 aficionados se han desplazado hasta el Circuit para disfrutar de la \u00faltima cita del a\u00f1o<\/p>\n<p>Con el FIM JuniorGP, el Circuit Ricardo Tormo ha cerrado su calendario 2025, que ha contado con un total de 16 fines de semana de carreras.<\/p>\n","protected":false},"excerpt":{"rendered":"El Circuit Ricardo Tormo ha celebrado la \u00faltima cita de la temporada del FIM JuniorGP en la que&hellip;\n","protected":false},"author":2,"featured_media":252378,"comment_status":"","ping_status":"","sticky":false,"template":"","format":"standard","meta":{"footnotes":""},"categories":[5],"tags":[17,18,25,24,13,14,11,19,20,9,10,15,16,23,12,21,22],"class_list":{"0":"post-252377","1":"post","2":"type-post","3":"status-publish","4":"format-standard","5":"has-post-thumbnail","7":"category-titulares","8":"tag-breaking-news","9":"tag-breakingnews","10":"tag-es","11":"tag-espana","12":"tag-featured-news","13":"tag-featurednews","14":"tag-headlines","15":"tag-latest-news","16":"tag-latestnews","17":"tag-news","18":"tag-noticias","19":"tag-noticias-destacadas","20":"tag-noticiasdestacadas","21":"tag-spain","22":"tag-titulares","23":"tag-ultimas-noticias","24":"tag-ultimasnoticias"},"share_on_mastodon":{"url":"https:\/\/pubeurope.com\/@es\/115602177575638468","error":""},"_links":{"self":[{"href":"https:\/\/www.europesays.com\/es\/wp-json\/wp\/v2\/posts\/252377","targetHints":{"allow":["GET"]}}],"collection":[{"href":"https:\/\/www.europesays.com\/es\/wp-json\/wp\/v2\/posts"}],"about":[{"href":"https:\/\/www.europesays.com\/es\/wp-json\/wp\/v2\/types\/post"}],"author":[{"embeddable":true,"href":"https:\/\/www.europesays.com\/es\/wp-json\/wp\/v2\/users\/2"}],"replies":[{"embeddable":true,"href":"https:\/\/www.europesays.com\/es\/wp-json\/wp\/v2\/comments?post=252377"}],"version-history":[{"count":0,"href":"https:\/\/www.europesays.com\/es\/wp-json\/wp\/v2\/posts\/252377\/revisions"}],"wp:featuredmedia":[{"embeddable":true,"href":"https:\/\/www.europesays.com\/es\/wp-json\/wp\/v2\/media\/252378"}],"wp:attachment":[{"href":"https:\/\/www.europesays.com\/es\/wp-json\/wp\/v2\/media?parent=252377"}],"wp:term":[{"taxonomy":"category","embeddable":true,"href":"https:\/\/www.europesays.com\/es\/wp-json\/wp\/v2\/categories?post=252377"},{"taxonomy":"post_tag","embeddable":true,"href":"https:\/\/www.europesays.com\/es\/wp-json\/wp\/v2\/tags?post=252377"}],"curies":[{"name":"wp","href":"https:\/\/api.w.org\/{rel}","templated":true}]}}