{"id":25238,"date":"2025-08-04T15:04:09","date_gmt":"2025-08-04T15:04:09","guid":{"rendered":"https:\/\/www.europesays.com\/es\/25238\/"},"modified":"2025-08-04T15:04:09","modified_gmt":"2025-08-04T15:04:09","slug":"el-actor-jesus-lozano-sufre-una-parada-cardiorrespiratoria-durante-una-representacion-en-el-festival-de-alcantara","status":"publish","type":"post","link":"https:\/\/www.europesays.com\/es\/25238\/","title":{"rendered":"El actor Jes\u00fas Lozano sufre una parada cardiorrespiratoria durante una representaci\u00f3n en el Festival de Alc\u00e1ntara"},"content":{"rendered":"<p>Cay\u00f3 al suelo en pleno escenario cuando se dispon\u00eda a interpretar los primeros compases de la obra. El actor se encuentra hospitalizado y fuera de peligro\n<\/p>\n<p><img fetchpriority=\"high\" class=\"voc-img\" src=\"https:\/\/www.europesays.com\/es\/wp-content\/uploads\/2025\/08\/DSC_8957-kc7B-U7013770448604sC-1200x840@diario_abc.jpg\" loading=\"eager\" decoding=\"async\" alt=\"Jes\u00fas Lozano, en 'Alfonso X: la \u00faltima cantiga'\" width=\"1200\" height=\"840\"\/><\/p>\n<p>Jes\u00fas Lozano, en &#8216;Alfonso X: la \u00faltima cantiga&#8217;    fESTIVAL DE aLC\u00c1NTARA  <\/p>\n<p class=\"voc-p\" style=\"\">El actor extreme\u00f1o <strong>Jes\u00fas Lozano<\/strong> (Almendralejo, 1970) sufri\u00f3 el pasado viernes una parada cardiorrespiratoria durante la representaci\u00f3n de <strong>&#8216;Alfonso X: la \u00faltima cantiga&#8217;<\/strong>, obra de la que es autor y protagonista, en el marco del Festival de Teatro Cl\u00e1sico de Alc\u00e1ntara (C\u00e1ceres). <\/p>\n<p class=\"voc-p\" style=\"\">Lozano cay\u00f3 al suelo en pleno escenario cuando se dispon\u00eda a interpretar los primeros compases de la obra. En un primer momento se pens\u00f3 que el desvanecimiento pod\u00eda estar relacionado con las altas temperaturas, pero pronto se confirm\u00f3 que el actor hab\u00eda sufrido una parada cardiorrespiratoria. <\/p>\n<p class=\"voc-p\" style=\"\">La r\u00e1pida intervenci\u00f3n de los equipos sanitarios desplazados al recinto fue determinante para estabilizar al int\u00e9rprete, que recobr\u00f3 la consciencia y fue trasladado al hospital de C\u00e1ceres. El suceso, que oblig\u00f3 a suspender la funci\u00f3n apenas iniciada, tuvo lugar en el recinto del Conventual de San Benito.<\/p>\n<p class=\"voc-p\" style=\"\">La actriz y productora <strong>Inma Cede\u00f1o<\/strong>, compa\u00f1era de reparto del actor, detall\u00f3 lo sucedido en un comunicado difundido a trav\u00e9s de sus redes sociales. \u00abSufri\u00f3 una parada cardiorrespiratoria. No fue un desvanecimiento. No fue un infarto. Su coraz\u00f3n se detuvo\u00bb, precis\u00f3. \u00abEl teatro le salv\u00f3 la vida\u00bb, a\u00f1adi\u00f3. <\/p>\n<p class=\"voc-p\" style=\"\">La actriz subray\u00f3 que el suceso podr\u00eda haber tenido consecuencias fatales de haberse producido en otro lugar, y agradeci\u00f3 la eficacia con la que se activaron los protocolos de emergencia gracias a la preparaci\u00f3n del espacio esc\u00e9nico, que contaba con desfibrilador y personal capacitado.<\/p>\n<p class=\"voc-p\" style=\"\">El actor Jes\u00fas Lozano fue trasladado del hospital de C\u00e1ceres al de M\u00e9rida. Est\u00e1 fuera de peligro y en proceso de recuperaci\u00f3n. La actriz Inma Cede\u00f1o ha asegurado que ir\u00e1 compartiendo en sus perfiles de redes sociales la evoluci\u00f3n cl\u00ednica de Lozano y ha agradecido las muestras de apoyo recibidas desde que se conoci\u00f3 la noticia.<\/p>\n<p class=\"voc-p\" style=\"\"><strong>Roc\u00edo Montero<\/strong>, directora del festival, que este a\u00f1o ha celebrado su 39\u00aa edici\u00f3n, confirm\u00f3 que \u00abtodo se qued\u00f3 en un susto\u00bb y elogi\u00f3 la respuesta de los servicios m\u00e9dicos, el equipo del festival y las fuerzas de seguridad. \u00abTodo funcion\u00f3 a la perfecci\u00f3n\u00bb, asegur\u00f3, destacando la coordinaci\u00f3n entre sanitarios, producci\u00f3n y direcci\u00f3n, as\u00ed como la implicaci\u00f3n del personal del Conventual. <\/p>\n<p class=\"voc-p\" style=\"\">Pese a la interrupci\u00f3n, el festival pudo continuar el fin de semana con las representaciones previstas y cerr\u00f3 su edici\u00f3n con un balance positivo, tanto en asistencia como en cr\u00edtica.<\/p>\n<p>Reportar un error<\/p>\n","protected":false},"excerpt":{"rendered":"Cay\u00f3 al suelo en pleno escenario cuando se dispon\u00eda a interpretar los primeros compases de la obra. El&hellip;\n","protected":false},"author":2,"featured_media":25239,"comment_status":"","ping_status":"","sticky":false,"template":"","format":"standard","meta":{"footnotes":""},"categories":[91],"tags":[1339,14104,14102,146,147,25,24,3931,5782,14101,5997,14103,23,11463],"class_list":{"0":"post-25238","1":"post","2":"type-post","3":"status-publish","4":"format-standard","5":"has-post-thumbnail","7":"category-entretenimiento","8":"tag-actor","9":"tag-alcantara","10":"tag-cardiorrespiratoria","11":"tag-entertainment","12":"tag-entretenimiento","13":"tag-es","14":"tag-espana","15":"tag-festival","16":"tag-jesus","17":"tag-lozano","18":"tag-parada","19":"tag-representacion","20":"tag-spain","21":"tag-sufre"},"share_on_mastodon":{"url":"","error":""},"_links":{"self":[{"href":"https:\/\/www.europesays.com\/es\/wp-json\/wp\/v2\/posts\/25238","targetHints":{"allow":["GET"]}}],"collection":[{"href":"https:\/\/www.europesays.com\/es\/wp-json\/wp\/v2\/posts"}],"about":[{"href":"https:\/\/www.europesays.com\/es\/wp-json\/wp\/v2\/types\/post"}],"author":[{"embeddable":true,"href":"https:\/\/www.europesays.com\/es\/wp-json\/wp\/v2\/users\/2"}],"replies":[{"embeddable":true,"href":"https:\/\/www.europesays.com\/es\/wp-json\/wp\/v2\/comments?post=25238"}],"version-history":[{"count":0,"href":"https:\/\/www.europesays.com\/es\/wp-json\/wp\/v2\/posts\/25238\/revisions"}],"wp:featuredmedia":[{"embeddable":true,"href":"https:\/\/www.europesays.com\/es\/wp-json\/wp\/v2\/media\/25239"}],"wp:attachment":[{"href":"https:\/\/www.europesays.com\/es\/wp-json\/wp\/v2\/media?parent=25238"}],"wp:term":[{"taxonomy":"category","embeddable":true,"href":"https:\/\/www.europesays.com\/es\/wp-json\/wp\/v2\/categories?post=25238"},{"taxonomy":"post_tag","embeddable":true,"href":"https:\/\/www.europesays.com\/es\/wp-json\/wp\/v2\/tags?post=25238"}],"curies":[{"name":"wp","href":"https:\/\/api.w.org\/{rel}","templated":true}]}}