{"id":252392,"date":"2025-11-24T02:09:08","date_gmt":"2025-11-24T02:09:08","guid":{"rendered":"https:\/\/www.europesays.com\/es\/252392\/"},"modified":"2025-11-24T02:09:08","modified_gmt":"2025-11-24T02:09:08","slug":"los-microbios-intestinales-podrian-estar-vinculados-a-enfermedades-cardiacas","status":"publish","type":"post","link":"https:\/\/www.europesays.com\/es\/252392\/","title":{"rendered":"Los microbios intestinales podr\u00edan estar vinculados a enfermedades card\u00edacas"},"content":{"rendered":"<p class=\"paragraph-atom &#10;        B-500-500-700-N B-600-500-700-N--md  \">Investigadores del <strong>Instituto Avanzado de Ciencias y Tecnolog\u00eda de la <\/strong><a href=\"https:\/\/www.laregion.es\/galicia\/personal-medico-rechaza-servicios-minimos_1_20251122-4066723.html\" target=\"_blank\" rel=\"nofollow noopener\"><strong>Salud<\/strong><\/a><strong> de Samsung<\/strong> en la Universidad Sungkyunkwan (Corea del Sur) estudiaron la relaci\u00f3n entre los <strong>microbios intestinales<\/strong> y la <strong>enfermedad arterial coronaria (EAC)<\/strong>, seg\u00fan publican en mSystems.<\/p>\n<p class=\"paragraph-atom &#10;        B-500-500-700-N B-600-500-700-N--md  \">Han-Na Kim, doctora en gen\u00f3mica y l\u00edder del estudio, se\u00f1al\u00f3 que \u201c<strong>hemos ido m\u00e1s all\u00e1 de identificar qu\u00e9 bacterias viven all\u00ed y ahora descubrimos qu\u00e9 hacen realmente en la conexi\u00f3n coraz\u00f3n-intestino<\/strong>\u201d. Cada a\u00f1o, casi <strong>20 millones de personas mueren por enfermedades cardiovasculares<\/strong>, siendo la EAC una de las principales causas. Aunque factores gen\u00e9ticos y ambientales influyen, los <strong>microbios intestinales<\/strong> tambi\u00e9n juegan un papel clave en la progresi\u00f3n de la enfermedad.<\/p>\n<p class=\"paragraph-atom &#10;        B-500-500-700-N B-600-500-700-N--md  \">En la investigaci\u00f3n se compararon <strong>muestras fecales de 14 personas con EAC y 28 sanas<\/strong> mediante <strong>secuenciaci\u00f3n metagen\u00f3mica<\/strong>, permitiendo reconstruir genomas individuales. Identificaron <strong>15 especies bacterianas asociadas a la EAC<\/strong> y rutas metab\u00f3licas que conectan la microbiota con la progresi\u00f3n de la enfermedad. Kim explic\u00f3 que hubo \u201c<strong>un cambio funcional dr\u00e1stico hacia la inflamaci\u00f3n y el desequilibrio metab\u00f3lico, con p\u00e9rdida de bacterias protectoras como Faecalibacterium prausnitzii y sobreactivaci\u00f3n de rutas como el ciclo de la urea<\/strong>\u201d.<\/p>\n<p class=\"paragraph-atom &#10;        B-500-500-700-N B-600-500-700-N--md  \">El estudio tambi\u00e9n mostr\u00f3 que bacterias normalmente beneficiosas, como <strong>Akkermansia muciniphila<\/strong> y F. prausnitzii, pueden comportarse de manera da\u00f1ina seg\u00fan provengan de intestinos sanos o enfermos. Adem\u00e1s, la investigaci\u00f3n revel\u00f3 la <strong>complejidad de asociar microbios con la enfermedad<\/strong>, destacando que algunas especies de <strong>Lachnospiraceae<\/strong> pueden disminuir en unas personas y proliferar en otras con EAC, actuando como \u201c<strong>Dr. Jekyll y Mr. Hyde del intestino<\/strong>\u201d.<\/p>\n<p class=\"paragraph-atom &#10;        B-500-500-700-N B-600-500-700-N--md  \">Kim concluy\u00f3 que la <strong>prevenci\u00f3n<\/strong> es la estrategia m\u00e1s prometedora para reducir la carga mundial de enfermedades card\u00edacas, y que las <strong>terapias microbianas<\/strong>, incluyendo pruebas basadas en heces o intervenciones nutricionales, podr\u00edan restaurar bacterias beneficiosas o bloquear v\u00edas da\u00f1inas.<\/p>\n<p>\n        Relacionado\n    <\/p>\n","protected":false},"excerpt":{"rendered":"Investigadores del Instituto Avanzado de Ciencias y Tecnolog\u00eda de la Salud de Samsung en la Universidad Sungkyunkwan (Corea&hellip;\n","protected":false},"author":2,"featured_media":252393,"comment_status":"","ping_status":"","sticky":false,"template":"","format":"standard","meta":{"footnotes":""},"categories":[92],"tags":[33950,1293,25,24,165,7021,15655,166,23,9940],"class_list":{"0":"post-252392","1":"post","2":"type-post","3":"status-publish","4":"format-standard","5":"has-post-thumbnail","7":"category-salud","8":"tag-cardiacas","9":"tag-enfermedades","10":"tag-es","11":"tag-espana","12":"tag-health","13":"tag-intestinales","14":"tag-microbios","15":"tag-salud","16":"tag-spain","17":"tag-vinculados"},"share_on_mastodon":{"url":"https:\/\/pubeurope.com\/@es\/115602244534896873","error":""},"_links":{"self":[{"href":"https:\/\/www.europesays.com\/es\/wp-json\/wp\/v2\/posts\/252392","targetHints":{"allow":["GET"]}}],"collection":[{"href":"https:\/\/www.europesays.com\/es\/wp-json\/wp\/v2\/posts"}],"about":[{"href":"https:\/\/www.europesays.com\/es\/wp-json\/wp\/v2\/types\/post"}],"author":[{"embeddable":true,"href":"https:\/\/www.europesays.com\/es\/wp-json\/wp\/v2\/users\/2"}],"replies":[{"embeddable":true,"href":"https:\/\/www.europesays.com\/es\/wp-json\/wp\/v2\/comments?post=252392"}],"version-history":[{"count":0,"href":"https:\/\/www.europesays.com\/es\/wp-json\/wp\/v2\/posts\/252392\/revisions"}],"wp:featuredmedia":[{"embeddable":true,"href":"https:\/\/www.europesays.com\/es\/wp-json\/wp\/v2\/media\/252393"}],"wp:attachment":[{"href":"https:\/\/www.europesays.com\/es\/wp-json\/wp\/v2\/media?parent=252392"}],"wp:term":[{"taxonomy":"category","embeddable":true,"href":"https:\/\/www.europesays.com\/es\/wp-json\/wp\/v2\/categories?post=252392"},{"taxonomy":"post_tag","embeddable":true,"href":"https:\/\/www.europesays.com\/es\/wp-json\/wp\/v2\/tags?post=252392"}],"curies":[{"name":"wp","href":"https:\/\/api.w.org\/{rel}","templated":true}]}}