{"id":252394,"date":"2025-11-24T02:10:13","date_gmt":"2025-11-24T02:10:13","guid":{"rendered":"https:\/\/www.europesays.com\/es\/252394\/"},"modified":"2025-11-24T02:10:13","modified_gmt":"2025-11-24T02:10:13","slug":"una-coronacion-marcada-por-la-polemica","status":"publish","type":"post","link":"https:\/\/www.europesays.com\/es\/252394\/","title":{"rendered":"una coronaci\u00f3n marcada por la pol\u00e9mica"},"content":{"rendered":"<p style=\"\">Por todos es sabido que en los concursos y cert\u00e1menes nunca llueve a gusto de todos. Ya se trate de literatura, pintura, m\u00fasica o de ver qui\u00e9n es la reina infantil de las fiestas del pueblo, la pol\u00e9mica suele estar servida. El caso m\u00e1s reciente  &#8230; y medi\u00e1tico lo tenemos en el <strong>\u00faltimo Premio Planeta<\/strong> concedido al escritor y contertulio de El Hormiguero Juan del Vals, que ha suscitado un aluvi\u00f3n de cr\u00edticas en el mundo de la cultura a nivel nacional. <\/p>\n<p class=\"voc-p\" style=\"\">Aqu\u00ed en C\u00f3rdoba, capital del planeta jondo durante la celebraci\u00f3n del <strong>Concurso Nacional de Arte Flamenco<\/strong> este mes de noviembre, no \u00edbamos a ser menos. En este caso, el revuelo lo ha generado la denuncia de un desconocido colectivo -Observatorio T\u00e9cnico Independiente de la Cultura- a trav\u00e9s de un comunicado publicado por la agencia EFE horas antes de la gala de entrega de premios del certamen. En \u00e9l, se apuntaba a supuestos conflictos de intereses entre miembros del jurado y algunos de los finalistas. <\/p>\n<p class=\"voc-p\" style=\"\">No es la primera vez que se cuestionan los fallos del &#8216;concurso de concursos&#8217; a lo largo de sus casi setenta a\u00f1os de historia. Ni los de otros como el de <strong>Las Minas de La Uni\u00f3n<\/strong>. De hecho, algunos a\u00fan chirr\u00edan en la memoria de muchos aficionados. Sin embargo, s\u00ed es una de las pocas veces en las que se ha llevado a<a href=\"https:\/\/www.abc.es\/espana\/andalucia\/cordoba\/final-concurso-nacional-flamenco-cordoba-imagenes-20251122221402-gas.html\" target=\"_self\" data-voc-vtm-id=\"in-text-traffic\" title=\" cabo una denuncia p\u00fablica\" data-mrf-link=\"www.abc.es\" rel=\"nofollow noopener\"> cabo una denuncia p\u00fablica<\/a> ante los medios, lo que, al margen de la escasa o nula sustancia de la misma, supone un torpedo enviado a la l\u00ednea de flotaci\u00f3n de un concurso que desde hace a\u00f1os lucha por no irse a pique.<\/p>\n<p class=\"voc-p\" style=\"\">Con estos antecedentes, fue inevitable que la gala final estuviera marcada por el runr\u00fan de una pol\u00e9mica que acaparaba el cuchicheo de los aficionados presentes en el Gran Teatro momentos antes de la ceremonia. Una velada planteada en clave de humor por el <strong>exgomaespuma<\/strong> Juan Luis Cano en colaboraci\u00f3n con el mago Javier Mart\u00edn, donde se alternaron sketches, trucos de magia y mon\u00f3logos. <\/p>\n<p class=\"voc-p\" style=\"\">Para aligerar el tedioso protocolo, la presentaci\u00f3n de los ganadores se hizo a trav\u00e9s de una breve entrevista grabada en v\u00eddeo, dejando a los ganadores en un segundo plano y priv\u00e1ndoles de la oportunidad de dirigirse al p\u00fablico al recibir su galard\u00f3n. Solo la <a href=\"https:\/\/www.abc.es\/espana\/andalucia\/cordoba\/concurso-nacional-arte-flamenco-cordoba-2025-participantes-20251103125002-nts.html\" target=\"_self\" data-voc-vtm-id=\"in-text-traffic\" title=\"cantaora y ganadora\" data-mrf-link=\"www.abc.es\" rel=\"nofollow noopener\">cantaora y ganadora<\/a> en la <strong>modalidad de Cante<\/strong>, Sara Denez, se atrevi\u00f3 a saltarse el protocolo reclamando el micr\u00f3fono para expresar su gratitud y emoci\u00f3n al recibir \u00abun premio que voy a defender\u00bb.<\/p>\n<p>\nTarantas en la Plaza del Potro\n<\/p>\n<p class=\"voc-p\" style=\"\">En el plano art\u00edstico, la afici\u00f3n pudo disfrutar de la calidad art\u00edstica de los vencedores. El bajista Juan Fernando P\u00e9rez fue el primer en romper el hielo con una taranta con el t\u00edtulo de <strong>Plaza del Potro<\/strong>, un claro gui\u00f1o a su estancia en C\u00f3rdoba como alumno del <a href=\"https:\/\/www.abc.es\/espana\/andalucia\/cordoba\/concurso-nacional-flamenco-cordoba-abre-proxima-edicion-20250730114949-nts.html\" target=\"_self\" data-voc-vtm-id=\"in-text-traffic\" title=\"Conservatorio Superior de M\u00fasica\" data-mrf-link=\"www.abc.es\" rel=\"nofollow noopener\">Conservatorio Superior de M\u00fasica<\/a>. El onubense, que puso en valor su depurada t\u00e9cnica con p\u00faa y rasgueos, pasar\u00e1 a la historia como el primer ganador de la modalidad de Instrumentista Flamenco del certamen. <\/p>\n<p class=\"voc-p\" style=\"\">Tras \u00e9l fue el turno del guitarrista madrile\u00f1o \u00c1ngel Flores, tambi\u00e9n alumno del conservatorio de la capital, con una <strong>sole\u00e1 titulada Memorias<\/strong> y un toque de esencia cl\u00e1sica y flamenqu\u00edsima.<\/p>\n<p class=\"voc-p\" style=\"\">Las mujeres fueron las protagonistas en la recta final de la velada. Primero con el cante de la cordobesa Sara Denez, a quien los problemas iniciales con un micr\u00f3fono ni siquiera pudieron empa\u00f1ar el poder\u00edo de su voz por ca\u00f1a y canti\u00f1as, que nos dej\u00f3 los mejores <strong>momentos de la noche<\/strong>. Y luego con el baile por <a href=\"https:\/\/www.abc.es\/espana\/andalucia\/cordoba\/concurso-nacional-arte-flamenco-cordoba-2025-participantes-20251103125002-nts.html\" target=\"_self\" data-voc-vtm-id=\"in-text-traffic\" title=\"guajiras de la granadina\" data-mrf-link=\"www.abc.es\" rel=\"nofollow noopener\">guajiras de la granadina<\/a> Cristina Soler, una actuaci\u00f3n en la que demostr\u00f3 su manejo de la bata de cola y el abanico, pero que qued\u00f3 deslucida por una sonorizaci\u00f3n que no permiti\u00f3 escuchar su zapateado. <\/p>\n<p class=\"voc-p\" style=\"\">La tradicional foto de familia sirvi\u00f3 de despedida a otra edici\u00f3n del concurso nacional, que sigue<strong> tratando de encontrar su espacio<\/strong> en un entorno cultural donde la promoci\u00f3n y el reconocimiento art\u00edstico ya no pasan por la obtenci\u00f3n de premios en cert\u00e1menes.<\/p>\n","protected":false},"excerpt":{"rendered":"Por todos es sabido que en los concursos y cert\u00e1menes nunca llueve a gusto de todos. Ya se&hellip;\n","protected":false},"author":2,"featured_media":252395,"comment_status":"","ping_status":"","sticky":false,"template":"","format":"standard","meta":{"footnotes":""},"categories":[91],"tags":[30873,146,147,25,24,16023,1526,23],"class_list":{"0":"post-252394","1":"post","2":"type-post","3":"status-publish","4":"format-standard","5":"has-post-thumbnail","7":"category-entretenimiento","8":"tag-coronacion","9":"tag-entertainment","10":"tag-entretenimiento","11":"tag-es","12":"tag-espana","13":"tag-marcada","14":"tag-polemica","15":"tag-spain"},"share_on_mastodon":{"url":"https:\/\/pubeurope.com\/@es\/115602249047905952","error":""},"_links":{"self":[{"href":"https:\/\/www.europesays.com\/es\/wp-json\/wp\/v2\/posts\/252394","targetHints":{"allow":["GET"]}}],"collection":[{"href":"https:\/\/www.europesays.com\/es\/wp-json\/wp\/v2\/posts"}],"about":[{"href":"https:\/\/www.europesays.com\/es\/wp-json\/wp\/v2\/types\/post"}],"author":[{"embeddable":true,"href":"https:\/\/www.europesays.com\/es\/wp-json\/wp\/v2\/users\/2"}],"replies":[{"embeddable":true,"href":"https:\/\/www.europesays.com\/es\/wp-json\/wp\/v2\/comments?post=252394"}],"version-history":[{"count":0,"href":"https:\/\/www.europesays.com\/es\/wp-json\/wp\/v2\/posts\/252394\/revisions"}],"wp:featuredmedia":[{"embeddable":true,"href":"https:\/\/www.europesays.com\/es\/wp-json\/wp\/v2\/media\/252395"}],"wp:attachment":[{"href":"https:\/\/www.europesays.com\/es\/wp-json\/wp\/v2\/media?parent=252394"}],"wp:term":[{"taxonomy":"category","embeddable":true,"href":"https:\/\/www.europesays.com\/es\/wp-json\/wp\/v2\/categories?post=252394"},{"taxonomy":"post_tag","embeddable":true,"href":"https:\/\/www.europesays.com\/es\/wp-json\/wp\/v2\/tags?post=252394"}],"curies":[{"name":"wp","href":"https:\/\/api.w.org\/{rel}","templated":true}]}}