{"id":252398,"date":"2025-11-24T02:12:17","date_gmt":"2025-11-24T02:12:17","guid":{"rendered":"https:\/\/www.europesays.com\/es\/252398\/"},"modified":"2025-11-24T02:12:17","modified_gmt":"2025-11-24T02:12:17","slug":"se-le-acabo-el-chollo-a-los-suv-chinos-el-nuevo-seat-arona-llega-con-5-300-e-de-descuento-y-un-equipamiento-mejorado","status":"publish","type":"post","link":"https:\/\/www.europesays.com\/es\/252398\/","title":{"rendered":"Se le acab\u00f3 el chollo a los SUV chinos, el nuevo SEAT Arona llega con 5.300 \u20ac de descuento y un equipamiento mejorado"},"content":{"rendered":"<p class=\"Paragraph-module-scss-module__YTaiWG__paragraph\"><strong>SEAT<\/strong> ha actualizado uno de sus modelos superventas. La entrada en escena del <strong>nuevo SEAT Arona<\/strong> ha animado, y de manera importante, el segmento B-SUV. Este todocamino con sello \u00abMade in Spain\u00bb llega con argumentos renovados para asestar un duro golpe a la creciente oferta de SUV chinos baratos. Estrena dise\u00f1o, tiene un equipamiento tecnol\u00f3gico mejorado y, como veremos en este art\u00edculo, un precio de derribo.<\/p>\n<p class=\"Paragraph-module-scss-module__YTaiWG__paragraph\"><strong>El nuevo Arona est\u00e1 en oferta con m\u00e1s de 5.300 \u20ac de descuento<\/strong>. Una rebaja que lo deja por debajo de la barrera de los 20.000 \u20ac pero con un amplio equipamiento de serie y un motor de gasolina que destaca por su fiabilidad y por su bajo consumo. Es una de las mejores compras de la categor\u00eda. Entremos en detalles.<\/p>\n<p><img figcaption=\"El nuevo SEAT Arona est\u00e1 en oferta con m\u00e1s de 5.300 \u20ac de descuento.\" alt=\"SEAT Arona 2026\" loading=\"lazy\" width=\"1280\" height=\"720\" decoding=\"async\" data-nimg=\"1\" class=\"Image-module-scss-module__gObqBW__img\" style=\"color:transparent\"   src=\"https:\/\/www.europesays.com\/es\/wp-content\/uploads\/2025\/11\/oferta-seat-arona-style-plus-manual-2025111211-1763831514_2.jpg\"\/>El nuevo SEAT Arona est\u00e1 en oferta con m\u00e1s de 5.300 \u20ac de descuento.Llega el nuevo SEAT Arona con equipamiento mejorado y un dise\u00f1o renovado<\/p>\n<p class=\"Paragraph-module-scss-module__YTaiWG__paragraph\">SEAT ha estructurado la gama del nuevo Arona en los niveles de acabado Arona +, Style, Style +, Style + Sound, FR y FR +. La versi\u00f3n en oferta est\u00e1 asociada al <strong>acabado Style +<\/strong>. Hacemos a continuaci\u00f3n un repaso al <strong>equipamiento de serie m\u00e1s destacado<\/strong>:<\/p>\n<p>Equipamiento SEAT Arona Style +<\/p>\n<ul>\n<li>M\u00faltiples airbags (frontales, laterales y de cortina)<\/li>\n<li>Llantas de aleaci\u00f3n de 16 pulgadas<\/li>\n<li>Faros Full LED<\/li>\n<li>Luces LED para la conducci\u00f3n diurna<\/li>\n<li>Grupos \u00f3pticos traseros LED<\/li>\n<li>Faros antiniebla con luz de giro<\/li>\n<li>Encendido autom\u00e1tico de luces y sensor de lluvia<\/li>\n<li>Barras de techo negras<\/li>\n<li>Cristales traseros oscurecidos<\/li>\n<li>Espejos retrovisores exteriores ajustables y abatibles el\u00e9ctricamente y calefactables<\/li>\n<li>Espejo retrovisor interior con funci\u00f3n antideslumbramiento autom\u00e1tico<\/li>\n<li>Cuadro de instrumentos digital de 10,25 pulgadas<\/li>\n<li>Sistema de info-entretenimiento con pantalla t\u00e1ctil de 9,2 pulgadas<\/li>\n<li>Navegador<\/li>\n<li>Android Auto y Apple CarPlay<\/li>\n<li>Conexi\u00f3n USB<\/li>\n<li>Bluetooth<\/li>\n<li>Radio digital<\/li>\n<li>Cargador inal\u00e1mbrico para tel\u00e9fonos m\u00f3viles compatibles<\/li>\n<li>Climatizador autom\u00e1tico bizona<\/li>\n<li>Elevalunas el\u00e9ctricos<\/li>\n<li>Cierre centralizado con mando a distancia<\/li>\n<li>Tapicer\u00eda de tela<\/li>\n<li>Reposabrazos central delantero<\/li>\n<li>Asiento del conductor ajustable en altura<\/li>\n<li>Bolsas portaobjetos en la parte posterior de los asientos delanteros<\/li>\n<li>Volante deportivos multifunci\u00f3n forrado en cuero y ajustable en altura y en profundidad<\/li>\n<li>Control de crucero adaptativo y limitador de velocidad<\/li>\n<li>Asistente de velocidad inteligente<\/li>\n<li>Sensores traseros de aparcamiento<\/li>\n<li>C\u00e1mara de visi\u00f3n posterior<\/li>\n<li>Alerta de colisi\u00f3n con activaci\u00f3n a baja velocidad<\/li>\n<li>Control de presi\u00f3n de los neum\u00e1ticos<\/li>\n<li>Sistema de llamada de emergencia e-Call<\/li>\n<\/ul>\n<p>El motor de gasolina del SEAT Arona en oferta<\/p>\n<p class=\"Paragraph-module-scss-module__YTaiWG__paragraph\">En lo que respecta al apartado mec\u00e1nico, si echamos un vistazo bajo el cap\u00f3 del Arona en oferta nos encontraremos con un <strong>motor de gasolina de 1.0 litros TSI<\/strong> con tres cilindros. Un bloque turboalimentado que arroja <strong>115 CV y 200 Nm<\/strong> de par m\u00e1ximo. Est\u00e1 asociado a una <strong>caja de cambios manual<\/strong> de seis velocidades y un sistema de tracci\u00f3n delantera.<\/p>\n<p><img figcaption=\"El SEAT Arona en oferta tiene un dise\u00f1o renovado y un equipamiento mejorado.\" alt=\"SEAT Arona 2026 - posterior\" loading=\"lazy\" width=\"1280\" height=\"720\" decoding=\"async\" data-nimg=\"1\" class=\"Image-module-scss-module__gObqBW__img\" style=\"color:transparent\"   src=\"https:\/\/www.europesays.com\/es\/wp-content\/uploads\/2025\/11\/oferta-seat-arona-style-plus-manual-2025111211-1763831515_3.jpg\"\/>El SEAT Arona en oferta tiene un dise\u00f1o renovado y un equipamiento mejorado.<\/p>\n<p class=\"Paragraph-module-scss-module__YTaiWG__paragraph\">Puede acelerar de 0 a 100 km\/h en 9,9 segundos y alcanzar una velocidad m\u00e1xima de 195 km\/h. Homologa un consumo medio de combustible de 5,2 litros a los 100 kil\u00f3metros y unas emisiones de CO2 de 120 g\/km seg\u00fan el ciclo WLTP.<\/p>\n<p>M\u00e1s de 5.300 \u20ac de descuento para el renovado SEAT Arona<\/p>\n<p class=\"Paragraph-module-scss-module__YTaiWG__paragraph\">Es el momento de hablar de precios. <strong>\u00bfCu\u00e1nto vale la versi\u00f3n el Arona analizada en este art\u00edculo?<\/strong> El SUV de SEAT, con acabado Style + y motor TSI de 115 CV, se encuentra a la venta en los concesionarios espa\u00f1oles por 24.999 \u20ac. Un precio que no incluye promociones ni ofertas. Ahora bien, en la secci\u00f3n de coches nuevos de <strong>Motor.es<\/strong> hay disponible un descuento que supera los 5.300 \u20ac.<\/p>\n<p><a class=\"Button-module-scss-module__pf66aq__button Button-module-scss-module__pf66aq__button--secondary NewsContent-module-scss-module__6_SHrq__news-content__link\" href=\"https:\/\/www.motor.es\/seat\/arona\/10-tsi-85kw-115cv-startstop-style-35580.html\" rel=\"nofollow noopener\" target=\"_blank\">VER OFERTA DEL SEAT ARONA<\/a><\/p>\n<p class=\"Paragraph-module-scss-module__YTaiWG__paragraph\">El <strong>descuento disponible alcanza los 5.336 \u20ac<\/strong>. Por lo tanto, en caso de optar por la oferta que hay vigente, nos encontraremos con un <strong>precio final de venta de 19.663 \u20ac<\/strong>.<\/p>\n<p class=\"Paragraph-module-scss-module__YTaiWG__paragraph\">Nota: Oferta sujeta a disponibilidad y financiaci\u00f3n. Carece de valor contractual. Las im\u00e1genes que ilustran este art\u00edculo no muestran el SEAT Arona con acabado Style +.<\/p>\n","protected":false},"excerpt":{"rendered":"SEAT ha actualizado uno de sus modelos superventas. La entrada en escena del nuevo SEAT Arona ha animado,&hellip;\n","protected":false},"author":2,"featured_media":252399,"comment_status":"","ping_status":"","sticky":false,"template":"","format":"standard","meta":{"footnotes":""},"categories":[80],"tags":[82,95,94,25,24,23],"class_list":{"0":"post-252398","1":"post","2":"type-post","3":"status-publish","4":"format-standard","5":"has-post-thumbnail","7":"category-economia","8":"tag-business","9":"tag-economia","10":"tag-economy","11":"tag-es","12":"tag-espana","13":"tag-spain"},"share_on_mastodon":{"url":"https:\/\/pubeurope.com\/@es\/115602256817252617","error":""},"_links":{"self":[{"href":"https:\/\/www.europesays.com\/es\/wp-json\/wp\/v2\/posts\/252398","targetHints":{"allow":["GET"]}}],"collection":[{"href":"https:\/\/www.europesays.com\/es\/wp-json\/wp\/v2\/posts"}],"about":[{"href":"https:\/\/www.europesays.com\/es\/wp-json\/wp\/v2\/types\/post"}],"author":[{"embeddable":true,"href":"https:\/\/www.europesays.com\/es\/wp-json\/wp\/v2\/users\/2"}],"replies":[{"embeddable":true,"href":"https:\/\/www.europesays.com\/es\/wp-json\/wp\/v2\/comments?post=252398"}],"version-history":[{"count":0,"href":"https:\/\/www.europesays.com\/es\/wp-json\/wp\/v2\/posts\/252398\/revisions"}],"wp:featuredmedia":[{"embeddable":true,"href":"https:\/\/www.europesays.com\/es\/wp-json\/wp\/v2\/media\/252399"}],"wp:attachment":[{"href":"https:\/\/www.europesays.com\/es\/wp-json\/wp\/v2\/media?parent=252398"}],"wp:term":[{"taxonomy":"category","embeddable":true,"href":"https:\/\/www.europesays.com\/es\/wp-json\/wp\/v2\/categories?post=252398"},{"taxonomy":"post_tag","embeddable":true,"href":"https:\/\/www.europesays.com\/es\/wp-json\/wp\/v2\/tags?post=252398"}],"curies":[{"name":"wp","href":"https:\/\/api.w.org\/{rel}","templated":true}]}}