{"id":252400,"date":"2025-11-24T02:14:16","date_gmt":"2025-11-24T02:14:16","guid":{"rendered":"https:\/\/www.europesays.com\/es\/252400\/"},"modified":"2025-11-24T02:14:16","modified_gmt":"2025-11-24T02:14:16","slug":"servicios-minimos-del-73-en-la-huelga-de-iryo-que-afecta-al-puente-de-diciembre","status":"publish","type":"post","link":"https:\/\/www.europesays.com\/es\/252400\/","title":{"rendered":"Servicios m\u00ednimos del 73% en la huelga de Iryo que afecta al puente de diciembre"},"content":{"rendered":"<p class=\"mce\"><strong class=\"mce\">Iryo<\/strong> implementa planes de contingencia por la huelga convocada por CGT, que arranca esta semana, y est\u00e1 trabajando en la reubicaci\u00f3n de los viajeros afectados, que recibir\u00e1n alternativa de viaje a partir de ma\u00f1ana 24 de noviembre a las 6.00 horas.<\/p>\n<p class=\"mce\">Seg\u00fan inform\u00f3 la empresa ferroviaria este domingo, los <strong class=\"mce\">servicios m\u00ednimos<\/strong> fijados son de un 73% para la huelga convocada por CGT para los d\u00edas 25, 26 y 27 de noviembre, as\u00ed como 5, 6, 7 y 8 de diciembre, desde las 00.00 hasta las 23.00 horas, en protesta por el bloqueo en la negociaci\u00f3n del primer convenio colectivo de la compa\u00f1\u00eda.<\/p>\n<p>                <a href=\"https:\/\/www.telemadrid.es\/programas\/120-minutos\/Renfe-rechaza-volver-a-las-indemnizaciones-de-15-minutos-de-retraso-y-tilda-de-populista-la-medida-2-2834436551--20251114021858.html\" class=\"lnk\" target=\"_blank\" rel=\"nofollow noopener\">Renfe rechaza volver a las indemnizaciones de 15 minutos de retraso y tilda de \u00abpopulista\u00bb la medida<\/a><\/p>\n<p class=\"mce\">Iryo destac\u00f3 que la convocatoria de huelga <strong class=\"mce\">no afecta a los maquinistas<\/strong>, que cuentan con un convenio franja ya firmado.\u00bbLa empresa mantiene su total disponibilidad para reanudar cuanto antes la mesa de negociaci\u00f3n y dar respuesta conjunta a los retos presentes y futuros\u00bb, traslad\u00f3. \u00abLamentamos la convocatoria de huelga y seguimos trabajando para alcanzar un convenio colectivo justo, equilibrado y sostenible\u00bb, destac\u00f3.<\/p>\n<p class=\"mce\">La empresa explic\u00f3 que ha presentado ya cuatro propuestas econ\u00f3micas que incluyen <strong class=\"mce\">mejoras \u00absignificativas\u00bb<\/strong> en salario base y la retribuci\u00f3n variable, nuevos pluses, una reducci\u00f3n de jornadas y la introducci\u00f3n de nuevas clasificaciones profesionales. La negociaci\u00f3n -abierta desde junio de 2024- contin\u00faa activa. Iryo pretende acordar un convenio de car\u00e1cter transitorio con una vigencia de un a\u00f1o que \u00abpermita contar con una visi\u00f3n m\u00e1s precisa de la evoluci\u00f3n del mercado y de la compa\u00f1\u00eda\u00bb y dar paso a una negociaci\u00f3n de otro convenio de mayor duraci\u00f3n y alcance.<\/p>\n","protected":false},"excerpt":{"rendered":"Iryo implementa planes de contingencia por la huelga convocada por CGT, que arranca esta semana, y est\u00e1 trabajando&hellip;\n","protected":false},"author":2,"featured_media":252401,"comment_status":"","ping_status":"","sticky":false,"template":"","format":"standard","meta":{"footnotes":""},"categories":[8],"tags":[517,17,18,209,168,95,2666,25,24,13,14,11,2661,19,20,2660,9,10,2665,2659,15,16,2667,2663,2662,2664,492,23,12,21,22],"class_list":{"0":"post-252400","1":"post","2":"type-post","3":"status-publish","4":"format-standard","5":"has-post-thumbnail","7":"category-espana","8":"tag-actualidad","9":"tag-breaking-news","10":"tag-breakingnews","11":"tag-cultura","12":"tag-deportes","13":"tag-economia","14":"tag-emision-en-directo","15":"tag-es","16":"tag-espana","17":"tag-featured-news","18":"tag-featurednews","19":"tag-headlines","20":"tag-internacionales","21":"tag-latest-news","22":"tag-latestnews","23":"tag-nacionales","24":"tag-news","25":"tag-noticias","26":"tag-noticias-de-hoy","27":"tag-noticias-de-madrid","28":"tag-noticias-destacadas","29":"tag-noticiasdestacadas","30":"tag-podcast","31":"tag-programas-de-telemadrid","32":"tag-programas-de-television","33":"tag-programas-onda-madrid","34":"tag-sociedad","35":"tag-spain","36":"tag-titulares","37":"tag-ultimas-noticias","38":"tag-ultimasnoticias"},"share_on_mastodon":{"url":"","error":"Validation failed: Text character limit of 500 exceeded"},"_links":{"self":[{"href":"https:\/\/www.europesays.com\/es\/wp-json\/wp\/v2\/posts\/252400","targetHints":{"allow":["GET"]}}],"collection":[{"href":"https:\/\/www.europesays.com\/es\/wp-json\/wp\/v2\/posts"}],"about":[{"href":"https:\/\/www.europesays.com\/es\/wp-json\/wp\/v2\/types\/post"}],"author":[{"embeddable":true,"href":"https:\/\/www.europesays.com\/es\/wp-json\/wp\/v2\/users\/2"}],"replies":[{"embeddable":true,"href":"https:\/\/www.europesays.com\/es\/wp-json\/wp\/v2\/comments?post=252400"}],"version-history":[{"count":0,"href":"https:\/\/www.europesays.com\/es\/wp-json\/wp\/v2\/posts\/252400\/revisions"}],"wp:featuredmedia":[{"embeddable":true,"href":"https:\/\/www.europesays.com\/es\/wp-json\/wp\/v2\/media\/252401"}],"wp:attachment":[{"href":"https:\/\/www.europesays.com\/es\/wp-json\/wp\/v2\/media?parent=252400"}],"wp:term":[{"taxonomy":"category","embeddable":true,"href":"https:\/\/www.europesays.com\/es\/wp-json\/wp\/v2\/categories?post=252400"},{"taxonomy":"post_tag","embeddable":true,"href":"https:\/\/www.europesays.com\/es\/wp-json\/wp\/v2\/tags?post=252400"}],"curies":[{"name":"wp","href":"https:\/\/api.w.org\/{rel}","templated":true}]}}