{"id":252410,"date":"2025-11-24T02:26:11","date_gmt":"2025-11-24T02:26:11","guid":{"rendered":"https:\/\/www.europesays.com\/es\/252410\/"},"modified":"2025-11-24T02:26:11","modified_gmt":"2025-11-24T02:26:11","slug":"simbolo-de-innovacion-que-transformo-barcelona","status":"publish","type":"post","link":"https:\/\/www.europesays.com\/es\/252410\/","title":{"rendered":"s\u00edmbolo de innovaci\u00f3n que transform\u00f3 Barcelona"},"content":{"rendered":"<p data-gtm-element-container=\"modulo-texto-link\" class=\"paragraph\">Torre Gl\u00f2ries celebra dos d\u00e9cadas como uno de los hitos arquitect\u00f3nicos m\u00e1s emblem\u00e1ticos de Barcelona. Con su ic\u00f3nica silueta, se ha consolidado como el gran motor de actividad econ\u00f3mica, innovaci\u00f3n empresarial y regeneraci\u00f3n urbana de la ciudad. Dise\u00f1ada por los arquitectos Jean Nouvel y Ferm\u00edn V\u00e1zquez, hoy forma parte esencial del skyline de la ciudad. Su emplazamiento \u2014en la confluencia de las avenidas Diagonal, Meridiana y Gran Via\u2014 la sit\u00faa en un punto estrat\u00e9gico dentro del nuevo urbanismo barcelon\u00e9s.\u00a0<\/p>\n<p data-gtm-element-container=\"modulo-texto-link\" class=\"paragraph\">El entorno de la Torre ha vivido una profunda transformaci\u00f3n en estos veinte a\u00f1os. La nueva Pla\u00e7a de les Gl\u00f2ries, concebida como uno de los grandes pulmones verdes de Barcelona, ha priorizado al peat\u00f3n y la movilidad sostenible, convirti\u00e9ndose en un espacio urbano de convivencia. Esta renovaci\u00f3n est\u00e1 generando una nueva centralidad urbana, donde las principales avenidas se convierten en ejes peatonales que conectan barrios, servicios, lugares de trabajo y espacios culturales.<\/p>\n<p>                <img loading=\"lazy\" decoding=\"async\" data-full-src=\"https:\/\/www.lavanguardia.com\/uploads\/2025\/11\/17\/691b35dfaadde.jpeg\" alt=\"Torre Gl\u00f2ries brinda un equilibrio perfecto entre calidad de vida, conectividad y oficinas de \u00faltima generaci\u00f3n\" width=\"449\" height=\"599\" src=\"https:\/\/www.europesays.com\/es\/wp-content\/uploads\/2025\/11\/691b35dfaadde.jpeg\" class=\"lazy\"\/><\/p>\n<p class=\"caption-title \">Torre Gl\u00f2ries brinda un equilibrio perfecto entre calidad de vida, conectividad y oficinas de \u00faltima generaci\u00f3n<\/p>\n<p>                    TORRE GL\u00d2RIES<\/p>\n<p>En datos<\/p>\n<p class=\"module-text\"><strong>144 metros: <\/strong>esa es la altura de la Torre Gl\u00f2ries, una figura ic\u00f3nica del skyline de Barcelona<br \/><strong>48.199m\u00b2: <\/strong>es la superficie total del edificio, que acoge las oficinas de m\u00e1s de 20 empresas nacionales e internacionales<\/p>\n<p data-gtm-element-container=\"modulo-texto-link\" class=\"paragraph\">La integraci\u00f3n de la Torre en este ecosistema urbano ha sido decisiva para revitalizar la zona, que aboga por el uso peatonal y saludable de las calles. Gracias tambi\u00e9n a su conectividad por metro, autob\u00fas y tranv\u00eda, el acceso a este icono arquitect\u00f3nico es \u00e1gil desde cualquier punto de la ciudad, dando la bienvenida al talento y a los ciudadanos, lleguen de donde lleguen, y sin priorizar el veh\u00edculo privado.\u00a0<\/p>\n<p data-gtm-element-container=\"modulo-texto-link\" class=\"paragraph\">Uno de sus espacios m\u00e1s representativos es el Mirador Torre Gl\u00f2ries, en la planta 30, que ofrece vistas panor\u00e1micas de 360\u00b0 sobre la ciudad. Adem\u00e1s de su valor tur\u00edstico, funciona como escenario para eventos, actividades\u00a0culturales y encuentros ciudadanos, reforzando todav\u00eda m\u00e1s el v\u00ednculo entre el edificio y su entorno social.\u00a0<\/p>\n<p>                <img loading=\"lazy\" decoding=\"async\" data-full-src=\"https:\/\/www.lavanguardia.com\/uploads\/2025\/11\/17\/691b36464eeb2.jpeg\" alt=\"Uno de sus espacios m\u00e1s representativos es el Mirador Torre Gl\u00f2ries, en la planta 30, que ofrece una vista panor\u00e1mica\" width=\"449\" height=\"299\" src=\"https:\/\/www.europesays.com\/es\/wp-content\/uploads\/2025\/11\/691b36464eeb2.jpeg\" class=\"lazy\"\/><\/p>\n<p class=\"caption-title \">Uno de sus espacios m\u00e1s representativos es el Mirador Torre Gl\u00f2ries, en la planta 30, que ofrece una vista panor\u00e1mica<\/p>\n<p>                    TORRE GL\u00d2RIES<\/p>\n<p data-gtm-element-container=\"modulo-texto-link\" class=\"paragraph\">En la actualidad, la Torre Gl\u00f2ries acoge a m\u00e1s de una veintena de empresas nacionales e internacionales de sectores tan diversos como tecnolog\u00eda, log\u00edstica, software o la educaci\u00f3n. Estas organizaciones han elegido este espacio no solo por su ubicaci\u00f3n, sino por el entorno innovador y el alto nivel de bienestar que ofrece. Sus oficinas de \u00faltima generaci\u00f3n est\u00e1n atrayendo el inter\u00e9s hacia la zona norte de la ciudad, en un mercado que muestra signos de recuperaci\u00f3n.\u00a0<\/p>\n<p data-gtm-element-container=\"modulo-texto-link\" class=\"paragraph\">Desde sus inicios, Torre Gl\u00f2ries ha sido pionera en adaptar sus espacios a las nuevas formas de trabajo. Por eso, ofrece oficinas flexibles, espacios comunes premium, un auditorio, salas de reuniones, zona wellness y restauraci\u00f3n. M\u00e1s all\u00e1 de sus criterios est\u00e9ticos, su dise\u00f1o se centra en el bienestar de las personas.<\/p>\n<p>                <img loading=\"lazy\" decoding=\"async\" data-full-src=\"https:\/\/www.lavanguardia.com\/uploads\/2025\/11\/17\/691b360a536bd.jpeg\" alt=\"El edificio es un gran centro neur\u00e1lgico del talento y la cultura, integrado en el gran espacio comunitario de la Pla\u00e7a de les Gl\u00f2ries\" width=\"449\" height=\"299\" src=\"https:\/\/www.europesays.com\/es\/wp-content\/uploads\/2025\/11\/691b360a536bd.jpeg\" class=\"lazy\"\/><\/p>\n<p class=\"caption-title \">El edificio es un gran centro neur\u00e1lgico del talento y la cultura, integrado en el gran espacio comunitario de la Pla\u00e7a de les Gl\u00f2ries<\/p>\n<p>                    TORRE GL\u00d2RIES<\/p>\n<p data-gtm-element-container=\"modulo-texto-link\" class=\"paragraph\">El edificio cuenta con certificaciones energ\u00e9ticas y de innovaci\u00f3n tecnol\u00f3gica que lo corroboran y, adem\u00e1s, impulsa pol\u00edticas de movilidad verde. Todo ello, ayuda a la hora de captar talento de nivel. Un talento que tiene la oportunidad de desarrollarse y crecer en un ecosistema de negocios \u00fanico en la ciudad. La Torre fomenta un entorno colaborativo que impulsa tanto la concentraci\u00f3n como la creatividad.\u00a0<\/p>\n<p data-gtm-element-container=\"modulo-texto-link\" class=\"paragraph\">La innovaci\u00f3n y la sostenibilidad se integran con un enfoque din\u00e1mico en un entorno incomparable. Este compromiso con la sostenibilidad es el eje transversal del edificio, que mira al futuro apostando por la eficiencia energ\u00e9tica, la digitalizaci\u00f3n y modelos de trabajo m\u00e1s humanos.<\/p>\n","protected":false},"excerpt":{"rendered":"Torre Gl\u00f2ries celebra dos d\u00e9cadas como uno de los hitos arquitect\u00f3nicos m\u00e1s emblem\u00e1ticos de Barcelona. Con su ic\u00f3nica&hellip;\n","protected":false},"author":2,"featured_media":252411,"comment_status":"","ping_status":"","sticky":false,"template":"","format":"standard","meta":{"footnotes":""},"categories":[173],"tags":[229,233,231,230,232,234,146,147,25,24,23],"class_list":{"0":"post-252410","1":"post","2":"type-post","3":"status-publish","4":"format-standard","5":"has-post-thumbnail","7":"category-arte-y-diseno","8":"tag-arte","9":"tag-arte-y-diseno","10":"tag-arts","11":"tag-arts-and-design","12":"tag-design","13":"tag-diseno","14":"tag-entertainment","15":"tag-entretenimiento","16":"tag-es","17":"tag-espana","18":"tag-spain"},"share_on_mastodon":{"url":"https:\/\/pubeurope.com\/@es\/115602311569100120","error":""},"_links":{"self":[{"href":"https:\/\/www.europesays.com\/es\/wp-json\/wp\/v2\/posts\/252410","targetHints":{"allow":["GET"]}}],"collection":[{"href":"https:\/\/www.europesays.com\/es\/wp-json\/wp\/v2\/posts"}],"about":[{"href":"https:\/\/www.europesays.com\/es\/wp-json\/wp\/v2\/types\/post"}],"author":[{"embeddable":true,"href":"https:\/\/www.europesays.com\/es\/wp-json\/wp\/v2\/users\/2"}],"replies":[{"embeddable":true,"href":"https:\/\/www.europesays.com\/es\/wp-json\/wp\/v2\/comments?post=252410"}],"version-history":[{"count":0,"href":"https:\/\/www.europesays.com\/es\/wp-json\/wp\/v2\/posts\/252410\/revisions"}],"wp:featuredmedia":[{"embeddable":true,"href":"https:\/\/www.europesays.com\/es\/wp-json\/wp\/v2\/media\/252411"}],"wp:attachment":[{"href":"https:\/\/www.europesays.com\/es\/wp-json\/wp\/v2\/media?parent=252410"}],"wp:term":[{"taxonomy":"category","embeddable":true,"href":"https:\/\/www.europesays.com\/es\/wp-json\/wp\/v2\/categories?post=252410"},{"taxonomy":"post_tag","embeddable":true,"href":"https:\/\/www.europesays.com\/es\/wp-json\/wp\/v2\/tags?post=252410"}],"curies":[{"name":"wp","href":"https:\/\/api.w.org\/{rel}","templated":true}]}}