{"id":252412,"date":"2025-11-24T02:28:18","date_gmt":"2025-11-24T02:28:18","guid":{"rendered":"https:\/\/www.europesays.com\/es\/252412\/"},"modified":"2025-11-24T02:28:18","modified_gmt":"2025-11-24T02:28:18","slug":"soy-seguidora-de-todas-las-telenovelas-espanolas-y-he-descubierto-esta-que-me-ha-enamorado","status":"publish","type":"post","link":"https:\/\/www.europesays.com\/es\/252412\/","title":{"rendered":"Soy seguidora de todas las telenovelas espa\u00f1olas y he descubierto esta que me ha enamorado"},"content":{"rendered":"<p data-journey-content=\"true\" data-node-id=\"3\" class=\"css-6wxqfj emevuu60\">Soy seguidora incansable de todas las telenovelas espa\u00f1olas, desde los cl\u00e1sicos que marcaron \u00e9poca hasta las producciones m\u00e1s recientes que han sabido reinventar el g\u00e9nero. Sin embargo, <strong data-node-id=\"3.1\">pocas veces me he encontrado con una historia que me atrape<\/strong> de manera tan intensa como &#8216;<a href=\"https:\/\/www.diezminutos.es\/telenovela\/espanolas\/a65473817\/la-encrucijada-telenovela-espanola-comparacion-suenos-de-libertad-la-promesa\/\" target=\"_blank\" data-vars-ga-outbound-link=\"https:\/\/www.diezminutos.es\/telenovela\/espanolas\/a65473817\/la-encrucijada-telenovela-espanola-comparacion-suenos-de-libertad-la-promesa\/\" data-vars-ga-ux-element=\"Hyperlink\" data-vars-ga-call-to-action=\"La Encrucijada\" data-node-id=\"3.3\" class=\"body-link css-177bzfx emevuu60\" rel=\"nofollow noopener\">La Encrucijada<\/a>&#8216;. Desde el primer cap\u00edtulo, esta serie se convirti\u00f3 en un viaje emocional imposible de abandonar, una trama que combina la fuerza de los grandes melodramas con la frescura de un relato contempor\u00e1neo.<\/p>\n<p data-journey-content=\"true\" data-node-id=\"6\" class=\"css-6wxqfj emevuu60\">&#8216;<a href=\"https:\/\/www.diezminutos.es\/telenovela\/espanolas\/a65526889\/antonio-velazquez-la-promesa-regreso-television-la-encrucijada-antena-3\/\" target=\"_blank\" data-vars-ga-outbound-link=\"https:\/\/www.diezminutos.es\/telenovela\/espanolas\/a65526889\/antonio-velazquez-la-promesa-regreso-television-la-encrucijada-antena-3\/\" data-vars-ga-ux-element=\"Hyperlink\" data-vars-ga-call-to-action=\"La Encrucijada\" data-node-id=\"6.1\" class=\"body-link css-177bzfx emevuu60\" rel=\"nofollow noopener\">La Encrucijada<\/a>&#8216; no solo ofrece giros inesperados y personajes llenos de matices, sino que tambi\u00e9n refleja con crudeza y belleza los dilemas humanos m\u00e1s universales: el amor que desaf\u00eda las normas, la ambici\u00f3n que rompe lazos familiares, la b\u00fasqueda de identidad en medio de secretos que parecen inquebrantables. <strong data-node-id=\"6.3\">Cada episodio es un espejo de pasiones y contradicciones,<\/strong> donde la tensi\u00f3n narrativa se sostiene con una elegancia que recuerda a las mejores telenovelas internacionales.<\/p>\n<p><img draggable=\"true\" alt=\"la encrucijada\" title=\"la encrucijada\" loading=\"lazy\" width=\"3840\" height=\"2160\" decoding=\"async\" data-nimg=\"1\" style=\"color:transparent;width:100%;height:auto;\"   src=\"https:\/\/www.europesays.com\/es\/wp-content\/uploads\/2025\/11\/antena-3-lxep44-02-691ef756b8850.jpg\" class=\"css-0 e1g79fud0\"\/><\/p>\n<p>Atresmedia<\/p>\n<p data-journey-content=\"true\" data-node-id=\"10\" class=\"css-6wxqfj emevuu60\">Descubrir esta serie ha sido como abrir una puerta a un mundo donde nada es lo que parece y cada decisi\u00f3n tiene consecuencias irreversibles, un universo de secretos y pasiones que atrapa desde el primer instante. Cada cap\u00edtulo intensifica la intriga y multiplica las emociones, convirtiendo el relato en un espejo de dilemas humanos que se sienten cercanos y universales. Por eso,<strong data-node-id=\"10.1\"> &#8216;La Encrucijada&#8217; se ha transformado en mi nueva obsesi\u00f3n televisiva,<\/strong> una historia que no puedo \u2014ni quiero\u2014 dejar de ver.<\/p>\n<p>\u00bfDe qu\u00e9 trata &#8216;La encrucijada&#8217;?<\/p>\n<p data-journey-content=\"true\" data-node-id=\"16\" class=\"css-6wxqfj emevuu60\">C\u00e9sar Bravo (<a href=\"https:\/\/www.diezminutos.es\/telenovela\/otras\/a65203844\/rodrigo-guirao-actor-argentino-la-encrucijada-comparacion-can-yaman-kerem-bursin-galan-telenovelas\/\" target=\"_blank\" data-vars-ga-outbound-link=\"https:\/\/www.diezminutos.es\/telenovela\/otras\/a65203844\/rodrigo-guirao-actor-argentino-la-encrucijada-comparacion-can-yaman-kerem-bursin-galan-telenovelas\/\" data-vars-ga-ux-element=\"Hyperlink\" data-vars-ga-call-to-action=\"Rodrigo Guirao\" data-node-id=\"16.1\" class=\"body-link css-177bzfx emevuu60\" rel=\"nofollow noopener\">Rodrigo Guirao<\/a>) vuelve de M\u00e9xico, casi treinta a\u00f1os despu\u00e9s, a la tierra donde naci\u00f3 cuando ya nadie se acuerda del apellido de su padre ni de las tr\u00e1gicas circunstancias que rodearon su muerte y la de sus abuelos. <strong data-node-id=\"16.3\">Aunque su aspecto de turista aventurero<\/strong><strong data-node-id=\"16.4\"> no lo delata, <\/strong>tiene muy claro a lo que viene.<\/p>\n<p data-journey-content=\"true\" data-node-id=\"18\" class=\"css-6wxqfj emevuu60\">No hallar\u00e1 paz hasta que no consiga hacer justicia y meter en la c\u00e1rcel a Octavio Oramas, el hombre que se apropi\u00f3 de la historia familiar de su padre y de todo lo que le pertenec\u00eda para crear su propio imperio. Con lo que no cuenta C\u00e9sar es que en su camino se cruzar\u00e1 Amanda Oramas (<a href=\"https:\/\/www.diezminutos.es\/telenovela\/espanolas\/a34926145\/natalia-acacias-38-actriz-astrid-janer\/\" target=\"_blank\" data-vars-ga-outbound-link=\"https:\/\/www.diezminutos.es\/telenovela\/espanolas\/a34926145\/natalia-acacias-38-actriz-astrid-janer\/\" data-vars-ga-ux-element=\"Hyperlink\" data-vars-ga-call-to-action=\"Astrid Janer\" data-node-id=\"18.1\" class=\"body-link css-177bzfx emevuu60\" rel=\"nofollow noopener\">Astrid Janer<\/a>), la ni\u00f1a de los ojos de su enemigo, de quien se enamorar\u00e1 perdidamente. Un cruce de caminos fortuito que marca un antes y un despu\u00e9s en la vida de dos familias rivales. <strong data-node-id=\"18.3\">\u00bfQu\u00e9 vencer\u00e1: el amor o la venganza?<\/strong><\/p>\n<p><img src=\"https:\/\/www.europesays.com\/es\/wp-content\/uploads\/2025\/11\/1763951298_676_43af9b8f-983e-4e74-8e74-9a7479b0966b_1681831601.file\" alt=\"Headshot of Pilar Mart\u00ednez\" title=\"Headshot of Pilar Mart\u00ednez\" width=\"100%\" height=\"100%\" decoding=\"async\" loading=\"lazy\" class=\"css-o0wq4v ev8dhu53\"\/><\/p>\n<p>Pilar Mart\u00ednez es periodista especializada en contenidos de televisi\u00f3n y cultura, se gradu\u00f3 en la carrera en Periodismo en la Facultad de Ciencias de la Informaci\u00f3n (Universidad Complutense de Madrid) en el a\u00f1o 2018. Desde entonces ha pasado por las redacciones de Ecoteuve (El Economista), donde realiz\u00f3 sus primeras pr\u00e1cticas durante el verano del 2016.<\/p>\n<p>Posteriormente, concretamente, en el a\u00f1o 2017 se pas\u00f3 al grupo Hearst Espa\u00f1a, donde comenz\u00f3 su andadura en las revistas de televisi\u00f3n: Supertele, Teleprograma, Telenovela. Ahora colabora con Diez Minutos, en su versi\u00f3n web, donde se encarga de realizar los avances semanales de las ficciones diarias de moda, as\u00ed como entrevistas y art\u00edculos sobre los melodramas o telenovelas que aterrizan en nuestro pa\u00eds y aquellos que est\u00e1n por venir.<\/p>\n<p>Toda una cazadora de exclusivas. A esto, se suma su puesto como redactora jefe de la secci\u00f3n de novela narrativa en la revista Culturamas, medio digital de alto impacto al que lleva unida desde el a\u00f1o 2013. \u00c1vida lectora, cin\u00e9fila y seri\u00e9fila de primer nivel, ha hecho de su vocaci\u00f3n su oficio. \u00a0<\/p>\n","protected":false},"excerpt":{"rendered":"Soy seguidora incansable de todas las telenovelas espa\u00f1olas, desde los cl\u00e1sicos que marcaron \u00e9poca hasta las producciones m\u00e1s&hellip;\n","protected":false},"author":2,"featured_media":252413,"comment_status":"","ping_status":"","sticky":false,"template":"","format":"standard","meta":{"footnotes":""},"categories":[171],"tags":[253,146,147,25,24,23,214],"class_list":{"0":"post-252412","1":"post","2":"type-post","3":"status-publish","4":"format-standard","5":"has-post-thumbnail","7":"category-tv","8":"tag-discover","9":"tag-entertainment","10":"tag-entretenimiento","11":"tag-es","12":"tag-espana","13":"tag-spain","14":"tag-tv"},"share_on_mastodon":{"url":"https:\/\/pubeurope.com\/@es\/115602319673539094","error":""},"_links":{"self":[{"href":"https:\/\/www.europesays.com\/es\/wp-json\/wp\/v2\/posts\/252412","targetHints":{"allow":["GET"]}}],"collection":[{"href":"https:\/\/www.europesays.com\/es\/wp-json\/wp\/v2\/posts"}],"about":[{"href":"https:\/\/www.europesays.com\/es\/wp-json\/wp\/v2\/types\/post"}],"author":[{"embeddable":true,"href":"https:\/\/www.europesays.com\/es\/wp-json\/wp\/v2\/users\/2"}],"replies":[{"embeddable":true,"href":"https:\/\/www.europesays.com\/es\/wp-json\/wp\/v2\/comments?post=252412"}],"version-history":[{"count":0,"href":"https:\/\/www.europesays.com\/es\/wp-json\/wp\/v2\/posts\/252412\/revisions"}],"wp:featuredmedia":[{"embeddable":true,"href":"https:\/\/www.europesays.com\/es\/wp-json\/wp\/v2\/media\/252413"}],"wp:attachment":[{"href":"https:\/\/www.europesays.com\/es\/wp-json\/wp\/v2\/media?parent=252412"}],"wp:term":[{"taxonomy":"category","embeddable":true,"href":"https:\/\/www.europesays.com\/es\/wp-json\/wp\/v2\/categories?post=252412"},{"taxonomy":"post_tag","embeddable":true,"href":"https:\/\/www.europesays.com\/es\/wp-json\/wp\/v2\/tags?post=252412"}],"curies":[{"name":"wp","href":"https:\/\/api.w.org\/{rel}","templated":true}]}}