{"id":252422,"date":"2025-11-24T02:35:16","date_gmt":"2025-11-24T02:35:16","guid":{"rendered":"https:\/\/www.europesays.com\/es\/252422\/"},"modified":"2025-11-24T02:35:16","modified_gmt":"2025-11-24T02:35:16","slug":"el-aviso-de-nino-becerra-sobre-los-que-cobran-entre-18-316-y-36-632-euros-ha-dejado-de-ser","status":"publish","type":"post","link":"https:\/\/www.europesays.com\/es\/252422\/","title":{"rendered":"El aviso de Ni\u00f1o Becerra sobre los que cobran entre 18.316 y 36.632 euros: \u00abHa dejado de ser&#8230;\u00bb"},"content":{"rendered":"<p data-start=\"434\" data-end=\"871\">La fragilidad econ\u00f3mica que <strong>atraviesan millones de familias en Espa\u00f1a<\/strong> no es coyuntural, sino estructural. As\u00ed lo sostiene el economista <a href=\"https:\/\/www.hoyaragon.es\/articulo\/noticias-economia-empresa\/santiago-nino-becerra-apunta-crear-nuevas-ciudades-arreglar-problema-vivienda\/20250907200841107869.html\" rel=\"nofollow noopener\" target=\"_blank\"><strong>Santiago Ni\u00f1o Becerra<\/strong><\/a>, quien ha vuelto a poner el foco en la situaci\u00f3n de la clase media tras compartir una reflexi\u00f3n en su perfil en la red social X. Su mensaje vuelve a abrir el debate <strong>sobre el deterioro de este estrato social, hist\u00f3ricamente considerado clave para el equilibrio econ\u00f3mico del pa\u00eds.<\/strong><\/p>\n<p>Estancamiento salarial y p\u00e9rdida de poder adquisitivo<\/p>\n<p data-start=\"932\" data-end=\"1432\">Los \u00faltimos datos del <a href=\"https:\/\/www.hoyaragon.es\/tags\/ine\/\" rel=\"nofollow noopener\" target=\"_blank\">Instituto Nacional de Estad\u00edstica (INE) <\/a>confirman el estancamiento que viven los trabajadores en Espa\u00f1a. El salario m\u00e1s habitual en el pa\u00eds apenas ha variado en la \u00faltima d\u00e9cada y se sit\u00faa en <strong data-start=\"1146\" data-end=\"1176\">15.575 euros brutos al a\u00f1o<\/strong>, una cifra muy cercana al Salario M\u00ednimo Interprofesional. Al mismo tiempo, <strong>la inflaci\u00f3n en bienes esenciales y el fuerte incremento del precio de la vivienda<\/strong> \u2014tanto en compra como en alquiler\u2014 contin\u00faan reduciendo el margen econ\u00f3mico del ciudadano medio.<\/p>\n<p data-start=\"1434\" data-end=\"1717\">La combinaci\u00f3n de estos factores ha provocado una clara percepci\u00f3n de inseguridad econ\u00f3mica y ha encendido las alarmas de distintos expertos. Entre ellos, Ni\u00f1o Becerra se ha mostrado especialmente cr\u00edtico con el papel que la clase media ocupa en las decisiones de pol\u00edtica econ\u00f3mica.<\/p>\n<p>\u201cNo recibe nada y lo paga todo\u201d<\/p>\n<p data-start=\"1756\" data-end=\"2098\">El economista reaccion\u00f3 a un art\u00edculo del Diari de Tarragona, difundido tambi\u00e9n por el Colegio de Economistas de Catalu\u00f1a, que sostiene que la clase media se encuentra en tierra de nadie: sin acceso a ayudas p\u00fablicas significativas, pero tampoco con capacidad para esquivar la presi\u00f3n fiscal como s\u00ed pueden hacerlo los patrimonios elevados.<\/p>\n<p data-start=\"2100\" data-end=\"2414\">Tal como recoge el texto, \u201ces una clase social sin acceso a ayudas ni reducciones; tampoco tiene libertad para mover capital como la clase alta\u201d, sostiene el profesor Carles M\u00e9ndez (UOC). De ah\u00ed la conclusi\u00f3n que Ni\u00f1o Becerra comparte y resume de forma contundente: <strong data-start=\"2366\" data-end=\"2414\">\u201cLa clase media ha dejado de ser necesaria.\u201d<\/strong><\/p>\n<p>\u00bfQui\u00e9n es \u201cclase media\u201d en Espa\u00f1a?<\/p>\n<p data-start=\"2456\" data-end=\"2679\">El economista recuerda que se considera clase media a quienes perciben entre el 75% y el 200% de la renta mediana del pa\u00eds. Traducido al nivel actual en Espa\u00f1a, significa ingresos anuales de entre <strong data-start=\"2653\" data-end=\"2678\">18.316 y 36.632 euros<\/strong>.<\/p>\n<p data-start=\"2681\" data-end=\"2982\">Para Ni\u00f1o Becerra, esa horquilla es \u201cpoco significativa\u201d, y lo argumenta con otra reflexi\u00f3n: <strong data-start=\"2774\" data-end=\"2852\">\u201cNo tienen el mismo poder adquisitivo 20.000 euros en Bilbao que en Ja\u00e9n.\u201d<\/strong> El economista denuncia que, pese a ello, el sistema fiscal y econ\u00f3mico no distingue realidades territoriales ni de coste de vida.<\/p>\n<p data-start=\"2681\" data-end=\"2982\">Las palabras de Ni\u00f1o Becerra no han pasado desapercibidas. Mientras algunos usuarios de redes sociales defienden que la clase media s\u00ed accede a determinados servicios p\u00fablicos y ayudas, otros apuntan a un problema estructural: un modelo fiscal y laboral que no corrige desigualdades y que penaliza a quienes no logran escapar hacia arriba, pero tampoco hacia abajo.<\/p>\n<p data-start=\"3393\" data-end=\"3740\">El debate sobre si la clase media sigue siendo el \u201cmotor\u201d de Espa\u00f1a \u2014como se defend\u00eda hace d\u00e9cadas\u2014 contin\u00faa abierto. Cada vez m\u00e1s expertos <strong>coinciden en que su peso econ\u00f3mico se debilita<\/strong>, y que la brecha entre quienes pueden sostener su nivel de vida y quienes quedan rezagados ser\u00e1 una de las claves econ\u00f3micas del pa\u00eds durante los pr\u00f3ximos a\u00f1os.<\/p>\n","protected":false},"excerpt":{"rendered":"La fragilidad econ\u00f3mica que atraviesan millones de familias en Espa\u00f1a no es coyuntural, sino estructural. As\u00ed lo sostiene&hellip;\n","protected":false},"author":2,"featured_media":252423,"comment_status":"","ping_status":"","sticky":false,"template":"","format":"standard","meta":{"footnotes":""},"categories":[80],"tags":[82,95,94,25,24,23],"class_list":{"0":"post-252422","1":"post","2":"type-post","3":"status-publish","4":"format-standard","5":"has-post-thumbnail","7":"category-economia","8":"tag-business","9":"tag-economia","10":"tag-economy","11":"tag-es","12":"tag-espana","13":"tag-spain"},"share_on_mastodon":{"url":"https:\/\/pubeurope.com\/@es\/115602346682520372","error":""},"_links":{"self":[{"href":"https:\/\/www.europesays.com\/es\/wp-json\/wp\/v2\/posts\/252422","targetHints":{"allow":["GET"]}}],"collection":[{"href":"https:\/\/www.europesays.com\/es\/wp-json\/wp\/v2\/posts"}],"about":[{"href":"https:\/\/www.europesays.com\/es\/wp-json\/wp\/v2\/types\/post"}],"author":[{"embeddable":true,"href":"https:\/\/www.europesays.com\/es\/wp-json\/wp\/v2\/users\/2"}],"replies":[{"embeddable":true,"href":"https:\/\/www.europesays.com\/es\/wp-json\/wp\/v2\/comments?post=252422"}],"version-history":[{"count":0,"href":"https:\/\/www.europesays.com\/es\/wp-json\/wp\/v2\/posts\/252422\/revisions"}],"wp:featuredmedia":[{"embeddable":true,"href":"https:\/\/www.europesays.com\/es\/wp-json\/wp\/v2\/media\/252423"}],"wp:attachment":[{"href":"https:\/\/www.europesays.com\/es\/wp-json\/wp\/v2\/media?parent=252422"}],"wp:term":[{"taxonomy":"category","embeddable":true,"href":"https:\/\/www.europesays.com\/es\/wp-json\/wp\/v2\/categories?post=252422"},{"taxonomy":"post_tag","embeddable":true,"href":"https:\/\/www.europesays.com\/es\/wp-json\/wp\/v2\/tags?post=252422"}],"curies":[{"name":"wp","href":"https:\/\/api.w.org\/{rel}","templated":true}]}}